{"id":735853,"date":"2024-07-09T09:47:11","date_gmt":"2024-07-09T05:47:11","guid":{"rendered":"https:\/\/arantv.az\/?p=735853"},"modified":"2024-07-09T09:47:11","modified_gmt":"2024-07-09T05:47:11","slug":"m%c9%99sgulluq-haqqinda-qanundaki-d%c9%99yisiklikl%c9%99r-n%c9%99d%c9%99n-ibar%c9%99tdir","status":"publish","type":"post","link":"https:\/\/arantv.az\/?p=735853","title":{"rendered":"&#8220;M\u0259\u015f\u011fulluq haqq\u0131nda&#8221; Qanundak\u0131 d\u0259yi\u015fiklikl\u0259r n\u0259d\u0259n ibar\u0259tdir?"},"content":{"rendered":"<p>Prezident \u0130lham \u018fliyevin imzalad\u0131\u011f\u0131 Qanunla \u201cM\u0259\u015f\u011fulluq haqq\u0131nda\u201d Qanuna bir s\u0131ra d\u0259yi\u015fiklikl\u0259r edilib.<\/p>\n<p><strong>ARANTV.AZ x\u0259b\u0259r verir ki,<\/strong>\u00a0\u00a0\u018fm\u0259k v\u0259 \u018fhalinin Sosial M\u00fcdafi\u0259si Nazirliyinin \u0130ctimaiyy\u0259tl\u0259 \u0259laq\u0259l\u0259r \u015f\u00f6b\u0259sind\u0259n\u00a0veril\u0259n m\u0259lumata g\u00f6r\u0259, d\u0259yi\u015fikliy\u0259 \u0259sas\u0259n kvota \u00f6hd\u0259likl\u0259rini yerin\u0259 yetir\u0259n i\u015f\u0259g\u00f6t\u00fcr\u0259nl\u0259r kvotadan \u0259lav\u0259 i\u015f yerl\u0259ri \u00fc\u00e7\u00fcn d\u0259 m\u00fcraci\u0259t ed\u0259 bl\u0259c\u0259kl\u0259r. Kvotadan \u0259lav\u0259 i\u015f yerl\u0259rinin say\u0131 i\u015f\u0259g\u00f6t\u00fcr\u0259n \u00fc\u00e7\u00fcn m\u00fc\u0259yy\u0259n edilmi\u015f kvota miqdar\u0131nad\u0259k, lakin 15-d\u0259n \u00e7ox ola bilm\u0259z.<\/p>\n<p>Kvotadan \u0259lav\u0259 i\u015f yerl\u0259rin\u0259 g\u00f6nd\u0259ri\u015f verilmi\u015f \u015f\u0259xsl\u0259rl\u0259 2 ild\u0259n az olmayan m\u00fcdd\u0259t\u0259 ba\u011flan\u0131lan \u0259m\u0259k m\u00fcqavil\u0259l\u0259ri \u00fczr\u0259 \u0259m\u0259khaqq\u0131 i\u015fsizlikd\u0259n s\u0131\u011forta v\u0259saiti hesab\u0131na maliyy\u0259l\u0259\u015fdiril\u0259c\u0259k.<\/p>\n<p>Bu i\u015f yerl\u0259ri \u00fczr\u0259 \u0259m\u0259khaqq\u0131n\u0131n i\u015fsizlikd\u0259n s\u0131\u011forta v\u0259saiti hesab\u0131na maliyy\u0259l\u0259\u015fdiril\u0259n hiss\u0259sinin m\u0259bl\u0259\u011fi sosial m\u00fcdafi\u0259y\u0259 x\u00fcsusi ehtiyac\u0131 olan v\u0259 i\u015f\u0259 d\u00fcz\u0259lm\u0259kd\u0259 \u00e7\u0259tinlik \u00e7\u0259k\u0259n \u015f\u0259xsl\u0259rin kateqoriyalar\u0131 \u00fczr\u0259 faiz d\u0259r\u0259c\u0259l\u0259ri t\u0259tbiq olunmaqla, \u0259vv\u0259lki il \u00fc\u00e7\u00fcn m\u00fc\u0259yy\u0259n olunmu\u015f \u00f6lk\u0259 \u00fczr\u0259 orta ayl\u0131q nominal \u0259m\u0259khaqq\u0131ndan \u00e7ox olmamaq \u015f\u0259rti il\u0259 i\u015f\u0259g\u00f6t\u00fcr\u0259nl\u0259 m\u00fcvafiq icra hakimiyy\u0259ti orqan\u0131n\u0131n m\u00fc\u0259yy\u0259n etdiyi orqan aras\u0131nda ba\u011flan\u0131lan m\u00fcqavil\u0259 \u0259sas\u0131nda m\u00fc\u0259yy\u0259n edil\u0259c\u0259k.<\/p>\n<p>Dig\u0259r d\u0259yi\u015fikliy\u0259 \u0259sas\u0259n m\u0259qs\u0259dli proqramlar\u0131n icras\u0131 m\u00fcsabiq\u0259 yolu il\u0259 se\u00e7il\u0259n i\u015f\u0259g\u00f6t\u00fcr\u0259nl\u0259rin i\u015ftirak\u0131 il\u0259 h\u0259yata ke\u00e7iril\u0259c\u0259k. M\u00fcsabiq\u0259d\u0259 son bir il \u0259rzind\u0259 f\u0259aliyy\u0259td\u0259 olan v\u0259 m\u00fcraci\u0259t tarixin\u0259 Az\u0259rbaycan Respublikas\u0131nda vergil\u0259r v\u0259 dig\u0259r icbari \u00f6d\u0259ni\u015fl\u0259r \u00fczr\u0259 vaxt\u0131 ke\u00e7mi\u015f \u00f6hd\u0259likl\u0259ri olmayan, son bir il \u0259rzind\u0259 i\u015f\u00e7il\u0259rin say\u0131n\u0131 azaltmayan v\u0259 ya i\u015f yerl\u0259rini ixtisar etm\u0259y\u0259n, m\u00fcvafiq m\u0259lumatlar\u0131 vakansiya bank\u0131na t\u0259qdim ed\u0259n i\u015f\u0259g\u00f6t\u00fcr\u0259nl\u0259r i\u015ftirak ed\u0259 bil\u0259c\u0259kl\u0259r.<\/p>\n<p>M\u00fcsabiq\u0259d\u0259 m\u0259qs\u0259dli proqramlar \u00fczr\u0259 \u0259m\u0259k bazar\u0131nda \u0259n \u00e7ox t\u0259l\u0259b olunan pe\u015f\u0259l\u0259r \u00fczr\u0259, sosial m\u00fcdafi\u0259y\u0259 x\u00fcsusi ehtiyac\u0131 olan v\u0259 i\u015f\u0259 d\u00fcz\u0259lm\u0259kd\u0259 \u00e7\u0259tinlik \u00e7\u0259k\u0259n \u015f\u0259xsl\u0259r \u00fc\u00e7\u00fcn m\u00fcnasib v\u0259 dayan\u0131ql\u0131 i\u015f yerl\u0259ri yaradan i\u015f\u0259g\u00f6t\u00fcr\u0259nl\u0259r\u0259 \u00fcst\u00fcnl\u00fck veril\u0259c\u0259k.<\/p>\n<p>Qalib olmu\u015f i\u015f\u0259g\u00f6t\u00fcr\u0259nl\u0259 m\u00fcvafiq m\u0259qs\u0259dli proqram\u0131n istiqam\u0259tl\u0259ri, t\u0259r\u0259fl\u0259rin h\u00fcquq v\u0259 v\u0259zif\u0259l\u0259ri, habel\u0259 m\u0259suliyy\u0259ti g\u00f6st\u0259rilm\u0259kl\u0259 3 (\u00fc\u00e7) illik m\u00fcdd\u0259t\u0259 m\u00fcqavil\u0259 ba\u011flan\u0131lacaq.<\/p>\n","protected":false},"excerpt":{"rendered":"<p>Prezident \u0130lham \u018fliyevin imzalad\u0131\u011f\u0131 Qanunla \u201cM\u0259\u015f\u011fulluq haqq\u0131nda\u201d Qanuna bir s\u0131ra d\u0259yi\u015fiklikl\u0259r edilib. ARANTV.AZ x\u0259b\u0259r verir ki,\u00a0\u00a0\u018fm\u0259k v\u0259 \u018fhalinin Sosial M\u00fcdafi\u0259si Nazirliyinin \u0130ctimaiyy\u0259tl\u0259 \u0259laq\u0259l\u0259r \u015f\u00f6b\u0259sind\u0259n\u00a0veril\u0259n m\u0259lumata g\u00f6r\u0259, d\u0259yi\u015fikliy\u0259 \u0259sas\u0259n kvota \u00f6hd\u0259likl\u0259rini yerin\u0259 yetir\u0259n i\u015f\u0259g\u00f6t\u00fcr\u0259nl\u0259r kvotadan \u0259lav\u0259 i\u015f yerl\u0259ri \u00fc\u00e7\u00fcn d\u0259 m\u00fcraci\u0259t ed\u0259 bl\u0259c\u0259kl\u0259r. Kvotadan \u0259lav\u0259 i\u015f yerl\u0259rinin say\u0131 i\u015f\u0259g\u00f6t\u00fcr\u0259n \u00fc\u00e7\u00fcn m\u00fc\u0259yy\u0259n edilmi\u015f kvota miqdar\u0131nad\u0259k, lakin 15-d\u0259n \u00e7ox ola bilm\u0259z. Kvotadan \u0259lav\u0259 i\u015f yerl\u0259rin\u0259 g\u00f6nd\u0259ri\u015f verilmi\u015f \u015f\u0259xsl\u0259rl\u0259 2 ild\u0259n az olmayan m\u00fcdd\u0259t\u0259 ba\u011flan\u0131lan \u0259m\u0259k m\u00fcqavil\u0259l\u0259ri \u00fczr\u0259 \u0259m\u0259khaqq\u0131 i\u015fsizlikd\u0259n s\u0131\u011forta v\u0259saiti hesab\u0131na maliyy\u0259l\u0259\u015fdiril\u0259c\u0259k. Bu i\u015f yerl\u0259ri \u00fczr\u0259 \u0259m\u0259khaqq\u0131n\u0131n i\u015fsizlikd\u0259n s\u0131\u011forta v\u0259saiti hesab\u0131na maliyy\u0259l\u0259\u015fdiril\u0259n&hellip;<\/p>\n","protected":false},"author":2,"featured_media":735854,"comment_status":"closed","ping_status":"closed","sticky":false,"template":"","format":"standard","meta":{"om_disable_all_campaigns":false,"_monsterinsights_skip_tracking":false,"_monsterinsights_sitenote_active":false,"_monsterinsights_sitenote_note":"","_monsterinsights_sitenote_category":0},"categories":[1],"tags":[],"aioseo_notices":[],"gutentor_comment":0,"rttpg_featured_image_url":{"full":["https:\/\/arantv.az\/wp-content\/uploads\/2024\/07\/e8a642ed172046766567951494711068009.jpg",975,540,false],"landscape":["https:\/\/arantv.az\/wp-content\/uploads\/2024\/07\/e8a642ed172046766567951494711068009.jpg",975,540,false],"portraits":["https:\/\/arantv.az\/wp-content\/uploads\/2024\/07\/e8a642ed172046766567951494711068009.jpg",975,540,false],"thumbnail":["https:\/\/arantv.az\/wp-content\/uploads\/2024\/07\/e8a642ed172046766567951494711068009-500x280.jpg",500,280,true],"medium":["https:\/\/arantv.az\/wp-content\/uploads\/2024\/07\/e8a642ed172046766567951494711068009-660x365.jpg",660,365,true],"large":["https:\/\/arantv.az\/wp-content\/uploads\/2024\/07\/e8a642ed172046766567951494711068009-840x465.jpg",640,354,true],"1536x1536":["https:\/\/arantv.az\/wp-content\/uploads\/2024\/07\/e8a642ed172046766567951494711068009.jpg",975,540,false],"2048x2048":["https:\/\/arantv.az\/wp-content\/uploads\/2024\/07\/e8a642ed172046766567951494711068009.jpg",975,540,false],"post-thumbnail":["https:\/\/arantv.az\/wp-content\/uploads\/2024\/07\/e8a642ed172046766567951494711068009-240x172.jpg",240,172,true],"advps-thumb-one":["https:\/\/arantv.az\/wp-content\/uploads\/2024\/07\/e8a642ed172046766567951494711068009.jpg",975,540,false]},"rttpg_author":{"display_name":"V\u00fcsal Rafiqo\u011flu","author_link":"https:\/\/arantv.az\/?author=2"},"rttpg_comment":0,"rttpg_category":"<a href=\"https:\/\/arantv.az\/?cat=1\" rel=\"category\">C\u0259miyy\u0259t<\/a>","rttpg_excerpt":"Prezident \u0130lham \u018fliyevin imzalad\u0131\u011f\u0131 Qanunla \u201cM\u0259\u015f\u011fulluq haqq\u0131nda\u201d Qanuna bir s\u0131ra d\u0259yi\u015fiklikl\u0259r edilib. ARANTV.AZ x\u0259b\u0259r verir ki,\u00a0\u00a0\u018fm\u0259k v\u0259 \u018fhalinin Sosial M\u00fcdafi\u0259si Nazirliyinin \u0130ctimaiyy\u0259tl\u0259 \u0259laq\u0259l\u0259r \u015f\u00f6b\u0259sind\u0259n\u00a0veril\u0259n m\u0259lumata g\u00f6r\u0259, d\u0259yi\u015fikliy\u0259 \u0259sas\u0259n kvota \u00f6hd\u0259likl\u0259rini yerin\u0259 yetir\u0259n i\u015f\u0259g\u00f6t\u00fcr\u0259nl\u0259r kvotadan \u0259lav\u0259 i\u015f yerl\u0259ri \u00fc\u00e7\u00fcn d\u0259 m\u00fcraci\u0259t ed\u0259 bl\u0259c\u0259kl\u0259r. Kvotadan \u0259lav\u0259 i\u015f yerl\u0259rinin say\u0131 i\u015f\u0259g\u00f6t\u00fcr\u0259n \u00fc\u00e7\u00fcn m\u00fc\u0259yy\u0259n edilmi\u015f kvota miqdar\u0131nad\u0259k, lakin 15-d\u0259n&hellip;","_links":{"self":[{"href":"https:\/\/arantv.az\/index.php?rest_route=\/wp\/v2\/posts\/735853"}],"collection":[{"href":"https:\/\/arantv.az\/index.php?rest_route=\/wp\/v2\/posts"}],"about":[{"href":"https:\/\/arantv.az\/index.php?rest_route=\/wp\/v2\/types\/post"}],"author":[{"embeddable":true,"href":"https:\/\/arantv.az\/index.php?rest_route=\/wp\/v2\/users\/2"}],"replies":[{"embeddable":true,"href":"https:\/\/arantv.az\/index.php?rest_route=%2Fwp%2Fv2%2Fcomments&post=735853"}],"version-history":[{"count":0,"href":"https:\/\/arantv.az\/index.php?rest_route=\/wp\/v2\/posts\/735853\/revisions"}],"wp:featuredmedia":[{"embeddable":true,"href":"https:\/\/arantv.az\/index.php?rest_route=\/wp\/v2\/media\/735854"}],"wp:attachment":[{"href":"https:\/\/arantv.az\/index.php?rest_route=%2Fwp%2Fv2%2Fmedia&parent=735853"}],"wp:term":[{"taxonomy":"category","embeddable":true,"href":"https:\/\/arantv.az\/index.php?rest_route=%2Fwp%2Fv2%2Fcategories&post=735853"},{"taxonomy":"post_tag","embeddable":true,"href":"https:\/\/arantv.az\/index.php?rest_route=%2Fwp%2Fv2%2Ftags&post=735853"}],"curies":[{"name":"wp","href":"https:\/\/api.w.org\/{rel}","templated":true}]}}