{"id":735857,"date":"2024-07-09T09:53:04","date_gmt":"2024-07-09T05:53:04","guid":{"rendered":"https:\/\/arantv.az\/?p=735857"},"modified":"2024-07-09T09:53:04","modified_gmt":"2024-07-09T05:53:04","slug":"az%c9%99rbaycan-respublikasinin-diplomatik-xidm%c9%99t-orqanlarinin-yaradilmasindan-105-il-otur","status":"publish","type":"post","link":"https:\/\/arantv.az\/?p=735857","title":{"rendered":"Az\u0259rbaycan Respublikas\u0131n\u0131n diplomatik xidm\u0259t orqanlar\u0131n\u0131n yarad\u0131lmas\u0131ndan 105 il \u00f6t\u00fcr"},"content":{"rendered":"<p>Bu g\u00fcn Az\u0259rbaycan Respublikas\u0131n\u0131n diplomatik xidm\u0259t orqanlar\u0131n\u0131n yarad\u0131lmas\u0131ndan 105 il \u00f6t\u00fcr.<\/p>\n<p><strong>ARANTV.AZ<\/strong> x\u0259b\u0259r verir ki, m\u00fcs\u0259lman \u015e\u0259rqind\u0259 ilk demokratik respublikan\u0131n yarad\u0131lmas\u0131nda v\u0259 m\u00fcasir d\u00f6vrd\u0259 m\u00fcst\u0259qil Az\u0259rbaycan d\u00f6vl\u0259tinin qurulmas\u0131 prosesind\u0259 milli diplomatiyan\u0131n rolunu n\u0259z\u0259r\u0259 alaraq v\u0259 1919-cu il iyulun 9-da Az\u0259rbaycan Xalq C\u00fcmhuriyy\u0259ti Xarici \u0130\u015fl\u0259r Nazirliyinin Katibliyin\u0259 dair m\u00fcv\u0259qq\u0259ti t\u0259limat\u0131n q\u0259bul olundu\u011funu \u0259sas tutaraq 2007-ci il avqustun 24-d\u0259 Prezident \u0130lham \u018fliyev h\u0259r il iyulun 9-nun Az\u0259rbaycan diplomatik xidm\u0259t orqanlar\u0131 \u0259m\u0259kda\u015flar\u0131n\u0131n pe\u015f\u0259 bayram\u0131 g\u00fcn\u00fc kimi qeyd edilm\u0259si haqq\u0131nda S\u0259r\u0259ncam imzalay\u0131b.<\/p>\n<p>Diplomatiya g\u00fcn\u00fcn\u00fcn m\u00fc\u0259yy\u0259nl\u0259\u015fm\u0259si il\u0259 ba\u011fl\u0131 bir ne\u00e7\u0259 t\u0259klif n\u0259z\u0259rd\u0259n ke\u00e7irilib. Amma n\u0259tic\u0259d\u0259 bel\u0259 q\u0259rar verilib ki, arxivl\u0259rd\u0259n Az\u0259rbaycan Xalq C\u00fcmhuriyy\u0259tinin Xarici \u0130\u015fl\u0259r Nazirliyin\u0259 aid tap\u0131lm\u0131\u015f ilk r\u0259smi s\u0259n\u0259d 1919-cu il 9 iyul tarixli Az\u0259rbaycan Xalq C\u00fcmhuriyy\u0259ti Xarici \u0130\u015fl\u0259r Nazirliyinin Katibliyin\u0259 dair m\u00fcv\u0259qq\u0259ti t\u0259limat oldu\u011fundan m\u0259hz bu tarix diplomatiya g\u00fcn\u00fcn\u00fcn \u0259sas\u0131n\u0131 t\u0259\u015fkil etsin.<\/p>\n<p>Az\u0259rbaycan diplomatiyas\u0131 ilk add\u0131mlar\u0131n\u0131 atd\u0131\u011f\u0131 d\u00f6vrd\u0259 &#8211; 1919-cu ild\u0259 Bak\u0131da 16 xarici d\u00f6vl\u0259tin, o c\u00fcml\u0259d\u0259n AB\u015e, B\u00f6y\u00fck Britaniya, Fransa, \u0130taliya, \u0130sve\u00e7, \u0130sve\u00e7r\u0259, Bel\u00e7ika, \u0130ran, Pol\u015fa v\u0259 Ukraynan\u0131n diplomatik n\u00fcmay\u0259nd\u0259likl\u0259ri f\u0259aliyy\u0259t g\u00f6st\u0259rib.<\/p>\n<p>1920-ci il yanvar\u0131n 11-d\u0259 Paris S\u00fclh Konfrans\u0131nda Az\u0259rbaycan Xalq C\u00fcmhuriyy\u0259tinin m\u00fcst\u0259qilliyi de-fakto tan\u0131nandan sonra Az\u0259rbaycan H\u00f6kum\u0259ti t\u0259r\u0259find\u0259n Q\u0259rbi Avropa v\u0259 Amerikada \u00f6lk\u0259nin diplomatik n\u00fcmay\u0259nd\u0259likl\u0259rinin t\u0259sis edilm\u0259si il\u0259 ba\u011fl\u0131 qanun layih\u0259si haz\u0131rlan\u0131b.<\/p>\n<p>1922-ci il dekabr\u0131n 30-da Moskvada Birinci \u00dcmumittifaq Sovetl\u0259r qurultay\u0131nda SSR\u0130-nin yarad\u0131lmas\u0131 haqq\u0131nda m\u00fcqavil\u0259 imzaland\u0131. Bununla da Az\u0259rbaycan\u0131n m\u00fcst\u0259qil xarici siyas\u0259t f\u0259aliyy\u0259ti tamamil\u0259 dayand\u0131r\u0131ld\u0131. 1923-c\u00fc il oktyabr\u0131n 8-d\u0259 Az\u0259rbaycan SSR Xalq Komissarlar\u0131 Sovetinin 529 sayl\u0131 \u0259mrinin birinci paraqraf\u0131 il\u0259 T\u00fcrkiy\u0259 v\u0259 \u0130ran istisna olmaqla, Az\u0259rbaycanda f\u0259aliyy\u0259t g\u00f6st\u0259r\u0259n b\u00fct\u00fcn diplomatik n\u00fcmay\u0259nd\u0259likl\u0259r l\u0259\u011fv edildi.<\/p>\n<p>\u0130kinci D\u00fcnya m\u00fcharib\u0259sinin sonlar\u0131na yax\u0131n &#8211; 1944-c\u00fc ild\u0259 sovet hakimiyy\u0259ti \u00f6z\u00fcn\u00fcn geni\u015f strateji maraqlar\u0131n\u0131 \u0259sas g\u00f6t\u00fcr\u0259r\u0259k dig\u0259r respublikalarla yana\u015f\u0131, Az\u0259rbaycan SSR Xalq Xarici \u0130\u015fl\u0259r Komissarl\u0131\u011f\u0131n\u0131 da yaratd\u0131. Lakin bu orqan uzun ill\u0259r boyu yaln\u0131z formal m\u00f6vcud oldu.<\/p>\n<p>1991-ci il oktyabr\u0131n 18-d\u0259 Az\u0259rbaycan m\u00fcst\u0259qilliyini b\u0259rpa etdikd\u0259n sonra bir-birinin ard\u0131nca d\u00fcnya d\u00f6vl\u0259tl\u0259ri v\u0259 BMT t\u0259r\u0259find\u0259n tan\u0131nd\u0131.<\/p>\n<p>\u00dcmummilli Lider Heyd\u0259r \u018fliyev 1993-c\u00fc ild\u0259 Az\u0259rbaycan xalq\u0131n\u0131n t\u0259kidi il\u0259 hakimiyy\u0259t\u0259 qay\u0131td\u0131qdan sonra milli d\u00f6vl\u0259t\u00e7iliyin qurulmas\u0131 prosesi Xarici \u0130\u015fl\u0259r Nazirliyi sistemini d\u0259 \u0259hat\u0259 edib. \u00dcmummilli Lider Az\u0259rbaycan\u0131n xarici siyas\u0259tinin strateji ana x\u0259ttinin konturlar\u0131n\u0131 c\u0131z\u0131b.<\/p>\n<p>Az\u0259rbaycan\u0131n m\u00fcst\u0259qilliyinin itirilm\u0259si v\u0259 Xalq C\u00fcmhuriyy\u0259tinin ac\u0131 aqib\u0259tinin yenid\u0259n ya\u015fan\u0131la bilin\u0259c\u0259yi bir \u015f\u0259raitd\u0259 \u00f6lk\u0259mizin yax\u0131n v\u0259 uzaq tarixi ke\u00e7mi\u015fi, \u00fczl\u0259\u015fdiyi geosiyasi reall\u0131\u011f\u0131 d\u0259rind\u0259n t\u0259hlil edil\u0259r\u0259k Ulu \u00d6nd\u0259r Heyd\u0259r \u018fliyev t\u0259r\u0259find\u0259n formala\u015fd\u0131r\u0131lan xarici siyas\u0259t strategiyas\u0131, ilk n\u00f6vb\u0259d\u0259, respublikam\u0131z\u0131n milli maraqlar\u0131n\u0131n ayd\u0131n v\u0259 d\u0259qiq \u015f\u0259kild\u0259 m\u00fc\u0259yy\u0259n edilm\u0259sini, b\u0259rab\u0259rh\u00fcquqlu, daxili i\u015fl\u0259r\u0259 qar\u0131\u015fmamaq v\u0259 qar\u015f\u0131l\u0131ql\u0131 faydal\u0131 \u0259m\u0259kda\u015fl\u0131q prinsipl\u0259ri \u0259sas\u0131nda qon\u015fu d\u00f6vl\u0259tl\u0259r v\u0259 d\u00fcnya birliyi il\u0259 mehriban m\u00fcnasib\u0259tl\u0259rin qurulmas\u0131n\u0131, Erm\u0259nistan\u0131n Az\u0259rbaycana qar\u015f\u0131 t\u0259cav\u00fcz\u00fcn\u00fcn m\u0259h\u0259lli s\u0259viyy\u0259d\u0259n \u00e7\u0131xar\u0131laraq beyn\u0259lmil\u0259ll\u0259\u015fdirilm\u0259sini, i\u015f\u011fal\u0131n n\u0259tic\u0259l\u0259rini aradan qald\u0131rmaq \u00fc\u00e7\u00fcn Erm\u0259nistana qar\u015f\u0131 beyn\u0259lxalq siyasi t\u0259zyiqin g\u00fccl\u0259ndirilm\u0259sini v\u0259 son h\u0259d\u0259f olaraq Az\u0259rbaycan\u0131n suverenliyi, \u0259razi b\u00fct\u00f6vl\u00fcy\u00fc v\u0259 s\u0259rh\u0259dl\u0259rinin toxunulmazl\u0131\u011f\u0131n\u0131n t\u0259min olunmas\u0131n\u0131 \u00f6z\u00fcnd\u0259 ehtiva edib.<\/p>\n<p>Ulu \u00d6nd\u0259r Heyd\u0259r \u018fliyevin xarici siyas\u0259t x\u0259tti bu g\u00fcn Az\u0259rbaycan Prezidenti \u0130lham \u018fliyev t\u0259r\u0259find\u0259n u\u011furla davam etdirilir. Az\u0259rbaycan Prezident \u0130lham \u018fliyevin r\u0259hb\u0259rliyi il\u0259 milli maraqlara v\u0259 m\u00f6vqel\u0259rimizin d\u00fcnya s\u0259viyy\u0259sind\u0259 m\u00fcdafi\u0259 edilm\u0259sin\u0259 \u0259saslanan m\u00fcst\u0259qil, \u00e7ox\u015fax\u0259li, balansl\u0131 v\u0259 f\u0259al xarici siyas\u0259t y\u00fcr\u00fcd\u00fcr. Haz\u0131rda Az\u0259rbaycan b\u00f6y\u00fck layih\u0259l\u0259rin t\u0259\u015f\u0259bb\u00fcskar\u0131 v\u0259 i\u015ftirak\u00e7\u0131s\u0131 qismind\u0259 regional \u0259m\u0259kda\u015fl\u0131\u011f\u0131 inki\u015faf etdir\u0259n v\u0259 beyn\u0259lxalq n\u00fcfuza malik bir d\u00f6vl\u0259tdir. Etibarl\u0131 t\u0259r\u0259fda\u015f kimi q\u0259bul edil\u0259n Az\u0259rbaycan\u0131n xarici siyas\u0259t u\u011furlar\u0131 qon\u015fu \u00f6lk\u0259l\u0259rl\u0259 v\u0259 d\u00fcnyan\u0131n dig\u0259r d\u00f6vl\u0259tl\u0259ri il\u0259 balansla\u015fd\u0131r\u0131lm\u0131\u015f m\u00fcnasib\u0259tl\u0259rin qurulmas\u0131, qar\u015f\u0131l\u0131ql\u0131 maraqlardan ir\u0259li g\u0259l\u0259n b\u0259rab\u0259r dialoq v\u0259 \u0259m\u0259kda\u015fl\u0131\u011f\u0131n h\u0259yata ke\u00e7irilm\u0259sin\u0259 \u0259saslan\u0131r. \u00d6lk\u0259mizin xarici siyas\u0259t sah\u0259sind\u0259 qazand\u0131\u011f\u0131 u\u011furlar 2020-ci ild\u0259 V\u0259t\u0259n m\u00fcharib\u0259si zaman\u0131 \u00f6z\u00fcn\u00fc g\u00f6st\u0259rdi. Bel\u0259 ki, m\u0259hz y\u00fcr\u00fcd\u00fcl\u0259n u\u011furlu v\u0259 m\u0259qs\u0259dy\u00f6nl\u00fc xarici siyas\u0259tin n\u0259tic\u0259si idi ki, \u0130kinci Qaraba\u011f m\u00fcharib\u0259si zaman\u0131 Az\u0259rbaycan\u0131n haql\u0131 m\u00fcbariz\u0259si beyn\u0259lxalq ictimaiyy\u0259t t\u0259r\u0259find\u0259n d\u0259st\u0259kl\u0259ndi.<\/p>\n<p>\u00d6lk\u0259mizin beyn\u0259lxalq v\u0259 regional probleml\u0259rin h\u0259llind\u0259 rolu v\u0259 n\u00fcfuzu getdikc\u0259 art\u0131r. 2012-2013-c\u00fc ill\u0259rd\u0259 BMT T\u0259hl\u00fck\u0259sizlik \u015euras\u0131na qeyri-daimi \u00fczvl\u00fcy\u00fcn\u00fcn ard\u0131nca \u00f6lk\u0259mizin 2017-2019-cu ill\u0259r \u00fc\u00e7\u00fcn 176 s\u0259s lehin\u0259 olmaqla BMT-nin \u0130qtisadi v\u0259 Sosial \u015euras\u0131na \u00fczv se\u00e7ilm\u0259si, 2019-cu ild\u0259n etibar\u0259n is\u0259 d\u00fcnyan\u0131n 120 \u00f6lk\u0259sini birl\u0259\u015fdir\u0259n Qo\u015fulmama H\u0259r\u0259kat\u0131na s\u0259drliyi \u00f6z \u00fcz\u0259rin\u0259 g\u00f6t\u00fcrm\u0259si \u00f6lk\u0259mizin xarici siyas\u0259tinin nailiyy\u0259tl\u0259rind\u0259ndir. B\u00fct\u00fcn bunlar\u0131n u\u011furlu davam\u0131 olaraq 2024-c\u00fc ilin noyabr\u0131nda BMT-nin \u0130qlim D\u0259yi\u015fm\u0259l\u0259ri \u00fczr\u0259 \u00c7\u0259r\u00e7iv\u0259 Konvensiyas\u0131n\u0131n T\u0259r\u0259fl\u0259r Konfrans\u0131n\u0131n 29-cu sessiyas\u0131na &#8211; COP29-a Az\u0259rbaycan\u0131n ev sahibliyi etm\u0259sini g\u00f6st\u0259rm\u0259k olar. Regionun lider d\u00f6vl\u0259ti olan Az\u0259rbaycan bu g\u00fcn d\u00fcnya miqyas\u0131nda da \u00f6z s\u00f6z\u00fcn\u00fc dey\u0259n \u00f6lk\u0259l\u0259rd\u0259n biridir.<\/p>\n<p>Bundan \u0259lav\u0259, Az\u0259rbaycan T\u00fcrk D\u00f6vl\u0259tl\u0259ri T\u0259\u015fkilat\u0131, MDB, Avropa \u0130ttifaq\u0131, NATO, \u015eanxay \u018fm\u0259kda\u015fl\u0131q T\u0259\u015fkilat\u0131, \u018fr\u0259b D\u00f6vl\u0259tl\u0259ri Liqas\u0131, Afrika \u0130ttifaq\u0131 v\u0259 dig\u0259r beyn\u0259lxalq qurumlarla s\u0131x m\u00fcnasib\u0259tl\u0259r\u0259 malikdir v\u0259 onlar\u0131n i\u015find\u0259 f\u0259al rol oynay\u0131r.<\/p>\n<p>\u018fld\u0259 edilmi\u015f n\u0259tic\u0259l\u0259r qar\u015f\u0131ya n\u00f6vb\u0259ti yeni v\u0259zif\u0259l\u0259r qoyur v\u0259 Az\u0259rbaycan\u0131n uzunm\u00fcdd\u0259tli maraqlar\u0131n\u0131n realla\u015fmas\u0131 bax\u0131m\u0131ndan geni\u015f imkanlar a\u00e7\u0131r. Az\u0259rbaycan\u0131n xarici siyas\u0259t prioritetl\u0259ri s\u0131ras\u0131na \u00f6lk\u0259mizin suverenliyinin v\u0259 m\u00fcst\u0259qilliyinin g\u00fccl\u0259ndirilm\u0259si, habel\u0259 b\u00fct\u00fcn beyn\u0259lxalq aktorlarla qar\u015f\u0131l\u0131ql\u0131 faydal\u0131 \u0259m\u0259kda\u015fl\u0131\u011f\u0131n daha da inki\u015faf etdirilm\u0259si v\u0259 dig\u0259r m\u0259s\u0259l\u0259l\u0259r daxildir. Son ill\u0259rd\u0259 regionda ba\u015f ver\u0259nl\u0259r onu g\u00f6st\u0259rir ki, q\u00fcdr\u0259tli Az\u0259rbaycan qar\u015f\u0131ya qoyulan m\u0259qs\u0259dl\u0259r\u0259 daim nail olur v\u0259 bu tendensiya bundan sonra da davam etdiril\u0259c\u0259kdir.<\/p>\n","protected":false},"excerpt":{"rendered":"<p>Bu g\u00fcn Az\u0259rbaycan Respublikas\u0131n\u0131n diplomatik xidm\u0259t orqanlar\u0131n\u0131n yarad\u0131lmas\u0131ndan 105 il \u00f6t\u00fcr. ARANTV.AZ x\u0259b\u0259r verir ki, m\u00fcs\u0259lman \u015e\u0259rqind\u0259 ilk demokratik respublikan\u0131n yarad\u0131lmas\u0131nda v\u0259 m\u00fcasir d\u00f6vrd\u0259 m\u00fcst\u0259qil Az\u0259rbaycan d\u00f6vl\u0259tinin qurulmas\u0131 prosesind\u0259 milli diplomatiyan\u0131n rolunu n\u0259z\u0259r\u0259 alaraq v\u0259 1919-cu il iyulun 9-da Az\u0259rbaycan Xalq C\u00fcmhuriyy\u0259ti Xarici \u0130\u015fl\u0259r Nazirliyinin Katibliyin\u0259 dair m\u00fcv\u0259qq\u0259ti t\u0259limat\u0131n q\u0259bul olundu\u011funu \u0259sas tutaraq 2007-ci il avqustun 24-d\u0259 Prezident \u0130lham \u018fliyev h\u0259r il iyulun 9-nun Az\u0259rbaycan diplomatik xidm\u0259t orqanlar\u0131 \u0259m\u0259kda\u015flar\u0131n\u0131n pe\u015f\u0259 bayram\u0131 g\u00fcn\u00fc kimi qeyd edilm\u0259si haqq\u0131nda S\u0259r\u0259ncam imzalay\u0131b. Diplomatiya g\u00fcn\u00fcn\u00fcn m\u00fc\u0259yy\u0259nl\u0259\u015fm\u0259si il\u0259 ba\u011fl\u0131 bir ne\u00e7\u0259 t\u0259klif n\u0259z\u0259rd\u0259n ke\u00e7irilib. Amma n\u0259tic\u0259d\u0259&hellip;<\/p>\n","protected":false},"author":2,"featured_media":735858,"comment_status":"closed","ping_status":"closed","sticky":false,"template":"","format":"standard","meta":{"om_disable_all_campaigns":false,"_monsterinsights_skip_tracking":false,"_monsterinsights_sitenote_active":false,"_monsterinsights_sitenote_note":"","_monsterinsights_sitenote_category":0},"categories":[4],"tags":[],"aioseo_notices":[],"gutentor_comment":0,"rttpg_featured_image_url":{"full":["https:\/\/arantv.az\/wp-content\/uploads\/2024\/07\/1720499925453945780_1200x630.jpg",924,630,false],"landscape":["https:\/\/arantv.az\/wp-content\/uploads\/2024\/07\/1720499925453945780_1200x630.jpg",924,630,false],"portraits":["https:\/\/arantv.az\/wp-content\/uploads\/2024\/07\/1720499925453945780_1200x630.jpg",924,630,false],"thumbnail":["https:\/\/arantv.az\/wp-content\/uploads\/2024\/07\/1720499925453945780_1200x630-500x280.jpg",500,280,true],"medium":["https:\/\/arantv.az\/wp-content\/uploads\/2024\/07\/1720499925453945780_1200x630-535x365.jpg",535,365,true],"large":["https:\/\/arantv.az\/wp-content\/uploads\/2024\/07\/1720499925453945780_1200x630-840x573.jpg",640,437,true],"1536x1536":["https:\/\/arantv.az\/wp-content\/uploads\/2024\/07\/1720499925453945780_1200x630.jpg",924,630,false],"2048x2048":["https:\/\/arantv.az\/wp-content\/uploads\/2024\/07\/1720499925453945780_1200x630.jpg",924,630,false],"post-thumbnail":["https:\/\/arantv.az\/wp-content\/uploads\/2024\/07\/1720499925453945780_1200x630-240x172.jpg",240,172,true],"advps-thumb-one":["https:\/\/arantv.az\/wp-content\/uploads\/2024\/07\/1720499925453945780_1200x630-924x620.jpg",924,620,true]},"rttpg_author":{"display_name":"V\u00fcsal Rafiqo\u011flu","author_link":"https:\/\/arantv.az\/?author=2"},"rttpg_comment":0,"rttpg_category":"<a href=\"https:\/\/arantv.az\/?cat=4\" rel=\"category\">Siyas\u0259t<\/a>","rttpg_excerpt":"Bu g\u00fcn Az\u0259rbaycan Respublikas\u0131n\u0131n diplomatik xidm\u0259t orqanlar\u0131n\u0131n yarad\u0131lmas\u0131ndan 105 il \u00f6t\u00fcr. ARANTV.AZ x\u0259b\u0259r verir ki, m\u00fcs\u0259lman \u015e\u0259rqind\u0259 ilk demokratik respublikan\u0131n yarad\u0131lmas\u0131nda v\u0259 m\u00fcasir d\u00f6vrd\u0259 m\u00fcst\u0259qil Az\u0259rbaycan d\u00f6vl\u0259tinin qurulmas\u0131 prosesind\u0259 milli diplomatiyan\u0131n rolunu n\u0259z\u0259r\u0259 alaraq v\u0259 1919-cu il iyulun 9-da Az\u0259rbaycan Xalq C\u00fcmhuriyy\u0259ti Xarici \u0130\u015fl\u0259r Nazirliyinin Katibliyin\u0259 dair m\u00fcv\u0259qq\u0259ti t\u0259limat\u0131n q\u0259bul olundu\u011funu \u0259sas tutaraq 2007-ci il&hellip;","_links":{"self":[{"href":"https:\/\/arantv.az\/index.php?rest_route=\/wp\/v2\/posts\/735857"}],"collection":[{"href":"https:\/\/arantv.az\/index.php?rest_route=\/wp\/v2\/posts"}],"about":[{"href":"https:\/\/arantv.az\/index.php?rest_route=\/wp\/v2\/types\/post"}],"author":[{"embeddable":true,"href":"https:\/\/arantv.az\/index.php?rest_route=\/wp\/v2\/users\/2"}],"replies":[{"embeddable":true,"href":"https:\/\/arantv.az\/index.php?rest_route=%2Fwp%2Fv2%2Fcomments&post=735857"}],"version-history":[{"count":0,"href":"https:\/\/arantv.az\/index.php?rest_route=\/wp\/v2\/posts\/735857\/revisions"}],"wp:featuredmedia":[{"embeddable":true,"href":"https:\/\/arantv.az\/index.php?rest_route=\/wp\/v2\/media\/735858"}],"wp:attachment":[{"href":"https:\/\/arantv.az\/index.php?rest_route=%2Fwp%2Fv2%2Fmedia&parent=735857"}],"wp:term":[{"taxonomy":"category","embeddable":true,"href":"https:\/\/arantv.az\/index.php?rest_route=%2Fwp%2Fv2%2Fcategories&post=735857"},{"taxonomy":"post_tag","embeddable":true,"href":"https:\/\/arantv.az\/index.php?rest_route=%2Fwp%2Fv2%2Ftags&post=735857"}],"curies":[{"name":"wp","href":"https:\/\/api.w.org\/{rel}","templated":true}]}}