{"id":735860,"date":"2024-07-09T09:53:59","date_gmt":"2024-07-09T05:53:59","guid":{"rendered":"https:\/\/arantv.az\/?p=735860"},"modified":"2024-07-09T09:53:59","modified_gmt":"2024-07-09T05:53:59","slug":"qarabag-mahnisini-erm%c9%99ni-ifacinin-m%c9%99nims%c9%99m%c9%99si-il%c9%99-bagli-arayis-hazirlanir","status":"publish","type":"post","link":"https:\/\/arantv.az\/?p=735860","title":{"rendered":"\u201cQaraba\u011f\u201d mahn\u0131s\u0131n\u0131 erm\u0259ni ifa\u00e7\u0131n\u0131n m\u0259nims\u0259m\u0259si il\u0259 ba\u011fl\u0131 aray\u0131\u015f haz\u0131rlan\u0131r"},"content":{"rendered":"<p><strong>Az\u0259rbaycan b\u0259st\u0259kar\u0131 B\u0259hram N\u0259sirovun &#8220;Qaraba\u011f&#8221; (\u201cAnad\u0131r arzulara h\u0259r zaman Qaraba\u011f\u201d) adl\u0131 musiqi \u0259s\u0259rinin erm\u0259ni ifa\u00e7\u0131 Gor Yepremyan t\u0259r\u0259find\u0259n \u201cSirun jan\u201d ad\u0131 alt\u0131nda m\u0259nims\u0259nil\u0259r\u0259k ifa edilm\u0259si v\u0259 &#8220;Youtube&#8221;da yay\u0131lmas\u0131 ara\u015fd\u0131r\u0131l\u0131b.<\/strong><\/p>\n<p>Bu bar\u0259d\u0259 &#8220;Report&#8221;un sor\u011fusuna cavab olaraq \u018fqli M\u00fclkiyy\u0259t Agentliyind\u0259n m\u0259lumat verilib.<\/p>\n<p>Bildirilib ki, Agentliyin ekspertl\u0259ri xalq artistl\u0259ri, b\u0259st\u0259karlar Faiq S\u00fcc\u0259ddinov v\u0259 Eldar Mansurov n\u00f6vb\u0259ti erm\u0259ni o\u011furlu\u011funa d\u0259rhal reaksiya veribl\u0259r:<\/p>\n<p>&#8220;Onlar\u0131n t\u0259hlilin\u0259 \u0259sas\u0259n m\u00fc\u0259yy\u0259n edilib ki, B.N\u0259sibovun \u201cQaraba\u011f\u201d \u0259s\u0259ri mu\u011fam\u0131n \u00e7ahargah lad\u0131nda yaz\u0131l\u0131b v\u0259 erm\u0259ni ifa\u00e7\u0131n\u0131n s\u0259sl\u0259ndirdiyi \u201cSirun jan\u201d adl\u0131 mahn\u0131 B.N\u0259sibovun \u201cQaraba\u011f\u201d \u0259s\u0259ri il\u0259 tam \u00fcst \u00fcst\u0259 d\u00fc\u015f\u00fcr. Erm\u0259nil\u0259r is\u0259 mahn\u0131n\u0131 \u00f6zg\u0259ninkil\u0259\u015fdirm\u0259y\u0259 \u00e7al\u0131\u015f\u0131rlar. Ekspertl\u0259r bir daha t\u0259sdiq edirl\u0259r ki, B.N\u0259sibovun \u201cQaraba\u011f\u201d \u0259s\u0259rinin ad\u0131 erm\u0259nil\u0259r t\u0259r\u0259find\u0259n \u201cSirun jan\u201d ad\u0131 il\u0259 d\u0259yi\u015fdiril\u0259r\u0259k t\u0259hrif edilib. Bildiririk ki, \u201cQaraba\u011f\u201d \u0259s\u0259ri B\u0259hram N\u0259sibovun m\u0259tn v\u0259 musiqi m\u00fc\u0259llifi oldu\u011fu v\u0259 ilk d\u0259f\u0259 Arif Babayev t\u0259r\u0259find\u0259n 1972-ci ild\u0259 ifa edilmi\u015f mahn\u0131d\u0131r. \u201cQaraba\u011f\u201d adl\u0131 mahn\u0131 Az\u0259rbaycan b\u0259st\u0259kar\u0131 B\u0259hram N\u0259sibovun \u0259n m\u0259\u015fhur mahn\u0131lar\u0131ndan biridir. Musiqisi v\u0259 s\u00f6zl\u0259ri B\u0259hram N\u0259sibova aid olan \u201cQaraba\u011f\u201d mahn\u0131s\u0131 1972-ci ilin 2 iyun tarixind\u0259 \u018fqli M\u00fclkiyy\u0259t Agentliyind\u0259 (Agentlik h\u0259min vaxt \u00dcmumittifaq M\u00fc\u0259llif H\u00fcquqlar\u0131 Agentliyinin Az\u0259rbaycan Respublikas\u0131 \u015e\u00f6b\u0259si adlan\u0131rd\u0131) qeydiyyata (u\u00e7ota) al\u0131nm\u0131\u015fd\u0131r v\u0259 Az\u0259rbaycan musiqisi kimi tan\u0131n\u0131r&#8221;.<\/p>\n<p>Qeyd olunub ki, bununla yana\u015f\u0131, B\u0259hram N\u0259sibovun v\u0259r\u0259s\u0259l\u0259ri b\u0259st\u0259kar\u0131n bir \u00e7ox mahn\u0131lar\u0131n\u0131, o c\u00fcml\u0259d\u0259n \u201cQaraba\u011f\u201d mahn\u0131s\u0131n\u0131 2004-c\u00fc il 21 iyul tarixind\u0259 \u018fqli M\u00fclkiyy\u0259t Agentliyind\u0259 (Agentlik h\u0259min vaxt M\u00fc\u0259llif H\u00fcquqlar\u0131 Agentliyi adlan\u0131rd\u0131) qeydiyyatdan ke\u00e7irmi\u015f v\u0259 onlara \u0259s\u0259rin qeydiyyat\u0131 haqq\u0131nda 662 n\u00f6mr\u0259li \u015f\u0259had\u0259tnam\u0259 verilib:<\/p>\n<p>&#8220;&#8221;Qaraba\u011f\u201d adl\u0131 mahn\u0131 2009-ci ild\u0259 TRT-nin t\u0259\u015f\u0259bb\u00fcs\u00fc il\u0259 &#8220;T\u00fcrk D\u00fcnyas\u0131nda Sava\u015flar\u0131n M\u00fczikteki \u0130zleri&#8221; adl\u0131 alboma daxil edilmi\u015fdir. Albomdak\u0131 mahn\u0131n\u0131 Ali Haydar G\u00fcl ifa edib. B\u00fct\u00fcn arxiv s\u0259n\u0259dl\u0259ri \u201cQaraba\u011f\u201d mahn\u0131s\u0131n\u0131n Az\u0259rbaycan m\u00fc\u0259lliflin\u0259 m\u0259xsus oldu\u011funu g\u00f6st\u0259rir. Ayg\u00fcn B\u0259yl\u0259r ,Ayg\u00fcn Kaz\u0131mova, K\u00f6n\u00fcl Xas\u0131yeva, Brilliant Dada\u015fova , M\u0259nsum \u0130brahimov v\u0259 s. m\u0259\u015fhur ifa\u00e7\u0131lar teleziya v\u0259 radiolarda, xarici \u00f6lk\u0259l\u0259rd\u0259 qastrol s\u0259f\u0259rl\u0259rind\u0259 olark\u0259n bu mahn\u0131n\u0131 d\u0259f\u0259l\u0259rl\u0259 ifa edib&#8221;.<\/p>\n<p>M\u0259lumatda qeyd edilib ki, erm\u0259ni \u0259silli ifa\u00e7\u0131 Gor Yepremyan is\u0259 Az\u0259rbaycan b\u0259st\u0259kar\u0131 B\u0259hram N\u0259sibovun \u201cQaraba\u011f\u201d mahn\u0131s\u0131n\u0131 m\u0259nims\u0259y\u0259r\u0259k onun s\u00f6zl\u0259rini d\u0259yi\u015fib v\u0259 \u201cSirun jan\u201d ad\u0131 il\u0259 oxuyub:<\/p>\n<p>&#8220;Youtube kanal\u0131nda yerl\u0259\u015fdirilmi\u015f \u201cSirun jan\u201d adl\u0131 musiqi \u0259s\u0259ri haqq\u0131nda veril\u0259n m\u0259lumatda B\u0259hram N\u0259sibovun ad\u0131 g\u00f6st\u0259rilm\u0259m\u0259kl\u0259 m\u00fc\u0259llifin \u015f\u0259xsi h\u00fcquqlar\u0131, Youtube kanal\u0131nda kommersiya m\u0259qs\u0259dil\u0259 yerl\u0259\u015fdirilm\u0259si n\u00f6qteyi n\u0259z\u0259rd\u0259n is\u0259 B\u0259hram N\u0259sibovun \u0259mlak h\u00fcquqlar\u0131 pozulub. Bu hal eyni zamanda milli qanunvericiliyin m\u00fcdd\u0259alar\u0131 il\u0259 yana\u015f\u0131, h\u0259m d\u0259 Az\u0259rbaycan v\u0259 Erm\u0259nistan\u0131n \u00fczv\u00fc oldu\u011fu \u00dcmumd\u00fcnya \u018fqli M\u00fclkiyy\u0259t T\u0259\u015fkilat\u0131n\u0131 (\u00dc\u018fMT) t\u0259sis ed\u0259n Konvensiyan\u0131n 3-c\u00fc madd\u0259sinin t\u0259l\u0259binin pozulmas\u0131d\u0131r. Bel\u0259 ki, bu T\u0259\u015fkilat\u0131n m\u0259qs\u0259di \u201cd\u00f6vl\u0259tl\u0259rl\u0259 v\u0259 ist\u0259nil\u0259n dig\u0259r t\u0259\u015fkilatla \u0259m\u0259kda\u015fl\u0131q yolu il\u0259 b\u00fct\u00fcn d\u00fcnyada \u0259qli m\u00fclkiyy\u0259tin qorunmas\u0131na yard\u0131m etm\u0259kd\u0259n ibar\u0259tdir\u201d. H\u0259m\u00e7inin Az\u0259rbaycan v\u0259 Erm\u0259nistan\u0131n i\u015ftirak\u00e7\u0131s\u0131 olduqlar\u0131 \u201c\u018fd\u0259bi v\u0259 b\u0259dii \u0259s\u0259rl\u0259rin qorunmas\u0131 haqq\u0131nda\u201d Bern konvensiyas\u0131n\u0131n, \u00dc\u018fMT-nin M\u00fc\u0259lliflik H\u00fcququna dair M\u00fcqavil\u0259sinin v\u0259 \u0130falar v\u0259 Fonoqramlara dair M\u00fcqavil\u0259sinin m\u00fcdd\u0259alar\u0131n\u0131n pozulmas\u0131d\u0131r. Qeyd edil\u0259n fakt uzun ill\u0259rd\u0259n b\u0259ri davam ed\u0259n erm\u0259ni \u0259d\u0259bi v\u0259 musiqi o\u011furlu\u011funun n\u00f6vb\u0259ti bir n\u00fcmun\u0259sidir&#8221;.<\/p>\n<p>&#8220;\u018fqli M\u00fclkiyy\u0259t Agentliyi t\u0259r\u0259find\u0259n m\u00fct\u0259madi olaraq Az\u0259rbaycan xalq\u0131na m\u0259xsus olan m\u00fc\u0259llif \u0259s\u0259rl\u0259rinin, folklor n\u00fcmun\u0259l\u0259rinin v\u0259 dig\u0259r qeyri-maddi m\u0259d\u0259ni irs n\u00fcmun\u0259l\u0259rinin uzun ill\u0259rd\u0259n b\u0259ri erm\u0259nil\u0259r t\u0259r\u0259find\u0259n zaman-zaman o\u011furlanmas\u0131, m\u0259nims\u0259nilm\u0259si v\u0259 erm\u0259ni n\u00fcmun\u0259l\u0259ri kimi t\u0259qdim olunmas\u0131 hallar\u0131na qar\u015f\u0131 m\u00fcbariz\u0259 apar\u0131l\u0131r, h\u0259r bir fakt \u00fczr\u0259 ara\u015fd\u0131rmalar apar\u0131laraq tarixi \u0259saslara s\u00f6yk\u0259n\u0259n v\u0259 h\u0259min \u0259s\u0259rl\u0259rin Az\u0259rbaycan xalq\u0131na m\u0259xsus olmas\u0131n\u0131 dan\u0131lmaz faktlarla s\u00fcbut ed\u0259n aray\u0131\u015flar haz\u0131rlan\u0131r, k\u00fctl\u0259vi informasiya vasit\u0259l\u0259rind\u0259 yay\u0131l\u0131r&#8221;, &#8211; dey\u0259 m\u0259lumatd qeyd edilib.<\/p>\n","protected":false},"excerpt":{"rendered":"<p>Az\u0259rbaycan b\u0259st\u0259kar\u0131 B\u0259hram N\u0259sirovun &#8220;Qaraba\u011f&#8221; (\u201cAnad\u0131r arzulara h\u0259r zaman Qaraba\u011f\u201d) adl\u0131 musiqi \u0259s\u0259rinin erm\u0259ni ifa\u00e7\u0131 Gor Yepremyan t\u0259r\u0259find\u0259n \u201cSirun jan\u201d ad\u0131 alt\u0131nda m\u0259nims\u0259nil\u0259r\u0259k ifa edilm\u0259si v\u0259 &#8220;Youtube&#8221;da yay\u0131lmas\u0131 ara\u015fd\u0131r\u0131l\u0131b. Bu bar\u0259d\u0259 &#8220;Report&#8221;un sor\u011fusuna cavab olaraq \u018fqli M\u00fclkiyy\u0259t Agentliyind\u0259n m\u0259lumat verilib. Bildirilib ki, Agentliyin ekspertl\u0259ri xalq artistl\u0259ri, b\u0259st\u0259karlar Faiq S\u00fcc\u0259ddinov v\u0259 Eldar Mansurov n\u00f6vb\u0259ti erm\u0259ni o\u011furlu\u011funa d\u0259rhal reaksiya veribl\u0259r: &#8220;Onlar\u0131n t\u0259hlilin\u0259 \u0259sas\u0259n m\u00fc\u0259yy\u0259n edilib ki, B.N\u0259sibovun \u201cQaraba\u011f\u201d \u0259s\u0259ri mu\u011fam\u0131n \u00e7ahargah lad\u0131nda yaz\u0131l\u0131b v\u0259 erm\u0259ni ifa\u00e7\u0131n\u0131n s\u0259sl\u0259ndirdiyi \u201cSirun jan\u201d adl\u0131 mahn\u0131 B.N\u0259sibovun \u201cQaraba\u011f\u201d \u0259s\u0259ri il\u0259 tam \u00fcst \u00fcst\u0259 d\u00fc\u015f\u00fcr. Erm\u0259nil\u0259r is\u0259 mahn\u0131n\u0131&hellip;<\/p>\n","protected":false},"author":2,"featured_media":735861,"comment_status":"closed","ping_status":"closed","sticky":false,"template":"","format":"standard","meta":{"om_disable_all_campaigns":false,"_monsterinsights_skip_tracking":false,"_monsterinsights_sitenote_active":false,"_monsterinsights_sitenote_note":"","_monsterinsights_sitenote_category":0},"categories":[1],"tags":[],"aioseo_notices":[],"gutentor_comment":0,"rttpg_featured_image_url":{"full":["https:\/\/arantv.az\/wp-content\/uploads\/2024\/07\/445d499d1d2570f3faf8c8d354b86295.jpg",850,500,false],"landscape":["https:\/\/arantv.az\/wp-content\/uploads\/2024\/07\/445d499d1d2570f3faf8c8d354b86295.jpg",850,500,false],"portraits":["https:\/\/arantv.az\/wp-content\/uploads\/2024\/07\/445d499d1d2570f3faf8c8d354b86295.jpg",850,500,false],"thumbnail":["https:\/\/arantv.az\/wp-content\/uploads\/2024\/07\/445d499d1d2570f3faf8c8d354b86295-500x280.jpg",500,280,true],"medium":["https:\/\/arantv.az\/wp-content\/uploads\/2024\/07\/445d499d1d2570f3faf8c8d354b86295-621x365.jpg",621,365,true],"large":["https:\/\/arantv.az\/wp-content\/uploads\/2024\/07\/445d499d1d2570f3faf8c8d354b86295-840x494.jpg",640,376,true],"1536x1536":["https:\/\/arantv.az\/wp-content\/uploads\/2024\/07\/445d499d1d2570f3faf8c8d354b86295.jpg",850,500,false],"2048x2048":["https:\/\/arantv.az\/wp-content\/uploads\/2024\/07\/445d499d1d2570f3faf8c8d354b86295.jpg",850,500,false],"post-thumbnail":["https:\/\/arantv.az\/wp-content\/uploads\/2024\/07\/445d499d1d2570f3faf8c8d354b86295-240x172.jpg",240,172,true],"advps-thumb-one":["https:\/\/arantv.az\/wp-content\/uploads\/2024\/07\/445d499d1d2570f3faf8c8d354b86295.jpg",850,500,false]},"rttpg_author":{"display_name":"V\u00fcsal Rafiqo\u011flu","author_link":"https:\/\/arantv.az\/?author=2"},"rttpg_comment":0,"rttpg_category":"<a href=\"https:\/\/arantv.az\/?cat=1\" rel=\"category\">C\u0259miyy\u0259t<\/a>","rttpg_excerpt":"Az\u0259rbaycan b\u0259st\u0259kar\u0131 B\u0259hram N\u0259sirovun &#8220;Qaraba\u011f&#8221; (\u201cAnad\u0131r arzulara h\u0259r zaman Qaraba\u011f\u201d) adl\u0131 musiqi \u0259s\u0259rinin erm\u0259ni ifa\u00e7\u0131 Gor Yepremyan t\u0259r\u0259find\u0259n \u201cSirun jan\u201d ad\u0131 alt\u0131nda m\u0259nims\u0259nil\u0259r\u0259k ifa edilm\u0259si v\u0259 &#8220;Youtube&#8221;da yay\u0131lmas\u0131 ara\u015fd\u0131r\u0131l\u0131b. Bu bar\u0259d\u0259 &#8220;Report&#8221;un sor\u011fusuna cavab olaraq \u018fqli M\u00fclkiyy\u0259t Agentliyind\u0259n m\u0259lumat verilib. Bildirilib ki, Agentliyin ekspertl\u0259ri xalq artistl\u0259ri, b\u0259st\u0259karlar Faiq S\u00fcc\u0259ddinov v\u0259 Eldar Mansurov n\u00f6vb\u0259ti erm\u0259ni o\u011furlu\u011funa&hellip;","_links":{"self":[{"href":"https:\/\/arantv.az\/index.php?rest_route=\/wp\/v2\/posts\/735860"}],"collection":[{"href":"https:\/\/arantv.az\/index.php?rest_route=\/wp\/v2\/posts"}],"about":[{"href":"https:\/\/arantv.az\/index.php?rest_route=\/wp\/v2\/types\/post"}],"author":[{"embeddable":true,"href":"https:\/\/arantv.az\/index.php?rest_route=\/wp\/v2\/users\/2"}],"replies":[{"embeddable":true,"href":"https:\/\/arantv.az\/index.php?rest_route=%2Fwp%2Fv2%2Fcomments&post=735860"}],"version-history":[{"count":0,"href":"https:\/\/arantv.az\/index.php?rest_route=\/wp\/v2\/posts\/735860\/revisions"}],"wp:featuredmedia":[{"embeddable":true,"href":"https:\/\/arantv.az\/index.php?rest_route=\/wp\/v2\/media\/735861"}],"wp:attachment":[{"href":"https:\/\/arantv.az\/index.php?rest_route=%2Fwp%2Fv2%2Fmedia&parent=735860"}],"wp:term":[{"taxonomy":"category","embeddable":true,"href":"https:\/\/arantv.az\/index.php?rest_route=%2Fwp%2Fv2%2Fcategories&post=735860"},{"taxonomy":"post_tag","embeddable":true,"href":"https:\/\/arantv.az\/index.php?rest_route=%2Fwp%2Fv2%2Ftags&post=735860"}],"curies":[{"name":"wp","href":"https:\/\/api.w.org\/{rel}","templated":true}]}}