{"id":735869,"date":"2024-07-09T10:37:41","date_gmt":"2024-07-09T06:37:41","guid":{"rendered":"https:\/\/arantv.az\/?p=735869"},"modified":"2024-07-09T10:37:41","modified_gmt":"2024-07-09T06:37:41","slug":"adil-%c9%99liyev-kollektiv%c9%99-t%c9%99qdim-edilib","status":"publish","type":"post","link":"https:\/\/arantv.az\/?p=735869","title":{"rendered":"Adil \u018fliyev kollektiv\u0259 t\u0259qdim edilib"},"content":{"rendered":"<p><strong>Az\u0259rbaycan Prezidentinin S\u0259r\u0259ncam\u0131 il\u0259 Suraxan\u0131 Rayon \u0130cra Hakimiyy\u0259tinin ba\u015f\u00e7\u0131s\u0131 t\u0259yin olunan Adil Ab\u0131\u015f o\u011flu \u018fliyev bu g\u00fcn Prezidentin k\u00f6m\u0259k\u00e7isi \u2013 \u018frazi-t\u0259\u015fkilat m\u0259s\u0259l\u0259l\u0259ri \u015f\u00f6b\u0259sinin m\u00fcdiri Zeynal Na\u011fd\u0259liyev t\u0259r\u0259find\u0259n rayon ictimaiyy\u0259tinin n\u00fcmay\u0259nd\u0259l\u0259rinin i\u015ftirak\u0131 il\u0259 kollektiv\u0259 t\u0259qdim olunub.<\/strong><\/p>\n<p>T\u0259qdimatda Zeynal Na\u011fd\u0259liyev \u00e7\u0131x\u0131\u015f edib v\u0259 \u00f6lk\u0259 ba\u015f\u00e7\u0131s\u0131n\u0131n tap\u015f\u0131r\u0131q v\u0259 t\u00f6vsiy\u0259l\u0259rini \u00e7atd\u0131r\u0131b. A.\u018fliyev ona g\u00f6st\u0259ril\u0259n etimada g\u00f6r\u0259 minn\u0259tdarl\u0131q edib.<\/p>\n","protected":false},"excerpt":{"rendered":"<p>Az\u0259rbaycan Prezidentinin S\u0259r\u0259ncam\u0131 il\u0259 Suraxan\u0131 Rayon \u0130cra Hakimiyy\u0259tinin ba\u015f\u00e7\u0131s\u0131 t\u0259yin olunan Adil Ab\u0131\u015f o\u011flu \u018fliyev bu g\u00fcn Prezidentin k\u00f6m\u0259k\u00e7isi \u2013 \u018frazi-t\u0259\u015fkilat m\u0259s\u0259l\u0259l\u0259ri \u015f\u00f6b\u0259sinin m\u00fcdiri Zeynal Na\u011fd\u0259liyev t\u0259r\u0259find\u0259n rayon ictimaiyy\u0259tinin n\u00fcmay\u0259nd\u0259l\u0259rinin i\u015ftirak\u0131 il\u0259 kollektiv\u0259 t\u0259qdim olunub. T\u0259qdimatda Zeynal Na\u011fd\u0259liyev \u00e7\u0131x\u0131\u015f edib v\u0259 \u00f6lk\u0259 ba\u015f\u00e7\u0131s\u0131n\u0131n tap\u015f\u0131r\u0131q v\u0259 t\u00f6vsiy\u0259l\u0259rini \u00e7atd\u0131r\u0131b. A.\u018fliyev ona g\u00f6st\u0259ril\u0259n etimada g\u00f6r\u0259 minn\u0259tdarl\u0131q edib.<\/p>\n","protected":false},"author":2,"featured_media":735870,"comment_status":"closed","ping_status":"closed","sticky":false,"template":"","format":"standard","meta":{"om_disable_all_campaigns":false,"_monsterinsights_skip_tracking":false,"_monsterinsights_sitenote_active":false,"_monsterinsights_sitenote_note":"","_monsterinsights_sitenote_category":0},"categories":[1],"tags":[],"aioseo_notices":[],"gutentor_comment":0,"rttpg_featured_image_url":{"full":["https:\/\/arantv.az\/wp-content\/uploads\/2024\/07\/e76118af1f1ed19add366f1d68f09fec.jpg",850,500,false],"landscape":["https:\/\/arantv.az\/wp-content\/uploads\/2024\/07\/e76118af1f1ed19add366f1d68f09fec.jpg",850,500,false],"portraits":["https:\/\/arantv.az\/wp-content\/uploads\/2024\/07\/e76118af1f1ed19add366f1d68f09fec.jpg",850,500,false],"thumbnail":["https:\/\/arantv.az\/wp-content\/uploads\/2024\/07\/e76118af1f1ed19add366f1d68f09fec-500x280.jpg",500,280,true],"medium":["https:\/\/arantv.az\/wp-content\/uploads\/2024\/07\/e76118af1f1ed19add366f1d68f09fec-621x365.jpg",621,365,true],"large":["https:\/\/arantv.az\/wp-content\/uploads\/2024\/07\/e76118af1f1ed19add366f1d68f09fec-840x494.jpg",640,376,true],"1536x1536":["https:\/\/arantv.az\/wp-content\/uploads\/2024\/07\/e76118af1f1ed19add366f1d68f09fec.jpg",850,500,false],"2048x2048":["https:\/\/arantv.az\/wp-content\/uploads\/2024\/07\/e76118af1f1ed19add366f1d68f09fec.jpg",850,500,false],"post-thumbnail":["https:\/\/arantv.az\/wp-content\/uploads\/2024\/07\/e76118af1f1ed19add366f1d68f09fec-240x172.jpg",240,172,true],"advps-thumb-one":["https:\/\/arantv.az\/wp-content\/uploads\/2024\/07\/e76118af1f1ed19add366f1d68f09fec.jpg",850,500,false]},"rttpg_author":{"display_name":"V\u00fcsal Rafiqo\u011flu","author_link":"https:\/\/arantv.az\/?author=2"},"rttpg_comment":0,"rttpg_category":"<a href=\"https:\/\/arantv.az\/?cat=1\" rel=\"category\">C\u0259miyy\u0259t<\/a>","rttpg_excerpt":"Az\u0259rbaycan Prezidentinin S\u0259r\u0259ncam\u0131 il\u0259 Suraxan\u0131 Rayon \u0130cra Hakimiyy\u0259tinin ba\u015f\u00e7\u0131s\u0131 t\u0259yin olunan Adil Ab\u0131\u015f o\u011flu \u018fliyev bu g\u00fcn Prezidentin k\u00f6m\u0259k\u00e7isi \u2013 \u018frazi-t\u0259\u015fkilat m\u0259s\u0259l\u0259l\u0259ri \u015f\u00f6b\u0259sinin m\u00fcdiri Zeynal Na\u011fd\u0259liyev t\u0259r\u0259find\u0259n rayon ictimaiyy\u0259tinin n\u00fcmay\u0259nd\u0259l\u0259rinin i\u015ftirak\u0131 il\u0259 kollektiv\u0259 t\u0259qdim olunub. T\u0259qdimatda Zeynal Na\u011fd\u0259liyev \u00e7\u0131x\u0131\u015f edib v\u0259 \u00f6lk\u0259 ba\u015f\u00e7\u0131s\u0131n\u0131n tap\u015f\u0131r\u0131q v\u0259 t\u00f6vsiy\u0259l\u0259rini \u00e7atd\u0131r\u0131b. A.\u018fliyev ona g\u00f6st\u0259ril\u0259n etimada g\u00f6r\u0259 minn\u0259tdarl\u0131q edib.","_links":{"self":[{"href":"https:\/\/arantv.az\/index.php?rest_route=\/wp\/v2\/posts\/735869"}],"collection":[{"href":"https:\/\/arantv.az\/index.php?rest_route=\/wp\/v2\/posts"}],"about":[{"href":"https:\/\/arantv.az\/index.php?rest_route=\/wp\/v2\/types\/post"}],"author":[{"embeddable":true,"href":"https:\/\/arantv.az\/index.php?rest_route=\/wp\/v2\/users\/2"}],"replies":[{"embeddable":true,"href":"https:\/\/arantv.az\/index.php?rest_route=%2Fwp%2Fv2%2Fcomments&post=735869"}],"version-history":[{"count":0,"href":"https:\/\/arantv.az\/index.php?rest_route=\/wp\/v2\/posts\/735869\/revisions"}],"wp:featuredmedia":[{"embeddable":true,"href":"https:\/\/arantv.az\/index.php?rest_route=\/wp\/v2\/media\/735870"}],"wp:attachment":[{"href":"https:\/\/arantv.az\/index.php?rest_route=%2Fwp%2Fv2%2Fmedia&parent=735869"}],"wp:term":[{"taxonomy":"category","embeddable":true,"href":"https:\/\/arantv.az\/index.php?rest_route=%2Fwp%2Fv2%2Fcategories&post=735869"},{"taxonomy":"post_tag","embeddable":true,"href":"https:\/\/arantv.az\/index.php?rest_route=%2Fwp%2Fv2%2Ftags&post=735869"}],"curies":[{"name":"wp","href":"https:\/\/api.w.org\/{rel}","templated":true}]}}