{"id":735872,"date":"2024-07-09T10:38:54","date_gmt":"2024-07-09T06:38:54","guid":{"rendered":"https:\/\/arantv.az\/?p=735872"},"modified":"2024-07-09T10:38:54","modified_gmt":"2024-07-09T06:38:54","slug":"cop29-da-istirak-ucun-t%c9%99r%c9%99fl%c9%99r%c9%99-veril%c9%99c%c9%99k-viza-od%c9%99nissiz-olacaq","status":"publish","type":"post","link":"https:\/\/arantv.az\/?p=735872","title":{"rendered":"COP29-da i\u015ftirak \u00fc\u00e7\u00fcn t\u0259r\u0259fl\u0259r\u0259 veril\u0259c\u0259k viza \u00f6d\u0259ni\u015fsiz olacaq"},"content":{"rendered":"<p><strong>Az\u0259rbaycan BMT-nin \u0130qlim D\u0259yi\u015fm\u0259l\u0259ri \u00fczr\u0259 \u00c7\u0259r\u00e7iv\u0259 Konvensiyas\u0131n\u0131n T\u0259r\u0259fl\u0259r Konfrans\u0131n\u0131n 29-cu sessiyas\u0131nda (COP29) i\u015ftirak \u00fc\u00e7\u00fcn qeydiyyatdan ke\u00e7mi\u015f b\u00fct\u00fcn t\u0259r\u0259fl\u0259r\u0259 \u00f6d\u0259ni\u015fsiz elektron \u201cCOP29 x\u00fcsusi viza\u201d xidm\u0259tl\u0259ri t\u0259qdim ed\u0259c\u0259k.<\/strong><\/p>\n<p>Az\u0259rbaycana xarici \u00f6lk\u0259l\u0259rd\u0259n s\u0259f\u0259r ed\u0259n b\u00fct\u00fcn COP29 i\u015ftirak\u00e7\u0131lar\u0131 \u00fc\u00e7\u00fcn (pasportun hans\u0131 \u00f6lk\u0259 t\u0259r\u0259find\u0259n verilm\u0259sind\u0259n as\u0131l\u0131 olmayaraq) viza t\u0259l\u0259b olunur. COP29 x\u00fcsusi vizas\u0131 bird\u0259f\u0259lik giri\u015f vizas\u0131 olacaq. \u018fg\u0259r i\u015ftirak\u00e7\u0131 Az\u0259rbaycan\u0131 t\u0259rk etm\u0259k v\u0259 COP29-un ke\u00e7irildiyi m\u00fcdd\u0259td\u0259 yenid\u0259n Az\u0259rbaycana geri qay\u0131tmaq ist\u0259s\u0259, o zaman Birl\u0259\u015fmi\u015f Mill\u0259tl\u0259r T\u0259\u015fkilat\u0131n\u0131n \u0130qlim D\u0259yi\u015fm\u0259l\u0259ri \u00fczr\u0259 \u00c7\u0259r\u00e7iv\u0259 Konvensiyas\u0131n\u0131n (UNFCCC) qeydiyyat n\u00f6mr\u0259sind\u0259n istifad\u0259 ed\u0259r\u0259k v\u0259 daha \u0259vv\u0259l ke\u00e7diyi prosesi t\u0259krarlayaraq, COP29 x\u00fcsusi vizas\u0131 \u00fc\u00e7\u00fcn yenid\u0259n m\u00fcraci\u0259t etm\u0259li olacaq.<\/p>\n<p>COP29 v\u0259 sessiya \u00f6nc\u0259si g\u00f6r\u00fc\u015fl\u0259r \u00fc\u00e7\u00fcn Az\u0259rbaycan \u0259razisin\u0259 s\u0259f\u0259r ed\u0259n b\u00fct\u00fcn xarici i\u015ftirak\u00e7\u0131lar\u0131n pasportlar\u0131n\u0131n etibarl\u0131l\u0131q m\u00fcdd\u0259ti Az\u0259rbaycana daxil olduqlar\u0131 tarixd\u0259n \u0259n az\u0131 alt\u0131 ay sonrak\u0131 m\u00fcdd\u0259t \u00fc\u00e7\u00fcn etibarl\u0131 olmal\u0131d\u0131r. Bundan \u0259lav\u0259, i\u015ftirak\u00e7\u0131lar\u0131n qeydiyyat\u0131 UNFCCC-nin onlayn qeydiyyat sistemi vasit\u0259sil\u0259 t\u0259sdiql\u0259ndikd\u0259n sonra onlara UNFCCC qeydiyyat\u0131n\u0131 t\u0259sdiql\u0259y\u0259n e-po\u00e7t vasit\u0259sil\u0259 viza \u00fc\u00e7\u00fcn m\u00fcraci\u0259t linki g\u00f6nd\u0259ril\u0259c\u0259k. COP29 x\u00fcsusi vizas\u0131nda vizan\u0131n verilm\u0259 tarixi qeyd edil\u0259c\u0259k v\u0259 bu viza cari ilin noyabr\u0131n 30-d\u0259k etibarl\u0131 olacaq. Viza sahibl\u0259ri Az\u0259rbaycana bu tarixd\u0259n \u0259vv\u0259l daxil olmal\u0131d\u0131rlar.<\/p>\n<p>Xat\u0131rladaq ki, Az\u0259rbaycan qeydiyyatdan ke\u00e7\u0259n i\u015ftirak\u00e7\u0131lar\u0131n \u00f6lk\u0259y\u0259 rahat giri\u015fini t\u0259min etm\u0259k m\u0259qs\u0259dil\u0259 COP29 viza m\u00fcraci\u0259t sistemini yax\u0131n zamanda t\u0259qdim ed\u0259c\u0259k.\/\/report.az<\/p>\n","protected":false},"excerpt":{"rendered":"<p>Az\u0259rbaycan BMT-nin \u0130qlim D\u0259yi\u015fm\u0259l\u0259ri \u00fczr\u0259 \u00c7\u0259r\u00e7iv\u0259 Konvensiyas\u0131n\u0131n T\u0259r\u0259fl\u0259r Konfrans\u0131n\u0131n 29-cu sessiyas\u0131nda (COP29) i\u015ftirak \u00fc\u00e7\u00fcn qeydiyyatdan ke\u00e7mi\u015f b\u00fct\u00fcn t\u0259r\u0259fl\u0259r\u0259 \u00f6d\u0259ni\u015fsiz elektron \u201cCOP29 x\u00fcsusi viza\u201d xidm\u0259tl\u0259ri t\u0259qdim ed\u0259c\u0259k. Az\u0259rbaycana xarici \u00f6lk\u0259l\u0259rd\u0259n s\u0259f\u0259r ed\u0259n b\u00fct\u00fcn COP29 i\u015ftirak\u00e7\u0131lar\u0131 \u00fc\u00e7\u00fcn (pasportun hans\u0131 \u00f6lk\u0259 t\u0259r\u0259find\u0259n verilm\u0259sind\u0259n as\u0131l\u0131 olmayaraq) viza t\u0259l\u0259b olunur. COP29 x\u00fcsusi vizas\u0131 bird\u0259f\u0259lik giri\u015f vizas\u0131 olacaq. \u018fg\u0259r i\u015ftirak\u00e7\u0131 Az\u0259rbaycan\u0131 t\u0259rk etm\u0259k v\u0259 COP29-un ke\u00e7irildiyi m\u00fcdd\u0259td\u0259 yenid\u0259n Az\u0259rbaycana geri qay\u0131tmaq ist\u0259s\u0259, o zaman Birl\u0259\u015fmi\u015f Mill\u0259tl\u0259r T\u0259\u015fkilat\u0131n\u0131n \u0130qlim D\u0259yi\u015fm\u0259l\u0259ri \u00fczr\u0259 \u00c7\u0259r\u00e7iv\u0259 Konvensiyas\u0131n\u0131n (UNFCCC) qeydiyyat n\u00f6mr\u0259sind\u0259n istifad\u0259 ed\u0259r\u0259k v\u0259 daha \u0259vv\u0259l ke\u00e7diyi prosesi t\u0259krarlayaraq, COP29 x\u00fcsusi vizas\u0131&hellip;<\/p>\n","protected":false},"author":2,"featured_media":735873,"comment_status":"closed","ping_status":"closed","sticky":false,"template":"","format":"standard","meta":{"om_disable_all_campaigns":false,"_monsterinsights_skip_tracking":false,"_monsterinsights_sitenote_active":false,"_monsterinsights_sitenote_note":"","_monsterinsights_sitenote_category":0},"categories":[19],"tags":[],"aioseo_notices":[],"gutentor_comment":0,"rttpg_featured_image_url":{"full":["https:\/\/arantv.az\/wp-content\/uploads\/2024\/07\/8b5b28e2bf9ab01f4174111764858471.jpg",850,500,false],"landscape":["https:\/\/arantv.az\/wp-content\/uploads\/2024\/07\/8b5b28e2bf9ab01f4174111764858471.jpg",850,500,false],"portraits":["https:\/\/arantv.az\/wp-content\/uploads\/2024\/07\/8b5b28e2bf9ab01f4174111764858471.jpg",850,500,false],"thumbnail":["https:\/\/arantv.az\/wp-content\/uploads\/2024\/07\/8b5b28e2bf9ab01f4174111764858471-500x280.jpg",500,280,true],"medium":["https:\/\/arantv.az\/wp-content\/uploads\/2024\/07\/8b5b28e2bf9ab01f4174111764858471-621x365.jpg",621,365,true],"large":["https:\/\/arantv.az\/wp-content\/uploads\/2024\/07\/8b5b28e2bf9ab01f4174111764858471-840x494.jpg",640,376,true],"1536x1536":["https:\/\/arantv.az\/wp-content\/uploads\/2024\/07\/8b5b28e2bf9ab01f4174111764858471.jpg",850,500,false],"2048x2048":["https:\/\/arantv.az\/wp-content\/uploads\/2024\/07\/8b5b28e2bf9ab01f4174111764858471.jpg",850,500,false],"post-thumbnail":["https:\/\/arantv.az\/wp-content\/uploads\/2024\/07\/8b5b28e2bf9ab01f4174111764858471-240x172.jpg",240,172,true],"advps-thumb-one":["https:\/\/arantv.az\/wp-content\/uploads\/2024\/07\/8b5b28e2bf9ab01f4174111764858471.jpg",850,500,false]},"rttpg_author":{"display_name":"V\u00fcsal Rafiqo\u011flu","author_link":"https:\/\/arantv.az\/?author=2"},"rttpg_comment":0,"rttpg_category":"<a href=\"https:\/\/arantv.az\/?cat=19\" rel=\"category\">G\u00fcnd\u0259m<\/a>","rttpg_excerpt":"Az\u0259rbaycan BMT-nin \u0130qlim D\u0259yi\u015fm\u0259l\u0259ri \u00fczr\u0259 \u00c7\u0259r\u00e7iv\u0259 Konvensiyas\u0131n\u0131n T\u0259r\u0259fl\u0259r Konfrans\u0131n\u0131n 29-cu sessiyas\u0131nda (COP29) i\u015ftirak \u00fc\u00e7\u00fcn qeydiyyatdan ke\u00e7mi\u015f b\u00fct\u00fcn t\u0259r\u0259fl\u0259r\u0259 \u00f6d\u0259ni\u015fsiz elektron \u201cCOP29 x\u00fcsusi viza\u201d xidm\u0259tl\u0259ri t\u0259qdim ed\u0259c\u0259k. Az\u0259rbaycana xarici \u00f6lk\u0259l\u0259rd\u0259n s\u0259f\u0259r ed\u0259n b\u00fct\u00fcn COP29 i\u015ftirak\u00e7\u0131lar\u0131 \u00fc\u00e7\u00fcn (pasportun hans\u0131 \u00f6lk\u0259 t\u0259r\u0259find\u0259n verilm\u0259sind\u0259n as\u0131l\u0131 olmayaraq) viza t\u0259l\u0259b olunur. COP29 x\u00fcsusi vizas\u0131 bird\u0259f\u0259lik giri\u015f vizas\u0131 olacaq. \u018fg\u0259r i\u015ftirak\u00e7\u0131 Az\u0259rbaycan\u0131&hellip;","_links":{"self":[{"href":"https:\/\/arantv.az\/index.php?rest_route=\/wp\/v2\/posts\/735872"}],"collection":[{"href":"https:\/\/arantv.az\/index.php?rest_route=\/wp\/v2\/posts"}],"about":[{"href":"https:\/\/arantv.az\/index.php?rest_route=\/wp\/v2\/types\/post"}],"author":[{"embeddable":true,"href":"https:\/\/arantv.az\/index.php?rest_route=\/wp\/v2\/users\/2"}],"replies":[{"embeddable":true,"href":"https:\/\/arantv.az\/index.php?rest_route=%2Fwp%2Fv2%2Fcomments&post=735872"}],"version-history":[{"count":0,"href":"https:\/\/arantv.az\/index.php?rest_route=\/wp\/v2\/posts\/735872\/revisions"}],"wp:featuredmedia":[{"embeddable":true,"href":"https:\/\/arantv.az\/index.php?rest_route=\/wp\/v2\/media\/735873"}],"wp:attachment":[{"href":"https:\/\/arantv.az\/index.php?rest_route=%2Fwp%2Fv2%2Fmedia&parent=735872"}],"wp:term":[{"taxonomy":"category","embeddable":true,"href":"https:\/\/arantv.az\/index.php?rest_route=%2Fwp%2Fv2%2Fcategories&post=735872"},{"taxonomy":"post_tag","embeddable":true,"href":"https:\/\/arantv.az\/index.php?rest_route=%2Fwp%2Fv2%2Ftags&post=735872"}],"curies":[{"name":"wp","href":"https:\/\/api.w.org\/{rel}","templated":true}]}}