{"id":735875,"date":"2024-07-09T10:39:36","date_gmt":"2024-07-09T06:39:36","guid":{"rendered":"https:\/\/arantv.az\/?p=735875"},"modified":"2024-07-09T10:39:36","modified_gmt":"2024-07-09T06:39:36","slug":"rektor-unec-n%c9%99zdind%c9%99-kollecl%c9%99r%c9%99-yeni-t%c9%99yin-olunmus-direktorlarla-gorusub","status":"publish","type":"post","link":"https:\/\/arantv.az\/?p=735875","title":{"rendered":"Rektor UNEC n\u0259zdind\u0259 kollecl\u0259r\u0259 yeni t\u0259yin olunmu\u015f direktorlarla g\u00f6r\u00fc\u015f\u00fcb"},"content":{"rendered":"<p><strong>UNEC rektoru professor \u018fdal\u0259t Muradov Az\u0259rbaycan D\u00f6vl\u0259t \u0130qtisad Universitetinin n\u0259zdind\u0259 olan kollecl\u0259r\u0259 yeni t\u0259yin olnmu\u015f direktorlarla g\u00f6r\u00fc\u015f\u00fcb.<\/strong><\/p>\n<p>Bu bar\u0259d\u0259\u00a0<strong>Musavat.com<\/strong>-a Az\u0259rbaycan D\u00f6vl\u0259t \u0130qtisad Universitetinin (UNEC) \u0130ctimaiyy\u0259tl\u0259 \u018flaq\u0259l\u0259r \u015e\u00f6b\u0259sind\u0259n m\u0259lumat verilib.<\/p>\n<p>Bildirilib ki, g\u00f6r\u00fc\u015fd\u0259 Maliyy\u0259-\u0130qtisad Kollecinin direktoru Davud Davudov, Sosial-\u0130qtisadi Kollecin direktoru \u015e\u0259hriyar La\u00e7\u0131nov, Qida S\u0259nayesi Kollecinin direktoru Sevinc H\u0259mz\u0259yeva il\u0259 yana\u015f\u0131, UNEC-in m\u00fcvafiq struktur r\u0259hb\u0259rl\u0259ri d\u0259 i\u015ftirak edibl\u0259r.<\/p>\n<p>Yeni direktorlar\u0131 t\u0259brik ed\u0259n prof.\u018fdal\u0259t Muradov onlara f\u0259aliyy\u0259tl\u0259rind\u0259 u\u011furlar arzulay\u0131b. Kollecl\u0259rd\u0259ki t\u0259hsilin m\u00fcasir t\u0259l\u0259b\u0259l\u0259r\u0259 cavab verm\u0259si \u00fc\u00e7\u00fcn z\u0259ruri add\u0131mlar\u0131n at\u0131lmas\u0131n\u0131n vacibliyind\u0259n dan\u0131\u015fan rektor, bu istiqam\u0259td\u0259 yeni direktorlar \u00fc\u00e7\u00fcn t\u0259liml\u0259rin t\u0259\u015fkil olunmas\u0131n\u0131n \u0259h\u0259miyy\u0259tini vur\u011fulay\u0131b. O, r\u0259q\u0259msal UNEC-d\u0259 t\u0259tbiq olunan elektron t\u0259dris v\u0259 idar\u0259etm\u0259 prosesinin kollecl\u0259r\u0259 inteqrasiyas\u0131, Bir p\u0259nc\u0259r\u0259 sistemi, kollec t\u0259l\u0259b\u0259l\u0259rinin UNEC-in elektron kitabxana resurslar\u0131na \u00e7\u0131x\u0131\u015f imkan\u0131 \u0259ld\u0259 etm\u0259si, t\u0259l\u0259b\u0259l\u0259rin kollecl\u0259rd\u0259ki yenilikl\u0259r bar\u0259d\u0259 operativ m\u0259lumatland\u0131r\u0131lmas\u0131 m\u0259qs\u0259dil\u0259 m\u00fcvafiq struktur r\u0259hb\u0259rl\u0259rinin i\u015ftirak\u0131 il\u0259 direktorlar \u00fc\u00e7\u00fcn t\u0259liml\u0259rin ke\u00e7iril\u0259c\u0259yini bildirib.<\/p>\n<p>Sonra rektorun m\u00fc\u015faviri F\u0259rrux Tuz\u00e7uo\u011flu kollecl\u0259rin f\u0259aliyy\u0259ti bar\u0259d\u0259 T\u00fcrkiy\u0259 t\u0259cr\u00fcb\u0259si \u0259sas\u0131nda haz\u0131rlad\u0131\u011f\u0131 t\u0259qdimat\u0131 direktorlarla b\u00f6l\u00fc\u015f\u00fcb.<\/p>\n<p>T\u0259liml\u0259r 2 g\u00fcn davam ed\u0259c\u0259k.<\/p>\n","protected":false},"excerpt":{"rendered":"<p>UNEC rektoru professor \u018fdal\u0259t Muradov Az\u0259rbaycan D\u00f6vl\u0259t \u0130qtisad Universitetinin n\u0259zdind\u0259 olan kollecl\u0259r\u0259 yeni t\u0259yin olnmu\u015f direktorlarla g\u00f6r\u00fc\u015f\u00fcb. Bu bar\u0259d\u0259\u00a0Musavat.com-a Az\u0259rbaycan D\u00f6vl\u0259t \u0130qtisad Universitetinin (UNEC) \u0130ctimaiyy\u0259tl\u0259 \u018flaq\u0259l\u0259r \u015e\u00f6b\u0259sind\u0259n m\u0259lumat verilib. Bildirilib ki, g\u00f6r\u00fc\u015fd\u0259 Maliyy\u0259-\u0130qtisad Kollecinin direktoru Davud Davudov, Sosial-\u0130qtisadi Kollecin direktoru \u015e\u0259hriyar La\u00e7\u0131nov, Qida S\u0259nayesi Kollecinin direktoru Sevinc H\u0259mz\u0259yeva il\u0259 yana\u015f\u0131, UNEC-in m\u00fcvafiq struktur r\u0259hb\u0259rl\u0259ri d\u0259 i\u015ftirak edibl\u0259r. Yeni direktorlar\u0131 t\u0259brik ed\u0259n prof.\u018fdal\u0259t Muradov onlara f\u0259aliyy\u0259tl\u0259rind\u0259 u\u011furlar arzulay\u0131b. Kollecl\u0259rd\u0259ki t\u0259hsilin m\u00fcasir t\u0259l\u0259b\u0259l\u0259r\u0259 cavab verm\u0259si \u00fc\u00e7\u00fcn z\u0259ruri add\u0131mlar\u0131n at\u0131lmas\u0131n\u0131n vacibliyind\u0259n dan\u0131\u015fan rektor, bu istiqam\u0259td\u0259 yeni direktorlar \u00fc\u00e7\u00fcn t\u0259liml\u0259rin t\u0259\u015fkil olunmas\u0131n\u0131n \u0259h\u0259miyy\u0259tini vur\u011fulay\u0131b.&hellip;<\/p>\n","protected":false},"author":2,"featured_media":735876,"comment_status":"closed","ping_status":"closed","sticky":false,"template":"","format":"standard","meta":{"om_disable_all_campaigns":false,"_monsterinsights_skip_tracking":false,"_monsterinsights_sitenote_active":false,"_monsterinsights_sitenote_note":"","_monsterinsights_sitenote_category":0},"categories":[1],"tags":[],"aioseo_notices":[],"gutentor_comment":0,"rttpg_featured_image_url":{"full":["https:\/\/arantv.az\/wp-content\/uploads\/2024\/07\/a9ed29741fb91e70f524a937350ca594.jpg",870,500,false],"landscape":["https:\/\/arantv.az\/wp-content\/uploads\/2024\/07\/a9ed29741fb91e70f524a937350ca594.jpg",870,500,false],"portraits":["https:\/\/arantv.az\/wp-content\/uploads\/2024\/07\/a9ed29741fb91e70f524a937350ca594.jpg",870,500,false],"thumbnail":["https:\/\/arantv.az\/wp-content\/uploads\/2024\/07\/a9ed29741fb91e70f524a937350ca594-500x280.jpg",500,280,true],"medium":["https:\/\/arantv.az\/wp-content\/uploads\/2024\/07\/a9ed29741fb91e70f524a937350ca594-635x365.jpg",635,365,true],"large":["https:\/\/arantv.az\/wp-content\/uploads\/2024\/07\/a9ed29741fb91e70f524a937350ca594-840x483.jpg",640,368,true],"1536x1536":["https:\/\/arantv.az\/wp-content\/uploads\/2024\/07\/a9ed29741fb91e70f524a937350ca594.jpg",870,500,false],"2048x2048":["https:\/\/arantv.az\/wp-content\/uploads\/2024\/07\/a9ed29741fb91e70f524a937350ca594.jpg",870,500,false],"post-thumbnail":["https:\/\/arantv.az\/wp-content\/uploads\/2024\/07\/a9ed29741fb91e70f524a937350ca594-240x172.jpg",240,172,true],"advps-thumb-one":["https:\/\/arantv.az\/wp-content\/uploads\/2024\/07\/a9ed29741fb91e70f524a937350ca594.jpg",870,500,false]},"rttpg_author":{"display_name":"V\u00fcsal Rafiqo\u011flu","author_link":"https:\/\/arantv.az\/?author=2"},"rttpg_comment":0,"rttpg_category":"<a href=\"https:\/\/arantv.az\/?cat=1\" rel=\"category\">C\u0259miyy\u0259t<\/a>","rttpg_excerpt":"UNEC rektoru professor \u018fdal\u0259t Muradov Az\u0259rbaycan D\u00f6vl\u0259t \u0130qtisad Universitetinin n\u0259zdind\u0259 olan kollecl\u0259r\u0259 yeni t\u0259yin olnmu\u015f direktorlarla g\u00f6r\u00fc\u015f\u00fcb. Bu bar\u0259d\u0259\u00a0Musavat.com-a Az\u0259rbaycan D\u00f6vl\u0259t \u0130qtisad Universitetinin (UNEC) \u0130ctimaiyy\u0259tl\u0259 \u018flaq\u0259l\u0259r \u015e\u00f6b\u0259sind\u0259n m\u0259lumat verilib. Bildirilib ki, g\u00f6r\u00fc\u015fd\u0259 Maliyy\u0259-\u0130qtisad Kollecinin direktoru Davud Davudov, Sosial-\u0130qtisadi Kollecin direktoru \u015e\u0259hriyar La\u00e7\u0131nov, Qida S\u0259nayesi Kollecinin direktoru Sevinc H\u0259mz\u0259yeva il\u0259 yana\u015f\u0131, UNEC-in m\u00fcvafiq struktur r\u0259hb\u0259rl\u0259ri d\u0259&hellip;","_links":{"self":[{"href":"https:\/\/arantv.az\/index.php?rest_route=\/wp\/v2\/posts\/735875"}],"collection":[{"href":"https:\/\/arantv.az\/index.php?rest_route=\/wp\/v2\/posts"}],"about":[{"href":"https:\/\/arantv.az\/index.php?rest_route=\/wp\/v2\/types\/post"}],"author":[{"embeddable":true,"href":"https:\/\/arantv.az\/index.php?rest_route=\/wp\/v2\/users\/2"}],"replies":[{"embeddable":true,"href":"https:\/\/arantv.az\/index.php?rest_route=%2Fwp%2Fv2%2Fcomments&post=735875"}],"version-history":[{"count":0,"href":"https:\/\/arantv.az\/index.php?rest_route=\/wp\/v2\/posts\/735875\/revisions"}],"wp:featuredmedia":[{"embeddable":true,"href":"https:\/\/arantv.az\/index.php?rest_route=\/wp\/v2\/media\/735876"}],"wp:attachment":[{"href":"https:\/\/arantv.az\/index.php?rest_route=%2Fwp%2Fv2%2Fmedia&parent=735875"}],"wp:term":[{"taxonomy":"category","embeddable":true,"href":"https:\/\/arantv.az\/index.php?rest_route=%2Fwp%2Fv2%2Fcategories&post=735875"},{"taxonomy":"post_tag","embeddable":true,"href":"https:\/\/arantv.az\/index.php?rest_route=%2Fwp%2Fv2%2Ftags&post=735875"}],"curies":[{"name":"wp","href":"https:\/\/api.w.org\/{rel}","templated":true}]}}