{"id":735891,"date":"2024-07-09T12:30:47","date_gmt":"2024-07-09T08:30:47","guid":{"rendered":"https:\/\/arantv.az\/?p=735891"},"modified":"2024-07-09T12:30:47","modified_gmt":"2024-07-09T08:30:47","slug":"yeni-iqtisadi-imkanlar","status":"publish","type":"post","link":"https:\/\/arantv.az\/?p=735891","title":{"rendered":"Yeni iqtisadi imkanlar"},"content":{"rendered":"<p>Qazax\u0131stan\u0131n paytaxt\u0131 Astana \u015f\u0259h\u0259rind\u0259 ke\u00e7iril\u0259n \u015eanxay \u018fm\u0259kda\u015fl\u0131q T\u0259\u015fkilat\u0131n\u0131n Zirv\u0259 g\u00f6r\u00fc\u015f\u00fc ona \u00fczv olan \u00f6lk\u0259l\u0259rin iqtisadiyyat\u0131n\u0131n inki\u015faf\u0131, t\u0259hl\u00fck\u0259sizliyin t\u0259min edilm\u0259si, qar\u015f\u0131s\u0131l\u0131ql\u0131 \u0259laq\u0259l\u0259rin m\u00f6hk\u0259ml\u0259ndirilm\u0259si, vacib probleml\u0259rin h\u0259lli, birg\u0259 f\u0259aliyy\u0259tin t\u0259nziml\u0259nm\u0259si bax\u0131m\u0131ndan b\u00f6y\u00fck \u0259h\u0259miyy\u0259t\u0259 malikdir.<\/p>\n<p>Prezident \u0130lham \u018fliyevin Zirv\u0259 toplant\u0131s\u0131na qonaq qismind\u0259 ikinci d\u0259f\u0259 qat\u0131lmas\u0131 is\u0259 d\u00f6vl\u0259timizin d\u00fcnyada artan n\u00fcfuzunun v\u0259 ona g\u00f6st\u0259ril\u0259n b\u00f6y\u00fck etimad\u0131n ifad\u0259si olmaqla b\u0259rab\u0259r, \u00f6lk\u0259miz\u0259 b\u0259sl\u0259nil\u0259n \u00fcmid v\u0259 onun g\u0259l\u0259c\u0259yin\u0259 olan inamd\u0131r\u201d.<\/p>\n<p>\u00d6lk\u0259miz d\u00fcnyan\u0131n iqtisadi c\u0259h\u0259td\u0259n inki\u015faf ed\u0259n v\u0259 ictimai-siyasi bax\u0131mdan \u0259n sabit \u00f6lk\u0259l\u0259rind\u0259n biridir. Az\u0259rbaycan h\u0259m d\u0259 Prezident \u0130lham \u018fliyevin d\u00fc\u015f\u00fcn\u00fclm\u00fc\u015f siyas\u0259ti n\u0259tic\u0259sind\u0259 d\u00fcnya d\u00f6vl\u0259tl\u0259ri il\u0259 m\u00fcnasib\u0259tl\u0259rin yax\u015f\u0131la\u015fd\u0131r\u0131lmas\u0131na, \u0259laq\u0259l\u0259rin m\u00f6hk\u0259ml\u0259ndirilm\u0259sin\u0259,s\u00fclh\u00fcn, \u0259min-amanl\u0131\u011f\u0131n t\u0259min edilm\u0259sin\u0259 b\u00f6y\u00fck \u00f6n\u0259m verir v\u0259 bu sah\u0259d\u0259 imkanlar\u0131n\u0131 v\u0259 t\u0259\u015f\u0259bb\u00fcsl\u0259rini \u0259sirg\u0259mir.<\/p>\n<p>\u015eanxay \u018fm\u0259kda\u015fl\u0131q T\u0259\u015fkilat\u0131da \u00f6z f\u0259aliyy\u0259tind\u0259 demokratik prinsipl\u0259r\u0259,d\u00f6vl\u0259tl\u0259r aras\u0131nda qar\u015f\u0131sl\u0131ql\u0131 etimada v\u0259 qon\u015fuluq m\u00fcnasib\u0259tl\u0259rin\u0259,siyas\u0259t,ticar\u0259t,iqtisadiyyat, elm v\u0259 texnologiya, m\u0259d\u0259niyy\u0259t, t\u0259hsil, enerji,n\u0259qliyyat,turizm,s\u00fclh,t\u0259hl\u00fck\u0259sizlik v\u0259 sabitliyin \u0259ld\u0259 olunmas\u0131 \u00fc\u00e7\u00fcn s\u0259yl\u0259rin birl\u0259\u015fdirilm\u0259sin\u0259 \u0259saslanan bir orqan kimi \u00fczv d\u00f6vl\u0259tl\u0259rin \u0259laq\u0259l\u0259ndirilm\u0259sind\u0259, vacib probleml\u0259rin m\u00fczakir\u0259 edilib aradan qald\u0131r\u0131lmas\u0131nda m\u00fch\u00fcm rol oynay\u0131r. Az\u0259rbaycan bu t\u0259\u015fkilatda dialoq t\u0259r\u0259fda\u015f\u0131 statusuna sahib olmas\u0131na baxmayaraq onun f\u0259aliyy\u0259tind\u0259 yax\u0131ndan i\u015ftirak edir. Bu qurumla \u00f6lk\u0259miz aras\u0131nda \u0259m\u0259kda\u015fl\u0131q sah\u0259l\u0259rini \u0259ks etdir\u0259n memorandum imzalan\u0131b: \u201cTerrorizm, ekstremizim v\u0259 separat\u00e7\u0131l\u0131q il\u0259 m\u00fcbariz\u0259y\u0259, regional t\u0259hl\u00fck\u0259sizlik v\u0259 sabitliyin qorunmas\u0131na b\u00f6y\u00fck \u00f6n\u0259m ver\u0259n d\u00f6vl\u0259timiz h\u0259r sah\u0259d\u0259 t\u0259\u015fkilatla \u0259laq\u0259l\u0259rini ild\u0259n-il\u0259 m\u00f6hk\u0259ml\u0259ndirm\u0259k \u0259zmind\u0259dir. 16 \u00f6lk\u0259nin d\u00f6vl\u0259t v\u0259 h\u00f6k\u00fcm\u0259t ba\u015f\u00e7\u0131lar\u0131n\u0131n qat\u0131ld\u0131\u011f\u0131 Zirv\u0259 g\u00f6r\u00fc\u015f\u00fcn\u00fcn \u201c\u00c7oxt\u0259r\u0259fli dialoqun m\u00f6hk\u0259ml\u0259ndirilm\u0259si-davaml\u0131 s\u00fclh\u0259 v\u0259 inki\u015fafa nail olmaq\u201d m\u00f6vzusuna h\u0259sr edilm\u0259si bu g\u00fcn\u00fcm\u00fcz \u00fc\u00e7\u00fcn vacib v\u0259 b\u0259\u015f\u0259riyy\u0259ti d\u00fc\u015f\u00fcnd\u00fcr\u0259n ba\u015fl\u0131ca m\u0259s\u0259l\u0259dir. C\u0259nab \u0130lham \u018fliyevin Zirv\u0259 g\u00f6r\u00fc\u015f\u00fc \u00e7\u0259r\u00e7iv\u0259sind\u0259 Rusiya Prezidenti Vladimir Putin, Qazax\u0131stan Prezidenti Kas\u0131m-Jomart Tokayev, \u00c7in Xalq Respublikas\u0131n\u0131n s\u0259dri Si Cinpin il\u0259 g\u00f6r\u00fc\u015fl\u0259ri, \u0259lb\u0259tt\u0259 ki, \u00f6lk\u0259mizin g\u0259l\u0259c\u0259k inki\u015faf\u0131 v\u0259 t\u0259hl\u00fck\u0259sizliyi bax\u0131m\u0131ndan \u00e7ox \u0259h\u0259miyy\u0259tlidir\u201d.T.Rzayev bildirib ki, Zirv\u0259 toplant\u0131s\u0131 \u00e7\u0259r\u00e7iv\u0259sind\u0259 \u201cAz\u0259rbaycan Respublikas\u0131 v\u0259 \u00c7in Xalq Respublikas\u0131 aras\u0131nda strateji t\u0259r\u0259fda\u015fl\u0131\u011f\u0131n qurulmas\u0131 haqq\u0131nda Birg\u0259 B\u0259y\u0259nnam\u0259\u201dnin q\u0259bul edilm\u0259si d\u00f6vl\u0259timizin yeni u\u011furudur.\u00c7\u00fcnki \u00c7in d\u00fcnyan\u0131n iqtisadi c\u0259h\u0259td\u0259n inki\u015faf ed\u0259n v\u0259 b\u00f6y\u00fck n\u00fcfuza malik olan d\u00f6vl\u0259tl\u0259rind\u0259n biridir. B\u0259yannam\u0259y\u0259 \u0259sas\u0259n, t\u0259r\u0259fl\u0259r terrorizmin, separatizmin v\u0259 ekstremizmin b\u00fct\u00fcn beyn\u0259lxalq ictimaiyy\u0259t \u00fc\u00e7\u00fcn ciddi t\u0259hdidl\u0259r yaratd\u0131\u011f\u0131n\u0131 n\u0259z\u0259r\u0259 alaraq bu \u00e7a\u011f\u0131r\u0131\u015flar\u0131n qar\u015f\u0131s\u0131n\u0131 almaq v\u0259 onlara qar\u015f\u0131 m\u00fcbariz\u0259 aparmaq \u00fc\u00e7\u00fcn \u00fcmumi s\u0259yl\u0259ri birl\u0259\u015fdirm\u0259yi qar\u015f\u0131ya m\u0259qs\u0259d qoyurlar.<\/p>\n<p>Prezident \u0130lham \u018fliyevin \u00c7in xalq Respublikas\u0131 il\u0259 \u0259laq\u0259l\u0259rin m\u00f6hk\u0259ml\u0259ndirilm\u0259sin\u0259 b\u00f6y\u00fck \u00f6n\u0259m verdiyini \u00f6z \u00e7\u0131x\u0131\u015f\u0131 zaman\u0131 bu s\u00f6zl\u0259rl\u0259 ifad\u0259 edib: \u201c\u00d6lk\u0259mizin aras\u0131nda \u0259mt\u0259\u0259 d\u00f6vriyy\u0259sinin artmas\u0131 bizi sevindirir, o, 3 milyard dollara \u00e7at\u0131b v\u0259 art\u0131m potensial\u0131na malikdir. Biz \u00c7in Xalq Respublikas\u0131ndan Az\u0259rbaycana ixrac\u0131n artmas\u0131ndan m\u0259mnunuq\u201d.<\/p>\n<p>Astanada Az\u0259rbaycan, T\u00fcrkiy\u0259 v\u0259 Pakistan d\u00f6vl\u0259t r\u0259hb\u0259rl\u0259rinin bir araya g\u0259lm\u0259si v\u0259 m\u00fch\u00fcm s\u0259n\u0259dl\u0259rin imzalanmas\u0131, d\u00fcnyan\u0131n diqq\u0259t m\u0259rk\u0259zind\u0259 olan vacib probleml\u0259rin g\u00fcnd\u0259m\u0259 g\u0259tirilm\u0259si s\u00fclh v\u0259 t\u0259hl\u00fck\u0259sizliy\u0259 z\u0259man\u0259tdir. Bu D\u00f6vl\u0259tl\u0259r daim bir-biri il\u0259 s\u0131x \u0259laq\u0259d\u0259 olub, tarixi v\u0259 m\u0259d\u0259ni ba\u011flar\u0131, qar\u015f\u0131l\u0131ql\u0131 h\u00f6rm\u0259t v\u0259 etimad \u0259sas\u0131nda \u0259m\u0259kda\u015fl\u0131\u011f\u0131 m\u00f6hk\u0259ml\u0259ndiribl\u0259r. \u201c\u00dcst\u0259r\u0259fli g\u00f6r\u00fc\u015f h\u0259r \u00fc\u00e7 \u00f6lk\u0259 aras\u0131nda strateji t\u0259r\u0259fda\u015fl\u0131q \u0259laq\u0259l\u0259rinin yeni istiqam\u0259td\u0259 geni\u015fl\u0259ndirilm\u0259sin\u0259 imkanlar yarad\u0131r v\u0259 bu, g\u0259l\u0259c\u0259k inki\u015fafa, t\u0259hl\u00fck\u0259sizliy\u0259 hesablan\u0131b. Prezident \u0130lham \u018fliyevin \u015eanxay \u018fm\u0259kda\u015fl\u0131q T\u0259\u015fkilat\u0131nda i\u015ftirak\u0131 v\u0259 ke\u00e7iril\u0259n s\u0259m\u0259r\u0259li g\u00f6r\u00fc\u015fl\u0259r zaman\u0131 bir \u00e7ox m\u0259s\u0259l\u0259l\u0259rin g\u00fcnd\u0259m\u0259 g\u0259tirilm\u0259si, m\u00f6vcud probleml\u0259rin h\u0259llinin ara\u015fd\u0131r\u0131lmas\u0131, \u0259m\u0259kda\u015fl\u0131\u011f\u0131n m\u00f6hk\u0259ml\u0259ndirilm\u0259sin\u0259 s\u0259yl\u0259rin g\u00f6st\u0259rilm\u0259si v\u0259 u\u011furlar\u0131n \u0259ld\u0259 edilm\u0259si Az\u0259rbaycan\u0131n q\u0259l\u0259b\u0259sidir v\u0259 d\u00f6vl\u0259timizin getdikc\u0259 artan n\u00fcfuzunun parlaq g\u00f6st\u0259ricisidir&#8230;<\/p>\n<p>Prezident \u0130lham \u018fliyev\u0259 v\u0259 d\u00f6vl\u0259timiz\u0259 g\u00f6st\u0259ril\u0259n y\u00fcks\u0259k h\u00f6rm\u0259t v\u0259 ehtiram, \u015eanxay \u018fm\u0259kda\u015fl\u0131q T\u0259\u015fkilat\u0131 \u00fczv d\u00f6vl\u0259tl\u0259ri il\u0259 yeni iqtisadi m\u00fcnasib\u0259tl\u0259rin yaranmas\u0131 xalq\u0131m\u0131z\u0131n xo\u015fb\u0259xt g\u0259l\u0259c\u0259yin\u0259 yeni yollar a\u00e7\u0131r.<\/p>\n<p>&nbsp;<\/p>\n<p>&nbsp;<\/p>\n<p>Sevda Hac\u0131yeva, YAP B\u0259rd\u0259 rayon t\u0259\u015fkilat\u0131 f\u0259al\u0131,Cumalar k\u0259nd tam orta m\u0259kt\u0259bin direktoru.<\/p>\n<p>&nbsp;<\/p>\n<p>&nbsp;<\/p>\n","protected":false},"excerpt":{"rendered":"<p>Qazax\u0131stan\u0131n paytaxt\u0131 Astana \u015f\u0259h\u0259rind\u0259 ke\u00e7iril\u0259n \u015eanxay \u018fm\u0259kda\u015fl\u0131q T\u0259\u015fkilat\u0131n\u0131n Zirv\u0259 g\u00f6r\u00fc\u015f\u00fc ona \u00fczv olan \u00f6lk\u0259l\u0259rin iqtisadiyyat\u0131n\u0131n inki\u015faf\u0131, t\u0259hl\u00fck\u0259sizliyin t\u0259min edilm\u0259si, qar\u015f\u0131s\u0131l\u0131ql\u0131 \u0259laq\u0259l\u0259rin m\u00f6hk\u0259ml\u0259ndirilm\u0259si, vacib probleml\u0259rin h\u0259lli, birg\u0259 f\u0259aliyy\u0259tin t\u0259nziml\u0259nm\u0259si bax\u0131m\u0131ndan b\u00f6y\u00fck \u0259h\u0259miyy\u0259t\u0259 malikdir. Prezident \u0130lham \u018fliyevin Zirv\u0259 toplant\u0131s\u0131na qonaq qismind\u0259 ikinci d\u0259f\u0259 qat\u0131lmas\u0131 is\u0259 d\u00f6vl\u0259timizin d\u00fcnyada artan n\u00fcfuzunun v\u0259 ona g\u00f6st\u0259ril\u0259n b\u00f6y\u00fck etimad\u0131n ifad\u0259si olmaqla b\u0259rab\u0259r, \u00f6lk\u0259miz\u0259 b\u0259sl\u0259nil\u0259n \u00fcmid v\u0259 onun g\u0259l\u0259c\u0259yin\u0259 olan inamd\u0131r\u201d. \u00d6lk\u0259miz d\u00fcnyan\u0131n iqtisadi c\u0259h\u0259td\u0259n inki\u015faf ed\u0259n v\u0259 ictimai-siyasi bax\u0131mdan \u0259n sabit \u00f6lk\u0259l\u0259rind\u0259n biridir. Az\u0259rbaycan h\u0259m d\u0259 Prezident \u0130lham \u018fliyevin d\u00fc\u015f\u00fcn\u00fclm\u00fc\u015f siyas\u0259ti n\u0259tic\u0259sind\u0259 d\u00fcnya d\u00f6vl\u0259tl\u0259ri il\u0259 m\u00fcnasib\u0259tl\u0259rin yax\u015f\u0131la\u015fd\u0131r\u0131lmas\u0131na,&hellip;<\/p>\n","protected":false},"author":2,"featured_media":735892,"comment_status":"closed","ping_status":"closed","sticky":false,"template":"","format":"standard","meta":{"om_disable_all_campaigns":false,"_monsterinsights_skip_tracking":false,"_monsterinsights_sitenote_active":false,"_monsterinsights_sitenote_note":"","_monsterinsights_sitenote_category":0},"categories":[2],"tags":[],"aioseo_notices":[],"gutentor_comment":0,"rttpg_featured_image_url":{"full":["https:\/\/arantv.az\/wp-content\/uploads\/2024\/07\/7da156b4-78e4-4c9e-9bd5-8a57aea3ae90.jpg",900,1200,false],"landscape":["https:\/\/arantv.az\/wp-content\/uploads\/2024\/07\/7da156b4-78e4-4c9e-9bd5-8a57aea3ae90.jpg",900,1200,false],"portraits":["https:\/\/arantv.az\/wp-content\/uploads\/2024\/07\/7da156b4-78e4-4c9e-9bd5-8a57aea3ae90.jpg",900,1200,false],"thumbnail":["https:\/\/arantv.az\/wp-content\/uploads\/2024\/07\/7da156b4-78e4-4c9e-9bd5-8a57aea3ae90-500x280.jpg",500,280,true],"medium":["https:\/\/arantv.az\/wp-content\/uploads\/2024\/07\/7da156b4-78e4-4c9e-9bd5-8a57aea3ae90-274x365.jpg",274,365,true],"large":["https:\/\/arantv.az\/wp-content\/uploads\/2024\/07\/7da156b4-78e4-4c9e-9bd5-8a57aea3ae90-630x840.jpg",630,840,true],"1536x1536":["https:\/\/arantv.az\/wp-content\/uploads\/2024\/07\/7da156b4-78e4-4c9e-9bd5-8a57aea3ae90.jpg",900,1200,false],"2048x2048":["https:\/\/arantv.az\/wp-content\/uploads\/2024\/07\/7da156b4-78e4-4c9e-9bd5-8a57aea3ae90.jpg",900,1200,false],"post-thumbnail":["https:\/\/arantv.az\/wp-content\/uploads\/2024\/07\/7da156b4-78e4-4c9e-9bd5-8a57aea3ae90-240x172.jpg",240,172,true],"advps-thumb-one":["https:\/\/arantv.az\/wp-content\/uploads\/2024\/07\/7da156b4-78e4-4c9e-9bd5-8a57aea3ae90-900x620.jpg",900,620,true]},"rttpg_author":{"display_name":"V\u00fcsal Rafiqo\u011flu","author_link":"https:\/\/arantv.az\/?author=2"},"rttpg_comment":0,"rttpg_category":"<a href=\"https:\/\/arantv.az\/?cat=2\" rel=\"category\">Region X\u0259b\u0259rl\u0259ri<\/a>","rttpg_excerpt":"Qazax\u0131stan\u0131n paytaxt\u0131 Astana \u015f\u0259h\u0259rind\u0259 ke\u00e7iril\u0259n \u015eanxay \u018fm\u0259kda\u015fl\u0131q T\u0259\u015fkilat\u0131n\u0131n Zirv\u0259 g\u00f6r\u00fc\u015f\u00fc ona \u00fczv olan \u00f6lk\u0259l\u0259rin iqtisadiyyat\u0131n\u0131n inki\u015faf\u0131, t\u0259hl\u00fck\u0259sizliyin t\u0259min edilm\u0259si, qar\u015f\u0131s\u0131l\u0131ql\u0131 \u0259laq\u0259l\u0259rin m\u00f6hk\u0259ml\u0259ndirilm\u0259si, vacib probleml\u0259rin h\u0259lli, birg\u0259 f\u0259aliyy\u0259tin t\u0259nziml\u0259nm\u0259si bax\u0131m\u0131ndan b\u00f6y\u00fck \u0259h\u0259miyy\u0259t\u0259 malikdir. Prezident \u0130lham \u018fliyevin Zirv\u0259 toplant\u0131s\u0131na qonaq qismind\u0259 ikinci d\u0259f\u0259 qat\u0131lmas\u0131 is\u0259 d\u00f6vl\u0259timizin d\u00fcnyada artan n\u00fcfuzunun v\u0259 ona g\u00f6st\u0259ril\u0259n b\u00f6y\u00fck etimad\u0131n ifad\u0259si olmaqla b\u0259rab\u0259r,&hellip;","_links":{"self":[{"href":"https:\/\/arantv.az\/index.php?rest_route=\/wp\/v2\/posts\/735891"}],"collection":[{"href":"https:\/\/arantv.az\/index.php?rest_route=\/wp\/v2\/posts"}],"about":[{"href":"https:\/\/arantv.az\/index.php?rest_route=\/wp\/v2\/types\/post"}],"author":[{"embeddable":true,"href":"https:\/\/arantv.az\/index.php?rest_route=\/wp\/v2\/users\/2"}],"replies":[{"embeddable":true,"href":"https:\/\/arantv.az\/index.php?rest_route=%2Fwp%2Fv2%2Fcomments&post=735891"}],"version-history":[{"count":0,"href":"https:\/\/arantv.az\/index.php?rest_route=\/wp\/v2\/posts\/735891\/revisions"}],"wp:featuredmedia":[{"embeddable":true,"href":"https:\/\/arantv.az\/index.php?rest_route=\/wp\/v2\/media\/735892"}],"wp:attachment":[{"href":"https:\/\/arantv.az\/index.php?rest_route=%2Fwp%2Fv2%2Fmedia&parent=735891"}],"wp:term":[{"taxonomy":"category","embeddable":true,"href":"https:\/\/arantv.az\/index.php?rest_route=%2Fwp%2Fv2%2Fcategories&post=735891"},{"taxonomy":"post_tag","embeddable":true,"href":"https:\/\/arantv.az\/index.php?rest_route=%2Fwp%2Fv2%2Ftags&post=735891"}],"curies":[{"name":"wp","href":"https:\/\/api.w.org\/{rel}","templated":true}]}}