{"id":735895,"date":"2024-07-09T12:34:38","date_gmt":"2024-07-09T08:34:38","guid":{"rendered":"https:\/\/arantv.az\/?p=735895"},"modified":"2024-07-09T12:34:38","modified_gmt":"2024-07-09T08:34:38","slug":"s%c9%99t-olk%c9%99mizi-de-yure-oz-siralarinda-gorm%c9%99k-ist%c9%99yir","status":"publish","type":"post","link":"https:\/\/arantv.az\/?p=735895","title":{"rendered":"\u015e\u018fT \u00f6lk\u0259mizi de-yure \u00f6z s\u0131ralar\u0131nda g\u00f6rm\u0259k ist\u0259yir"},"content":{"rendered":"<p><strong>Az\u0259rbaycan d\u00fcnya \u0259halisinin yar\u0131s\u0131n\u0131n t\u0259msil olundu\u011fu t\u0259\u015fkilat \u00fc\u00e7\u00fcn vacib \u00f6lk\u0259dir<\/p>\n<p><\/strong>\u00d6t\u0259n h\u0259ft\u0259nin d\u00fcnya siyas\u0259ti v\u0259 Az\u0259rbaycan \u00fc\u00e7\u00fcn \u0259h\u0259miyy\u0259tli hadis\u0259l\u0259rind\u0259n biri Qazax\u0131stan\u0131n Astana \u015f\u0259h\u0259rind\u0259 ke\u00e7iril\u0259n \u015eanxay \u018fm\u0259kda\u015fl\u0131q T\u0259\u015fkilat\u0131n\u0131n Zirv\u0259 toplant\u0131s\u0131, zirv\u0259 toplant\u0131s\u0131na Az\u0259rbaycan Prezidenti \u0130lham \u018fliyevin d\u0259v\u0259t edilm\u0259si oldu.\u00a0 Bu, Prezident \u0130lham \u018fliyevin \u015eanxay \u018fm\u0259kda\u015fl\u0131q T\u0259\u015fkilat\u0131n\u0131n Zirv\u0259 toplant\u0131s\u0131nda ikinci i\u015ftirak\u0131 idi. Bundan \u0259vv\u0259l \u015eanxay \u018fm\u0259kda\u015fl\u0131q T\u0259\u015fkilat\u0131n\u0131n s\u0259dri statusunda \u00d6zb\u0259kistan Respublikas\u0131n\u0131n Prezidenti \u015eavkat Mirziyoyevin d\u0259v\u0259ti il\u0259 d\u00f6vl\u0259timizin ba\u015f\u00e7\u0131s\u0131 t\u0259\u015fkilat\u0131n 2022-ci il sentyabr\u0131n 16-da \u00d6zb\u0259kistan\u0131n S\u0259m\u0259rq\u0259nd \u015f\u0259h\u0259rind\u0259 ke\u00e7irilmi\u015f zirv\u0259 toplant\u0131s\u0131nda i\u015ftirak edib.<\/p>\n<p><strong>Astana Zirv\u0259 toplant\u0131s\u0131nda i\u015ftirak ed\u0259n Prezident \u0130lham \u018fliyevin Qazax\u0131stan Prezidenti Kas\u0131m-Jomart Tokayev, \u00c7in Xalq Respublikas\u0131n\u0131n S\u0259dri Si Cinpin, Rusiya Federasiyas\u0131n\u0131n Prezidenti Vladimir Putin, T\u00fcrkiy\u0259 C\u00fcmhuriyy\u0259tinin Prezidenti R\u0259c\u0259b Tayyib \u018frdo\u011fan, Pakistan Respublikas\u0131n\u0131n Ba\u015f naziri \u015e\u0259rif, Belarus Respublikas\u0131n\u0131n Prezidenti Aleksandr Luka\u015fenko il\u0259 g\u00f6r\u00fc\u015f\u00fc olub. Az\u0259rbaycan liderinin Astana s\u0259f\u0259ri h\u0259m d\u0259 bu bax\u0131mdan \u00f6n\u0259mli v\u0259 \u0259h\u0259miyy\u0259tli bir s\u0259f\u0259r kimi tarix\u0259 d\u00fc\u015f\u00fcb.\u00a0<\/strong><\/p>\n<p>Az\u0259rbaycan \u015eanxay \u018fm\u0259kda\u015fl\u0131q T\u0259\u015fkilat\u0131 \u00fc\u00e7\u00fcn etibarl\u0131 t\u0259r\u0259fda\u015fd\u0131r. Az\u0259rbaycan haz\u0131rda \u015e\u018fT-d\u0259 dialoq t\u0259r\u0259fda\u015f\u0131 statusuna sahibdir. 2016-c\u0131 ild\u0259 t\u0259r\u0259fl\u0259r aras\u0131nda \u0259m\u0259kda\u015fl\u0131q memorandumu imzalan\u0131b. \u018fm\u0259kda\u015fl\u0131q istiqam\u0259tl\u0259ri aras\u0131nda Az\u0259rbaycan \u00fc\u00e7\u00fcn x\u00fcsusi \u0259h\u0259miyy\u0259t k\u0259sb ed\u0259n terrorizm, ekstremizm v\u0259 separatizml\u0259 m\u00fcbariz\u0259, regional t\u0259hl\u00fck\u0259sizliyin v\u0259 sabitliyin t\u0259minat\u0131 m\u00fc\u0259yy\u0259nl\u0259\u015fdirilib.<\/p>\n<p>Prezident \u0130lham \u018fliyevin uzaq\u00f6r\u0259n siyas\u0259ti n\u0259tic\u0259sind\u0259 s\u00fcr\u0259tl\u0259 inki\u015faf ed\u0259r\u0259k regionda n\u00fcfuzlu d\u00f6vl\u0259t\u0259 \u00e7evril\u0259n Az\u0259rbaycan\u0131n \u015eanxay \u018fm\u0259kda\u015fl\u0131q T\u0259\u015fkilat\u0131nda m\u00fc\u015fahid\u0259\u00e7i statusu almas\u0131 bu qurum \u00fc\u00e7\u00fcn d\u0259 b\u00f6y\u00fck \u00f6n\u0259m da\u015f\u0131y\u0131r. Az\u0259rbaycan \u015eanxay \u018fm\u0259kda\u015fl\u0131q T\u0259\u015fkilat\u0131 \u00fc\u00e7\u00fcn etibarl\u0131 t\u0259r\u0259fda\u015fd\u0131r.<\/p>\n<p><strong>Siyasi analitikl\u0259r vur\u011fulay\u0131r ki, Prezident \u0130lham \u018fliyevin Astana sammitind\u0259 i\u015ftirak\u0131 Az\u0259rbaycan\u0131n COP-29-la ba\u011fl\u0131 mesajlar\u0131n\u0131n \u00e7atd\u0131r\u0131lmas\u0131, s\u0259m\u0259r\u0259li m\u00fczakir\u0259l\u0259rin apar\u0131lmas\u0131 bax\u0131m\u0131ndan da \u00e7ox \u0259h\u0259miyy\u0259tli oldu. D\u00f6vl\u0259t ba\u015f\u00e7\u0131m\u0131z\u0131n Astanaya s\u0259f\u0259ri \u00e7\u0259r\u00e7iv\u0259sind\u0259 \u00c7in, Rusiya, T\u00fcrkiy\u0259, Pakistan v\u0259 Qazax\u0131stan d\u00f6vl\u0259t ba\u015f\u00e7\u0131lar\u0131 il\u0259 ikit\u0259r\u0259fli g\u00f6r\u00fc\u015fl\u0259rind\u0259 \u00f6lk\u0259l\u0259rimiz aras\u0131nda m\u00fcnasib\u0259tl\u0259rin inki\u015faf etdirilm\u0259sin\u0259 dair fikir m\u00fcbadil\u0259si apar\u0131ld\u0131.\u00a0<\/strong><\/p>\n<p><strong><img src=\"https:\/\/azertag.az\/files\/2022\/1\/1200x630\/1650702329225314399_1200x630.jpg\" alt=\"El\u00e7in Mirz\u0259b\u0259yli: Z\u0259f\u0259r Qurultay\u0131 Az\u0259rbaycan diasporunun tarixind\u0259 yeni bir  m\u0259rh\u0259l\u0259nin ba\u015flan\u011f\u0131c\u0131d\u0131r - AZ\u018fRTAC\" \/><\/strong><\/p>\n<p><strong>El\u00e7in Mirz\u0259b\u0259yli<\/strong><\/p>\n<p>Politoloq El\u00e7in Mirz\u0259b\u0259yli \u201cYeni M\u00fcsavat\u201da bildirib ki, bizim \u00fc\u00e7\u00fcn strateji \u0259h\u0259miyy\u0259t k\u0259sb el\u0259y\u0259n T\u00fcrk D\u00f6vl\u0259tl\u0259ri T\u0259\u015fkilat\u0131na \u00fczv olan \u00f6lk\u0259l\u0259rin \u015e\u018fT-d\u0259 \u00fczvl\u00fcy\u00fc, yaxud t\u0259\u015fkilatla s\u0131x \u0259laq\u0259d\u0259 olmas\u0131d\u0131r. D\u00fcnya inki\u015faf edir, r\u0259qab\u0259t m\u00fchiti geni\u015fl\u0259nir, Az\u0259rbaycan\u0131n xarici siyas\u0259tinin, xarici iqtisadi siyas\u0259tinin t\u0259m\u0259l prinsipl\u0259ri qar\u015f\u0131l\u0131ql\u0131 faydal\u0131l\u0131q prinsipl\u0259ri \u0259sas\u0131nda \u00f6lk\u0259nin imkanlar\u0131n\u0131 geni\u015fl\u0259ndirm\u0259kd\u0259n ibar\u0259tdir. \u015e\u018fT d\u0259 Az\u0259rbaycan \u00fc\u00e7\u00fcn bel\u0259 bir perspektivl\u0259r yarad\u0131r: \u201cAz\u0259rbaycan\u0131n \u015e\u018fT-in sammitind\u0259 ikinci d\u0259f\u0259 i\u015ftirak\u0131 d\u00fcnyada q\u0259tiyy\u0259tli v\u0259 uzaqg\u00f6r\u0259n lider kimi b\u00f6y\u00fck n\u00fcfuz qazan\u0131n Prezident \u0130lham \u018fliyevin \u015f\u0259xsiyy\u0259tin\u0259 d\u0259rin h\u00f6rm\u0259t v\u0259 ehtiram\u0131n g\u00f6st\u0259ricisidir. Bu, eyni zamanda \u00f6lk\u0259mizin \u015f\u0259rql\u0259 q\u0259rb aras\u0131nda b\u00fct\u00fcn sah\u0259l\u0259rd\u0259 m\u00fch\u00fcm k\u00f6rp\u00fc rolunu oynamas\u0131n\u0131n \u0259yani t\u0259sdiqi say\u0131la bil\u0259r.<\/p>\n<p>T\u0259\u015fkilatla \u0259m\u0259kda\u015fl\u0131\u011f\u0131n\u0131 u\u011furla inki\u015faf etdir\u0259n Az\u0259rbaycan m\u00fc\u015fahid\u0259\u00e7i statusu almaq niyy\u0259tind\u0259dir. Prezident \u0130lham \u018fliyevin Astana Sammitind\u0259 i\u015ftirak\u0131 Az\u0259rbaycan\u0131n COP29-la ba\u011fl\u0131 mesajlar\u0131n\u0131n \u00e7atd\u0131r\u0131lmas\u0131, s\u0259m\u0259r\u0259li m\u00fczakir\u0259l\u0259rin apar\u0131lmas\u0131 bax\u0131m\u0131ndan da \u00e7ox \u0259h\u0259miyy\u0259tli oldu.<\/p>\n<p>Az\u0259rbaycan\u0131n geosiyasi v\u0259 geoiqtisadi prosesl\u0259rin m\u00fch\u00fcm aktorlar\u0131 il\u0259 strateji t\u0259r\u0259fda\u015fl\u0131q, m\u00fctt\u0259fiqlik m\u00fcnasib\u0259tl\u0259rinin inki\u015faf\u0131, bu istiqam\u0259td\u0259 son bir ne\u00e7\u0259 il \u0259rzind\u0259 &#8211; qlobal m\u00fcst\u0259vid\u0259 hadis\u0259l\u0259rin ziddiyy\u0259tl\u0259r v\u0259 qar\u015f\u0131durmalarla m\u00fc\u015fayi\u0259t edildiyi zaman k\u0259siyind\u0259 qazan\u0131lan nailiyy\u0259tl\u0259r Prezident \u0130lham \u018fliyevin xarici siyas\u0259t konsepsiyas\u0131n\u0131n u\u011furla h\u0259yata ke\u00e7irilm\u0259sinin s\u00fcbutudur.<\/p>\n<p>Az\u0259rbaycan \u00f6z maraqlar\u0131 v\u0259 qar\u015f\u0131l\u0131ql\u0131 faydal\u0131 \u0259m\u0259kda\u015fl\u0131q prinsipl\u0259ri \u00fcz\u0259rind\u0259n d\u00fcnyaya a\u00e7\u0131l\u0131r. Bu x\u00fcsusda \u00f6lk\u0259mizin Avropan\u0131n, C\u0259nubi v\u0259 \u015eimali Amerikan\u0131n ayr\u0131-ayr\u0131 d\u00f6vl\u0259tl\u0259ri il\u0259 yana\u015f\u0131, Avrasiyan\u0131n regional v\u0259 qlobal iqtisadi-siyasi g\u00fcc m\u0259rk\u0259zl\u0259ri il\u0259 m\u00fcnasib\u0259tl\u0259rini ir\u0259liy\u0259 do\u011fru aparmas\u0131, Afrikadak\u0131, el\u0259c\u0259 d\u0259 haz\u0131rda qlobal iqtisadi-siyasi prosesl\u0259rin \u0259hat\u0259sind\u0259ki \u00f6lk\u0259l\u0259rl\u0259 qar\u015f\u0131l\u0131ql\u0131 dialoqu v\u0259 \u0259m\u0259kda\u015fl\u0131\u011f\u0131 intensivl\u0259\u015fdirm\u0259si t\u0259kc\u0259 bizim deyil, b\u00fct\u00f6vl\u00fckd\u0259 b\u00f6lg\u0259miz \u00fc\u00e7\u00fcn b\u00f6y\u00fck perspektivl\u0259r v\u0259d edir. Q\u0259rb dair\u0259l\u0259rinin Az\u0259rbaycana qar\u015f\u0131 h\u0259dd\u0259n ziyad\u0259 t\u0259cav\u00fczkarl\u0131qla m\u00fc\u015fayi\u0259t olunan bir siyas\u0259t y\u00fcr\u00fctd\u00fcy\u00fcn\u00fc n\u0259z\u0259r\u0259 alsaq, \u0259ld\u0259 olunan n\u0259tic\u0259l\u0259rin n\u0259 q\u0259d\u0259r b\u00f6y\u00fck bir potensial v\u0259 diplomatik m\u0259har\u0259t hesab\u0131na ba\u015fa g\u0259ldiyini m\u00fc\u0259yy\u0259nl\u0259\u015fdir\u0259 bil\u0259rik&#8221;.<\/p>\n<p>Qeyd ed\u0259k ki, \u015eanxay \u018fm\u0259kda\u015fl\u0131q T\u0259\u015fkilat\u0131na \u00fczv \u00f6lk\u0259l\u0259rin \u00fcmumi \u0259razisi iki qit\u0259nin &#8211; Avropa v\u0259 Asiyan\u0131n 65 faizini, \u0259halisi is\u0259 d\u00fcnya \u0259halisinin t\u0259qrib\u0259n yar\u0131s\u0131n\u0131 t\u0259\u015fkil edir. \u015e\u018fT h\u0259tta m\u00fc\u015fahid\u0259\u00e7i v\u0259 dialoq \u00fczr\u0259 t\u0259r\u0259fda\u015flar n\u0259z\u0259r\u0259 al\u0131nmasa, d\u00fcnyan\u0131n \u0259n z\u0259ngin t\u0259bii resurslar\u0131n\u0131n yerl\u0259\u015fdiyi co\u011frafiyan\u0131 \u0259hat\u0259 edir. D\u00fcnya \u00dcDM-in 1\/4 faizi \u015e\u018fT-\u0259 \u00fczv \u00f6lk\u0259l\u0259rin pay\u0131na d\u00fc\u015f\u00fcr. Bu is\u0259 23 trilyon AB\u015e dollar\u0131 dem\u0259kdir. Prezident \u0130lham \u018fliyevin q\u0131sa zaman k\u0259siyind\u0259 art\u0131q ikinci d\u0259f\u0259 \u015e\u018fT-in Zirv\u0259 toplant\u0131s\u0131na d\u0259v\u0259t almas\u0131 Az\u0259rbaycana t\u0259kc\u0259 co\u011frafi m\u00f6vqeyin\u0259, regional v\u0259 qlobal prosesl\u0259rd\u0259 oynad\u0131\u011f\u0131 rola g\u00f6r\u0259 deyil, h\u0259m d\u0259 ilk n\u00f6vb\u0259d\u0259, Prezident \u0130lham \u018fliyevin n\u00fcfuzuna, y\u00fcks\u0259k liderlik keyfiyy\u0259tl\u0259rin\u0259 veril\u0259n d\u0259y\u0259r kimi q\u0259bul olunmal\u0131d\u0131r.<\/p>\n<p><strong>Yaz\u0131n\u0131 haz\u0131rlad\u0131: Etibar SEY\u0130DA\u011eA<\/strong><\/p>\n","protected":false},"excerpt":{"rendered":"<p>Az\u0259rbaycan d\u00fcnya \u0259halisinin yar\u0131s\u0131n\u0131n t\u0259msil olundu\u011fu t\u0259\u015fkilat \u00fc\u00e7\u00fcn vacib \u00f6lk\u0259dir \u00d6t\u0259n h\u0259ft\u0259nin d\u00fcnya siyas\u0259ti v\u0259 Az\u0259rbaycan \u00fc\u00e7\u00fcn \u0259h\u0259miyy\u0259tli hadis\u0259l\u0259rind\u0259n biri Qazax\u0131stan\u0131n Astana \u015f\u0259h\u0259rind\u0259 ke\u00e7iril\u0259n \u015eanxay \u018fm\u0259kda\u015fl\u0131q T\u0259\u015fkilat\u0131n\u0131n Zirv\u0259 toplant\u0131s\u0131, zirv\u0259 toplant\u0131s\u0131na Az\u0259rbaycan Prezidenti \u0130lham \u018fliyevin d\u0259v\u0259t edilm\u0259si oldu.\u00a0 Bu, Prezident \u0130lham \u018fliyevin \u015eanxay \u018fm\u0259kda\u015fl\u0131q T\u0259\u015fkilat\u0131n\u0131n Zirv\u0259 toplant\u0131s\u0131nda ikinci i\u015ftirak\u0131 idi. Bundan \u0259vv\u0259l \u015eanxay \u018fm\u0259kda\u015fl\u0131q T\u0259\u015fkilat\u0131n\u0131n s\u0259dri statusunda \u00d6zb\u0259kistan Respublikas\u0131n\u0131n Prezidenti \u015eavkat Mirziyoyevin d\u0259v\u0259ti il\u0259 d\u00f6vl\u0259timizin ba\u015f\u00e7\u0131s\u0131 t\u0259\u015fkilat\u0131n 2022-ci il sentyabr\u0131n 16-da \u00d6zb\u0259kistan\u0131n S\u0259m\u0259rq\u0259nd \u015f\u0259h\u0259rind\u0259 ke\u00e7irilmi\u015f zirv\u0259 toplant\u0131s\u0131nda i\u015ftirak edib. Astana Zirv\u0259 toplant\u0131s\u0131nda i\u015ftirak ed\u0259n Prezident \u0130lham \u018fliyevin Qazax\u0131stan Prezidenti Kas\u0131m-Jomart&hellip;<\/p>\n","protected":false},"author":2,"featured_media":735896,"comment_status":"closed","ping_status":"closed","sticky":false,"template":"","format":"standard","meta":{"om_disable_all_campaigns":false,"_monsterinsights_skip_tracking":false,"_monsterinsights_sitenote_active":false,"_monsterinsights_sitenote_note":"","_monsterinsights_sitenote_category":0},"categories":[19],"tags":[],"aioseo_notices":[],"gutentor_comment":0,"rttpg_featured_image_url":{"full":["https:\/\/arantv.az\/wp-content\/uploads\/2024\/07\/eb4db21b21718ed67cb06fc6beee2312.jpg",870,500,false],"landscape":["https:\/\/arantv.az\/wp-content\/uploads\/2024\/07\/eb4db21b21718ed67cb06fc6beee2312.jpg",870,500,false],"portraits":["https:\/\/arantv.az\/wp-content\/uploads\/2024\/07\/eb4db21b21718ed67cb06fc6beee2312.jpg",870,500,false],"thumbnail":["https:\/\/arantv.az\/wp-content\/uploads\/2024\/07\/eb4db21b21718ed67cb06fc6beee2312-500x280.jpg",500,280,true],"medium":["https:\/\/arantv.az\/wp-content\/uploads\/2024\/07\/eb4db21b21718ed67cb06fc6beee2312-635x365.jpg",635,365,true],"large":["https:\/\/arantv.az\/wp-content\/uploads\/2024\/07\/eb4db21b21718ed67cb06fc6beee2312-840x483.jpg",640,368,true],"1536x1536":["https:\/\/arantv.az\/wp-content\/uploads\/2024\/07\/eb4db21b21718ed67cb06fc6beee2312.jpg",870,500,false],"2048x2048":["https:\/\/arantv.az\/wp-content\/uploads\/2024\/07\/eb4db21b21718ed67cb06fc6beee2312.jpg",870,500,false],"post-thumbnail":["https:\/\/arantv.az\/wp-content\/uploads\/2024\/07\/eb4db21b21718ed67cb06fc6beee2312-240x172.jpg",240,172,true],"advps-thumb-one":["https:\/\/arantv.az\/wp-content\/uploads\/2024\/07\/eb4db21b21718ed67cb06fc6beee2312.jpg",870,500,false]},"rttpg_author":{"display_name":"V\u00fcsal Rafiqo\u011flu","author_link":"https:\/\/arantv.az\/?author=2"},"rttpg_comment":0,"rttpg_category":"<a href=\"https:\/\/arantv.az\/?cat=19\" rel=\"category\">G\u00fcnd\u0259m<\/a>","rttpg_excerpt":"Az\u0259rbaycan d\u00fcnya \u0259halisinin yar\u0131s\u0131n\u0131n t\u0259msil olundu\u011fu t\u0259\u015fkilat \u00fc\u00e7\u00fcn vacib \u00f6lk\u0259dir \u00d6t\u0259n h\u0259ft\u0259nin d\u00fcnya siyas\u0259ti v\u0259 Az\u0259rbaycan \u00fc\u00e7\u00fcn \u0259h\u0259miyy\u0259tli hadis\u0259l\u0259rind\u0259n biri Qazax\u0131stan\u0131n Astana \u015f\u0259h\u0259rind\u0259 ke\u00e7iril\u0259n \u015eanxay \u018fm\u0259kda\u015fl\u0131q T\u0259\u015fkilat\u0131n\u0131n Zirv\u0259 toplant\u0131s\u0131, zirv\u0259 toplant\u0131s\u0131na Az\u0259rbaycan Prezidenti \u0130lham \u018fliyevin d\u0259v\u0259t edilm\u0259si oldu.\u00a0 Bu, Prezident \u0130lham \u018fliyevin \u015eanxay \u018fm\u0259kda\u015fl\u0131q T\u0259\u015fkilat\u0131n\u0131n Zirv\u0259 toplant\u0131s\u0131nda ikinci i\u015ftirak\u0131 idi. Bundan \u0259vv\u0259l \u015eanxay \u018fm\u0259kda\u015fl\u0131q T\u0259\u015fkilat\u0131n\u0131n&hellip;","_links":{"self":[{"href":"https:\/\/arantv.az\/index.php?rest_route=\/wp\/v2\/posts\/735895"}],"collection":[{"href":"https:\/\/arantv.az\/index.php?rest_route=\/wp\/v2\/posts"}],"about":[{"href":"https:\/\/arantv.az\/index.php?rest_route=\/wp\/v2\/types\/post"}],"author":[{"embeddable":true,"href":"https:\/\/arantv.az\/index.php?rest_route=\/wp\/v2\/users\/2"}],"replies":[{"embeddable":true,"href":"https:\/\/arantv.az\/index.php?rest_route=%2Fwp%2Fv2%2Fcomments&post=735895"}],"version-history":[{"count":0,"href":"https:\/\/arantv.az\/index.php?rest_route=\/wp\/v2\/posts\/735895\/revisions"}],"wp:featuredmedia":[{"embeddable":true,"href":"https:\/\/arantv.az\/index.php?rest_route=\/wp\/v2\/media\/735896"}],"wp:attachment":[{"href":"https:\/\/arantv.az\/index.php?rest_route=%2Fwp%2Fv2%2Fmedia&parent=735895"}],"wp:term":[{"taxonomy":"category","embeddable":true,"href":"https:\/\/arantv.az\/index.php?rest_route=%2Fwp%2Fv2%2Fcategories&post=735895"},{"taxonomy":"post_tag","embeddable":true,"href":"https:\/\/arantv.az\/index.php?rest_route=%2Fwp%2Fv2%2Ftags&post=735895"}],"curies":[{"name":"wp","href":"https:\/\/api.w.org\/{rel}","templated":true}]}}