{"id":735901,"date":"2024-07-09T12:36:40","date_gmt":"2024-07-09T08:36:40","guid":{"rendered":"https:\/\/arantv.az\/?p=735901"},"modified":"2024-07-09T12:36:40","modified_gmt":"2024-07-09T08:36:40","slug":"kiml%c9%99r%c9%99-ayda-345-manat-od%c9%99nil%c9%99c%c9%99k","status":"publish","type":"post","link":"https:\/\/arantv.az\/?p=735901","title":{"rendered":"Kiml\u0259r\u0259 ayda 345 manat \u00f6d\u0259nil\u0259c\u0259k?"},"content":{"rendered":"<p><strong>M\u0259lum oldu\u011fu kimi, Prezident \u0130lham \u018fliyev &#8220;M\u0259\u015f\u011fulluq haqq\u0131nda&#8221; qanuna edil\u0259n d\u0259yi\u015fiklikl\u0259ri t\u0259sdiq edib.<\/strong><\/p>\n<p>S\u0259n\u0259d\u0259 \u0259sas\u0259n, 3 ay \u0259rzind\u0259 Nazirl\u0259r Kabineti kvotadan \u0259lav\u0259 i\u015f yerl\u0259rinin yarad\u0131lmas\u0131 v\u0259 m\u0259qs\u0259dli proqramlar\u0131n h\u0259yata ke\u00e7irilm\u0259si qaydalar\u0131n\u0131 t\u0259sdiq ed\u0259c\u0259k. \u018fm\u0259k v\u0259 \u018fhalinin Sosial M\u00fcdafi\u0259si Nazirliyi is\u0259 n\u00f6vb\u0259ti yar\u0131m il \u0259rzind\u0259 sosial m\u00fcdafi\u0259y\u0259 x\u00fcsusi ehtiyac\u0131 olan v\u0259 i\u015f\u0259 d\u00fcz\u0259lm\u0259kd\u0259 \u00e7\u0259tinlik \u00e7\u0259k\u0259n \u015f\u0259xsl\u0259rin kateqoriyalar\u0131 \u00fczr\u0259 faiz d\u0259r\u0259c\u0259l\u0259rini v\u0259 m\u0259qs\u0259dli proqramlar\u0131n h\u0259yata ke\u00e7irilm\u0259si \u00e7\u0259r\u00e7iv\u0259sind\u0259 i\u015f\u0259g\u00f6t\u00fcr\u0259n t\u0259r\u0259find\u0259n yarad\u0131lan h\u0259r i\u015f yerin\u0259 g\u00f6r\u0259 iqtisadi f\u0259aliyy\u0259t n\u00f6vl\u0259rinin x\u00fcsusiyy\u0259tl\u0259ri n\u0259z\u0259r\u0259 al\u0131nmaqla ayr\u0131lacaq v\u0259saitin m\u0259bl\u0259\u011fini t\u0259sdiq ed\u0259c\u0259k. H\u0259r iki qurum haz\u0131rlanan s\u0259n\u0259dl\u0259r il\u0259 ba\u011fl\u0131 \u00f6lk\u0259 Prezidentin\u0259 m\u0259lumat ver\u0259c\u0259k.<\/p>\n<p><em><strong>Milli M\u0259clisin VI \u00e7a\u011f\u0131r\u0131\u015f deputat\u0131 olmu\u015f V\u00fcqar Bayramovun s\u00f6zl\u0259rin\u0259 g\u00f6r\u0259, qanuna edil\u0259n d\u0259yi\u015fiklikl\u0259r i\u015f axtaran v\u0259t\u0259nda\u015flar\u0131m\u0131z\u0131n \u00f6z\u0259l sektorda i\u015fl\u0259 t\u0259min olunmaqla d\u00f6vl\u0259td\u0259n ayda minimum \u0259m\u0259k haqq\u0131 m\u0259bl\u0259\u011find\u0259, y\u0259ni 345 manat v\u0259sait almas\u0131na imkan ver\u0259c\u0259k. Minimum \u0259m\u0259k haqq\u0131 artd\u0131qca bu m\u0259bl\u0259\u011f d\u0259 y\u00fcks\u0259l\u0259c\u0259k:<\/strong><\/em><\/p>\n<p>&#8220;Yeni qanun \u00f6z\u0259l sektorda d\u00f6vl\u0259t hesab\u0131na daha \u00e7ox i\u015f yerl\u0259rinin yarad\u0131lmas\u0131na xidm\u0259t ed\u0259c\u0259k v\u0259 d\u00f6vl\u0259t \u0130\u015fsizlikd\u0259n S\u0131\u011forta Fondunun v\u0259saiti hesab\u0131na \u00f6z\u0259l sektorda kvotadan \u0259lav\u0259 15 i\u015f yerinin yarad\u0131lmas\u0131n\u0131 d\u0259st\u0259kl\u0259y\u0259c\u0259k. Praktik olaraq ilkin qiym\u0259tl\u0259ndirm\u0259l\u0259r\u0259 g\u00f6r\u0259 t\u0259xmin\u0259n 15 mind\u0259n art\u0131q v\u0259t\u0259nda\u015f\u0131m\u0131z\u0131n kvotadan \u0259lav\u0259 i\u015fl\u0259 t\u0259min edilm\u0259si m\u00fcmk\u00fcn olacaq. Bu zaman onlar\u0131n maa\u015flar\u0131 d\u00f6vl\u0259t t\u0259r\u0259find\u0259n \u00f6d\u0259nil\u0259c\u0259k v\u0259 onlar \u00f6z\u0259l sektorda i\u015f\u0259 c\u0259lb olunacaqlar&#8221;.<\/p>\n<p><em><strong>V.Bayramov \u0259lav\u0259 edib ki, yeni qanun eyni zamanda, d\u00f6vl\u0259t v\u0259 \u00f6z\u0259l t\u0259r\u0259fda\u015fl\u0131\u011f\u0131n\u0131n g\u00fccl\u0259ndirilm\u0259sin\u0259 imkan ver\u0259c\u0259k, i\u015faxtaranlar\u0131n daha q\u0131sa zamanda i\u015fl\u0259 t\u0259min olunmas\u0131na \u015f\u0259rait yaradacaq:<\/strong><\/em><\/p>\n<p>&#8220;X\u00fcsus\u0259n d\u0259 \u0259m\u0259k bazar\u0131nda daha \u00e7ox t\u0259l\u0259b olunan ixtisaslar \u00fczr\u0259 d\u00f6vl\u0259t t\u0259r\u0259find\u0259n maa\u015flar\u0131n \u00f6d\u0259nilm\u0259si h\u0259yata ke\u00e7iril\u0259c\u0259k. Kvotadan \u0259lav\u0259 i\u015f yerl\u0259rinin yarad\u0131lmas\u0131 v\u0259 h\u0259min i\u015f yerl\u0259rind\u0259 \u00e7al\u0131\u015fanlanlar\u0131n maa\u015flar\u0131n\u0131n d\u00f6vl\u0259t t\u0259r\u0259find\u0259n \u00f6d\u0259nilm\u0259si h\u0259m \u00f6z\u0259l sektor \u00fc\u00e7\u00fcn i\u015f\u00e7il\u0259ri c\u0259lb etm\u0259k bax\u0131m\u0131ndan, h\u0259m d\u0259 i\u015fsizl\u0259rin daha q\u0131sa zamanda i\u015fl\u0259 t\u0259min olunmas\u0131 bax\u0131m\u0131ndan yeni bir imkand\u0131r. B\u00fct\u00f6vl\u00fckd\u0259, qanun \u00f6lk\u0259mizd\u0259 m\u0259\u015f\u011fullu\u011fun daha yax\u0131ndan t\u0259min olunmas\u0131na v\u0259 i\u015f axtaranlar\u0131n q\u0131sa m\u00fcdd\u0259td\u0259 i\u015fl\u0259 t\u0259min olmas\u0131 \u00fc\u00e7\u00fcn yeni imkanlar yaratmaqla \u0259halinin sosial t\u0259minat\u0131n\u0131n daha da yax\u015f\u0131la\u015fd\u0131r\u0131lmas\u0131na xidm\u0259t ed\u0259c\u0259k&#8221;.\/qafqazinfo<\/p>\n","protected":false},"excerpt":{"rendered":"<p>M\u0259lum oldu\u011fu kimi, Prezident \u0130lham \u018fliyev &#8220;M\u0259\u015f\u011fulluq haqq\u0131nda&#8221; qanuna edil\u0259n d\u0259yi\u015fiklikl\u0259ri t\u0259sdiq edib. S\u0259n\u0259d\u0259 \u0259sas\u0259n, 3 ay \u0259rzind\u0259 Nazirl\u0259r Kabineti kvotadan \u0259lav\u0259 i\u015f yerl\u0259rinin yarad\u0131lmas\u0131 v\u0259 m\u0259qs\u0259dli proqramlar\u0131n h\u0259yata ke\u00e7irilm\u0259si qaydalar\u0131n\u0131 t\u0259sdiq ed\u0259c\u0259k. \u018fm\u0259k v\u0259 \u018fhalinin Sosial M\u00fcdafi\u0259si Nazirliyi is\u0259 n\u00f6vb\u0259ti yar\u0131m il \u0259rzind\u0259 sosial m\u00fcdafi\u0259y\u0259 x\u00fcsusi ehtiyac\u0131 olan v\u0259 i\u015f\u0259 d\u00fcz\u0259lm\u0259kd\u0259 \u00e7\u0259tinlik \u00e7\u0259k\u0259n \u015f\u0259xsl\u0259rin kateqoriyalar\u0131 \u00fczr\u0259 faiz d\u0259r\u0259c\u0259l\u0259rini v\u0259 m\u0259qs\u0259dli proqramlar\u0131n h\u0259yata ke\u00e7irilm\u0259si \u00e7\u0259r\u00e7iv\u0259sind\u0259 i\u015f\u0259g\u00f6t\u00fcr\u0259n t\u0259r\u0259find\u0259n yarad\u0131lan h\u0259r i\u015f yerin\u0259 g\u00f6r\u0259 iqtisadi f\u0259aliyy\u0259t n\u00f6vl\u0259rinin x\u00fcsusiyy\u0259tl\u0259ri n\u0259z\u0259r\u0259 al\u0131nmaqla ayr\u0131lacaq v\u0259saitin m\u0259bl\u0259\u011fini t\u0259sdiq ed\u0259c\u0259k. H\u0259r iki qurum haz\u0131rlanan s\u0259n\u0259dl\u0259r il\u0259 ba\u011fl\u0131&hellip;<\/p>\n","protected":false},"author":2,"featured_media":735902,"comment_status":"closed","ping_status":"closed","sticky":false,"template":"","format":"standard","meta":{"om_disable_all_campaigns":false,"_monsterinsights_skip_tracking":false,"_monsterinsights_sitenote_active":false,"_monsterinsights_sitenote_note":"","_monsterinsights_sitenote_category":0},"categories":[1],"tags":[],"aioseo_notices":[],"gutentor_comment":0,"rttpg_featured_image_url":{"full":["https:\/\/arantv.az\/wp-content\/uploads\/2024\/07\/608a49c029309fc1b64449a63cdbf4b2.jpg",870,500,false],"landscape":["https:\/\/arantv.az\/wp-content\/uploads\/2024\/07\/608a49c029309fc1b64449a63cdbf4b2.jpg",870,500,false],"portraits":["https:\/\/arantv.az\/wp-content\/uploads\/2024\/07\/608a49c029309fc1b64449a63cdbf4b2.jpg",870,500,false],"thumbnail":["https:\/\/arantv.az\/wp-content\/uploads\/2024\/07\/608a49c029309fc1b64449a63cdbf4b2-500x280.jpg",500,280,true],"medium":["https:\/\/arantv.az\/wp-content\/uploads\/2024\/07\/608a49c029309fc1b64449a63cdbf4b2-635x365.jpg",635,365,true],"large":["https:\/\/arantv.az\/wp-content\/uploads\/2024\/07\/608a49c029309fc1b64449a63cdbf4b2-840x483.jpg",640,368,true],"1536x1536":["https:\/\/arantv.az\/wp-content\/uploads\/2024\/07\/608a49c029309fc1b64449a63cdbf4b2.jpg",870,500,false],"2048x2048":["https:\/\/arantv.az\/wp-content\/uploads\/2024\/07\/608a49c029309fc1b64449a63cdbf4b2.jpg",870,500,false],"post-thumbnail":["https:\/\/arantv.az\/wp-content\/uploads\/2024\/07\/608a49c029309fc1b64449a63cdbf4b2-240x172.jpg",240,172,true],"advps-thumb-one":["https:\/\/arantv.az\/wp-content\/uploads\/2024\/07\/608a49c029309fc1b64449a63cdbf4b2.jpg",870,500,false]},"rttpg_author":{"display_name":"V\u00fcsal Rafiqo\u011flu","author_link":"https:\/\/arantv.az\/?author=2"},"rttpg_comment":0,"rttpg_category":"<a href=\"https:\/\/arantv.az\/?cat=1\" rel=\"category\">C\u0259miyy\u0259t<\/a>","rttpg_excerpt":"M\u0259lum oldu\u011fu kimi, Prezident \u0130lham \u018fliyev &#8220;M\u0259\u015f\u011fulluq haqq\u0131nda&#8221; qanuna edil\u0259n d\u0259yi\u015fiklikl\u0259ri t\u0259sdiq edib. S\u0259n\u0259d\u0259 \u0259sas\u0259n, 3 ay \u0259rzind\u0259 Nazirl\u0259r Kabineti kvotadan \u0259lav\u0259 i\u015f yerl\u0259rinin yarad\u0131lmas\u0131 v\u0259 m\u0259qs\u0259dli proqramlar\u0131n h\u0259yata ke\u00e7irilm\u0259si qaydalar\u0131n\u0131 t\u0259sdiq ed\u0259c\u0259k. \u018fm\u0259k v\u0259 \u018fhalinin Sosial M\u00fcdafi\u0259si Nazirliyi is\u0259 n\u00f6vb\u0259ti yar\u0131m il \u0259rzind\u0259 sosial m\u00fcdafi\u0259y\u0259 x\u00fcsusi ehtiyac\u0131 olan v\u0259 i\u015f\u0259 d\u00fcz\u0259lm\u0259kd\u0259 \u00e7\u0259tinlik \u00e7\u0259k\u0259n \u015f\u0259xsl\u0259rin&hellip;","_links":{"self":[{"href":"https:\/\/arantv.az\/index.php?rest_route=\/wp\/v2\/posts\/735901"}],"collection":[{"href":"https:\/\/arantv.az\/index.php?rest_route=\/wp\/v2\/posts"}],"about":[{"href":"https:\/\/arantv.az\/index.php?rest_route=\/wp\/v2\/types\/post"}],"author":[{"embeddable":true,"href":"https:\/\/arantv.az\/index.php?rest_route=\/wp\/v2\/users\/2"}],"replies":[{"embeddable":true,"href":"https:\/\/arantv.az\/index.php?rest_route=%2Fwp%2Fv2%2Fcomments&post=735901"}],"version-history":[{"count":0,"href":"https:\/\/arantv.az\/index.php?rest_route=\/wp\/v2\/posts\/735901\/revisions"}],"wp:featuredmedia":[{"embeddable":true,"href":"https:\/\/arantv.az\/index.php?rest_route=\/wp\/v2\/media\/735902"}],"wp:attachment":[{"href":"https:\/\/arantv.az\/index.php?rest_route=%2Fwp%2Fv2%2Fmedia&parent=735901"}],"wp:term":[{"taxonomy":"category","embeddable":true,"href":"https:\/\/arantv.az\/index.php?rest_route=%2Fwp%2Fv2%2Fcategories&post=735901"},{"taxonomy":"post_tag","embeddable":true,"href":"https:\/\/arantv.az\/index.php?rest_route=%2Fwp%2Fv2%2Ftags&post=735901"}],"curies":[{"name":"wp","href":"https:\/\/api.w.org\/{rel}","templated":true}]}}