{"id":735905,"date":"2024-07-09T12:37:23","date_gmt":"2024-07-09T08:37:23","guid":{"rendered":"https:\/\/arantv.az\/?p=735905"},"modified":"2024-07-09T12:37:23","modified_gmt":"2024-07-09T08:37:23","slug":"turk-zirv%c9%99sind%c9%99n-qorxuya-dus%c9%99nl%c9%99r-bakidan-tutarli-cavab","status":"publish","type":"post","link":"https:\/\/arantv.az\/?p=735905","title":{"rendered":"T\u00fcrk Zirv\u0259sind\u0259n qorxuya d\u00fc\u015f\u0259nl\u0259r &#8211; Bak\u0131dan tutarl\u0131 cavab"},"content":{"rendered":"<div class=\"text-content\" data-id=\"\" data-url=\"\">\n<p><strong>Az\u0259rbaycan\u0131n azad etdiyi Qaraba\u011fda ke\u00e7iril\u0259n m\u00f6ht\u0259\u015f\u0259m t\u0259dbir\u0259 q\u0259r\u0259zli m\u00fcnasib\u0259t h\u0259m d\u0259 z\u0259f\u0259rimizi h\u0259zm ed\u0259 bilm\u0259y\u0259nl\u0259rin son \u00e7\u0131rp\u0131nt\u0131lar\u0131d\u0131r; Avropan\u0131n t\u00fcrkofoblar\u0131na k\u0259skin reaksiyalar<\/strong><\/p>\n<p>\u0130yulun 6-da \u015eu\u015fa \u015f\u0259h\u0259rind\u0259 ke\u00e7iril\u0259n T\u00fcrk D\u00f6vl\u0259tl\u0259ri T\u0259\u015fkilat\u0131n\u0131n (OTT) sammiti dostlar\u0131m\u0131z\u0131 sevindirdi, b\u0259dxahlar\u0131m\u0131z\u0131n i\u00e7 \u00fcz\u00fcn\u00fc bir daha a\u00e7d\u0131, eyni zamanda T\u00fcrk birliyind\u0259n qorxanlar\u0131n normal davran\u0131\u015flar\u0131n\u0131n \u015fahidi olduq. Avropa Birliyinin erm\u0259nip\u0259r\u0259st r\u0259hb\u0259rl\u0259ri x\u00fcsusi narahatl\u0131qlar\u0131n\u0131 b\u00fcruz\u0259 verdil\u0259r. \u018fl\u0259lx\u00fcsus Macar\u0131stan\u0131n ba\u015f naziri Viktor Orban\u0131n iyulun 6-da Az\u0259rbaycan\u0131n \u015eu\u015fa \u015f\u0259h\u0259rind\u0259 ke\u00e7iril\u0259n T\u00fcrk D\u00f6vl\u0259tl\u0259ri T\u0259\u015fkilat\u0131n\u0131n (OTT) sammitind\u0259 i\u015ftirak\u0131 b\u0259zil\u0259rini s\u00f6z\u00fcn \u0259sl m\u0259nas\u0131nda d\u0259li edib.<\/p>\n<p>Hans\u0131 ki, bu, Az\u0259rbaycan\u0131n n\u00fcfuzu, eyni zamanda \u0259dal\u0259tli, d\u00fcr\u00fcst m\u00f6vqeyi, habel\u0259 Orban\u0131n adekvat davran\u0131\u015f\u0131d\u0131r. A\u0130-nin r\u0259hb\u0259rl\u0259rind\u0259n olan erm\u0259nip\u0259r\u0259st Cozef Borrell Orban\u0131n \u015eu\u015fa sammitind\u0259 i\u015ftirak\u0131 il\u0259 ba\u011fl\u0131 a\u00e7\u0131qlama verib, o deyib ki, Orban sammitd\u0259 Avropa \u0130ttifaq\u0131n\u0131 t\u0259msil etm\u0259yib. Bundan \u0259lav\u0259, Avropa \u0130ttifaq\u0131 t\u0259\u015fkilatda m\u00fc\u015fahid\u0259\u00e7i qismind\u0259 \u201cUTC-nin \u015eimali Kipr T\u00fcrk C\u00fcmhuriyy\u0259tini (\u015eKTC) legitiml\u0259\u015fdirm\u0259 c\u0259hdl\u0259rini pisl\u0259yib\u201d. \u201cMacar\u0131stan\u0131n ba\u015f naziri Viktor Orban\u0131n T\u00fcrk D\u00f6vl\u0259tl\u0259ri T\u0259\u015fkilat\u0131n\u0131n Qaraba\u011fda ke\u00e7iril\u0259n sammitind\u0259 i\u015ftirak\u0131 A\u0130 \u00fc\u00e7\u00fcn qalmaqald\u0131r\u201d. Bu s\u0259rs\u0259m iddia il\u0259 is\u0259 Avropa Parlamentinin deputat\u0131 Natali Luazo \u00e7\u0131x\u0131\u015f edib. \u201cViktor Orban\u0131n T\u00fcrk D\u00f6vl\u0259tl\u0259rinin Sammitind\u0259 \u015eimali Kipr t\u0259msil\u00e7isi il\u0259, h\u0259tta Qaraba\u011f \u015f\u0259h\u0259rind\u0259 (?-E.P.) i\u015ftirak\u0131 Macar\u0131stan \u00fc\u00e7\u00fcn biab\u0131r\u00e7\u0131l\u0131q, Avropa \u00fc\u00e7\u00fcn is\u0259 qalmaqald\u0131r. Macar\u0131stan\u0131n ba\u015f naziri Orban Kipr problemini \u015f\u00fcbh\u0259 alt\u0131na al\u0131rm\u0131? \u201d- Luazo X sosial \u015f\u0259b\u0259k\u0259d\u0259 qeyd edib&#8230; T\u0259bii ki, AB-d\u0259 t\u00fcrkofob, islamofob dair\u0259l\u0259r sammitd\u0259n \u0259ndi\u015f\u0259l\u0259nibl\u0259r. T\u00fcrk Birliyin\u0259 Avropan\u0131n x\u0259bisliyi fonunda ilk a\u00e7\u0131qlaman\u0131n islamofob v\u0259 t\u00fcrkofob Avropa v\u0259 \u015f\u0259xs\u0259n Borreld\u0259n g\u0259lm\u0259si d\u0259 t\u0259\u0259cc\u00fcbl\u00fc deyil. Onun bu c\u00fcr tezisl\u0259rini haz\u0131rlayanlar is\u0259 Avropa \u0130ttifaq\u0131 xarici \u0259laq\u0259l\u0259r departamentind\u0259 \u00e7al\u0131\u015fan Zibert kimi \u015fovinist v\u0259 s\u0259lib\u00e7i t\u0259f\u0259kk\u00fcrl\u00fc \u015f\u0259xsl\u0259rdir. Bu c\u00fcr s\u0259rs\u0259m davran\u0131\u015f h\u0259m d\u0259 onu g\u00f6st\u0259rir ki,Tt\u00fcrk d\u00fcnyas\u0131 art\u0131q d\u00fcnyan\u0131n idar\u0259\u00e7iliyind\u0259 s\u00f6z, n\u00fcfuz sahibidir, bu, geosiyasi faktd\u0131r. Macar\u0131stan v\u0259 onun lideri Orban \u0259slind\u0259 A\u0130 \u00fc\u00e7\u00fcn demokratiya, \u0259dal\u0259t d\u0259rsi ke\u00e7ir, g\u00f6st\u0259rir ki, d\u00fcnya il\u0259 \u0259laq\u0259l\u0259r nec\u0259 qurulur. Bir diqq\u0259t\u00e7\u0259k\u0259n m\u0259qam da odur ki, T\u00fcrk d\u00fcnyas\u0131na qar\u015f\u0131 d\u00fc\u015fm\u0259n\u00e7ilk ed\u0259n yunan Kirpi v\u0259 Yunan\u0131stan da Borreli v\u0259 onun kimil\u0259ri q\u0131z\u0131\u015fd\u0131r\u0131r. Hans\u0131 ki, Yunan\u0131stan bir m\u00fcdd\u0259t \u00f6nc\u0259 T\u00fcrkiy\u0259 il\u0259 m\u00fcnasib\u0259tl\u0259ri d\u00fcz\u0259ltm\u0259y\u0259 \u00e7al\u0131\u015f\u0131rd\u0131. G\u00f6r\u00fcn\u00fcr, A\u0130 bunun da qar\u015f\u0131s\u0131n\u0131 al\u0131r. Az\u0259rbaycan\u0131n azad etdiyi Qaraba\u011fda ke\u00e7iril\u0259n m\u00f6ht\u0259\u015f\u0259m t\u0259dbir\u0259 q\u0259r\u0259zli m\u00fcnasib\u0259t h\u0259m d\u0259 z\u0259f\u0259rimizi h\u0259zm ed\u0259 bilm\u0259y\u0259nl\u0259rin son \u00e7\u0131rp\u0131nt\u0131lar\u0131d\u0131r. Ancaq prosesl\u0259rin m\u0259cras\u0131 g\u00f6st\u0259rir ki, bu c\u00fcr naqislikl\u0259r n\u0259tic\u0259siz olacaq. \u00c7\u00fcnki TDT qar\u015f\u0131s\u0131al\u0131nmaz bir g\u00fccd\u00fcr. Avropa Parlamentinin deputat\u0131 da s\u0259rs\u0259m a\u00e7\u0131qlama verib. Ba\u015f ver\u0259nl\u0259r n\u0259 v\u0259d edir? Macar\u0131stan v\u0259 Quzey K\u0131pr\u0131s\u0131n TDT-y\u0259 tam \u0259sasda \u00fczvl\u00fcy\u00fcn\u00fc yax\u0131nla\u015fd\u0131r\u0131r? Cavab nec\u0259 olacaq? Avropa TDT-d\u0259n niy\u0259 narahatd\u0131r?<\/p>\n<p>&nbsp;<\/p>\n<p><img src=\"https:\/\/1news.az\/images\/2020\/06\/24\/20200624103408405\/1591702210_sahib-aliyev-deputat.jpg?2021-02-17+09%3A23%3A32\" alt=\"Deputat Sahib Al\u0131yev: &quot;Sa\u011falmaq \u00fczr\u0259y\u0259m&quot; | 1news.az | X\u0259b\u0259rl\u0259r\" \/><\/p>\n<p><strong>Deputat: \u201cOnlar t\u00fcrk\u00fcn g\u00fcc\u00fcn\u00fcn v\u0259 g\u00fccl\u00fc t\u00fcrk\u00fcn n\u0259 dem\u0259k oldu\u011funu yax\u015f\u0131 bilirl\u0259r\u201d<\/strong><\/p>\n<p>Deputat Sahib Al\u0131yev \u201cYeni M\u00fcsavat\u201da a\u00e7\u0131qlamas\u0131nda Avropadan g\u0259l\u0259n q\u0131c\u0131ql\u0131 v\u0259 q\u0259r\u0259zli reaksiyalara maraql\u0131 cavablar verdi: \u201cAvropa Birliyind\u0259 riyazi terminl\u0259 des\u0259k, k\u00f6kaltdak\u0131 Makronun, y\u0259ni Jozep Borrel v\u0259 dig\u0259r \u00fcns\u00fcrl\u0259rin T\u00fcrk D\u00f6vl\u0259tl\u0259ri T\u0259\u015fkilat\u0131n\u0131n \u015eu\u015fadak\u0131 qeyri-r\u0259smi zirv\u0259 g\u00f6r\u00fc\u015f\u00fc onlar\u0131n s\u0259rgil\u0259m\u0259y\u0259 \u00e7al\u0131\u015fd\u0131qlar\u0131 kimi &#8220;Kipr t\u00fcrk separat\u00e7\u0131 qurumunu legitiml\u0259\u015fdirm\u0259k c\u0259hdl\u0259ri&#8221;n\u0259 g\u00f6r\u0259 g\u00f6zl\u0259rin\u0259 girm\u0259yib, \u0259ksin\u0259, diriltm\u0259y\u0259 \u00e7al\u0131\u015fd\u0131qlar\u0131 hay separatizmin\u0259, daha do\u011frusu, \u201cmiatsum\u201d\u00e7ulu\u011fa daha he\u00e7 bir \u015fans verilm\u0259diyini g\u00f6rd\u00fckl\u0259rind\u0259n bel\u0259 qeyzl\u0259nibl\u0259r. Siz s\u00f6z\u00fcn h\u0259r anlam\u0131nda h\u0259min zirv\u0259d\u0259 \u00d6zb\u0259kistan prezidenti c\u0259nab Mirziyoyevin \u00e7\u0131x\u0131\u015f\u0131na diqq\u0259t yetirdiniz? Bax\u0131n, g\u00f6r\u00fcn bu t\u0259cr\u00fcb\u0259li d\u00f6vl\u0259t xadimi n\u0259 deyir: \u201cM\u00fcst\u0259qil Az\u0259rbaycan d\u00f6vl\u0259tinin qurucusu m\u00f6ht\u0259r\u0259m Heyd\u0259r \u018fliyevin s\u00f6zl\u0259ri il\u0259 des\u0259k, \u015eu\u015fas\u0131z Qaraba\u011f, Qaraba\u011fs\u0131z Az\u0259rbaycan yoxdur. Bel\u0259likl\u0259, bu unikal \u015f\u0259h\u0259r t\u0259kc\u0259 Az\u0259rbaycan xalq\u0131n\u0131n deyil, b\u00fct\u00fcn t\u00fcrk xalqlar\u0131n\u0131n q\u0259lbind\u0259 x\u00fcsusi ehtiram v\u0259 q\u00fcrur, iftixar duy\u011fular\u0131n\u0131 oyad\u0131r\u201d. Bu s\u00f6zl\u0259rin diplomatik dild\u0259n t\u0259rc\u00fcm\u0259si bilirsiniz n\u0259 anlam da\u015f\u0131y\u0131r? \u00d6zb\u0259kistan prezidenti diqq\u0259t\u0259 \u00e7atd\u0131r\u0131r ki, \u015eu\u015fas\u0131z Qaraba\u011f, Qaraba\u011fs\u0131z Az\u0259rbaycan olmad\u0131\u011f\u0131 kimi, T\u00fcrk d\u00fcnyas\u0131 da yoxdur! Ba\u015fqa s\u00f6zl\u0259 des\u0259k, Qaraba\u011fla \u015eu\u015fa Az\u0259rbaycan \u00fc\u00e7\u00fcn n\u0259dirs\u0259, T\u00fcrk d\u00fcnyas\u0131 \u00fc\u00e7\u00fcn d\u0259 odur. C\u0259nab Mirziyoyevin \u00e7\u0131x\u0131\u015f\u0131nda vur\u011fulanan bax, budur! Bunun sad\u0259c\u0259 s\u00f6z olmad\u0131\u011f\u0131 \u015eu\u015fa Zirv\u0259sind\u0259 &#8211; bu ifad\u0259 nec\u0259 d\u0259 g\u00f6z\u0259l s\u0259sl\u0259nir, deyilmi &#8211; imzalanan Qaraba\u011f B\u0259yannam\u0259sind\u0259 b\u00fct\u00fcn \u00e7\u0131lpa\u011fl\u0131\u011f\u0131 il\u0259 \u00f6z\u00fcn\u00fc g\u00f6st\u0259rir. T\u0259kq\u00fctbl\u00fc d\u00fcnya d\u00fcz\u0259ni qurma\u011fa \u00e7al\u0131\u015fan y\u0131rt\u0131c\u0131lar\u0131 \u00e7\u0131ld\u0131ran v\u0259 g\u0259l\u0259c\u0259kd\u0259 daha da \u00e7ox \u00e7\u0131ld\u0131racaq m\u0259hz TDT-nin h\u0259min b\u0259yannam\u0259d\u0259 \u0259ksini tapan, bel\u0259 dem\u0259k m\u00fcmk\u00fcns\u0259, yol x\u0259rit\u0259sidir. H\u0259min b\u0259yannam\u0259d\u0259 \u0259ksini tapan a\u015fa\u011f\u0131dak\u0131 fikirl\u0259r\u0259 bax\u0131n, g\u00f6r\u00fcn, h\u0259m d\u0259 nec\u0259 bir yol x\u0259rit\u0259si: \u201cQar\u015f\u0131l\u0131ql\u0131 maraq k\u0259sb ed\u0259n regional v\u0259 beyn\u0259lxalq m\u0259s\u0259l\u0259l\u0259rl\u0259 ba\u011fl\u0131 davaml\u0131 m\u0259sl\u0259h\u0259tl\u0259\u015fm\u0259l\u0259rin apar\u0131lmas\u0131, TDT-nin &#8220;qlobal miqyasda potensial\u0131 n\u0259z\u0259r\u0259 al\u0131nmaqla daha iddial\u0131 m\u0259qs\u0259dl\u0259rin qar\u015f\u0131ya qoyulmas\u0131&#8221;, onlar\u0131n \u201cs\u0259m\u0259r\u0259li h\u0259yata ke\u00e7irilm\u0259si \u00fc\u00e7\u00fcn m\u00fcvafiq mexanizm v\u0259 qaydalar\u0131n t\u0259tbiqi\u201d, \u201ckibert\u0259hl\u00fck\u0259sizliyin birg\u0259 t\u0259mini\u201d, \u201cs\u00fcni intellekt \u00fczr\u0259 t\u0259r\u0259fda\u015fl\u0131qlar\u0131n qurulmas\u0131, m\u0259lumat m\u0259rk\u0259zl\u0259rinin v\u0259 bulud infrastrukturlar\u0131n\u0131n yarad\u0131lmas\u0131\u201d, \u201cb\u00f6y\u00fck dil modeli formas\u0131nda \u00fcmumi platformadan istifad\u0259\u201d, \u201cMilli kosmik proqramlar\u0131n potensial\u0131n\u0131n v\u0259 r\u0259qab\u0259t qabiliyy\u0259tinin art\u0131r\u0131lmas\u0131na y\u00f6n\u0259ldilmi\u015f s\u0259yl\u0259rin birl\u0259\u015fdirilm\u0259si, \u00fczv d\u00f6vl\u0259tl\u0259rin milli qanunvericiliyin\u0259 uy\u011fun olaraq m\u00fcdafi\u0259 s\u0259nayesi sah\u0259sind\u0259 birg\u0259 f\u0259aliyy\u0259t\u201d &#8211; sizc\u0259, b\u00fct\u00fcn bunlar islamofobluqlar\u0131n\u0131, ondan da bet\u0259r t\u00fcrkofobluqlar\u0131n\u0131 gizl\u0259tm\u0259y\u0259nl\u0259r\u0259 rahatl\u0131q ver\u0259r?&#8221;<\/p>\n<p>S.Al\u0131yev \u0259lav\u0259 etdi ki, makronlar\u0131, onun kublar\u0131n\u0131, kvadratlar\u0131n\u0131, eyni zamanda Borrel kimi k\u00f6kalt\u0131lar\u0131n\u0131 q\u0131c\u0131qland\u0131ran \u00f6zl\u0259rind\u0259n saymad\u0131qlar\u0131 provoslav yunanlar\u0131n, kiprlil\u0259rin maraqlar\u0131n\u0131n \u0259leyhin\u0259 y\u00f6n\u0259lmi\u015f add\u0131mlar deyil, t\u00fcrk d\u00f6vl\u0259tl\u0259rinin Qaraba\u011f B\u0259yannam\u0259sind\u0259 d\u0259 vur\u011fuland\u0131\u011f\u0131 kimi, \u201cvahid g\u00fcc kimi \u00e7\u0131x\u0131\u015f etm\u0259k\u201d niyy\u0259tidir: \u201cOnlar t\u00fcrk\u00fcn g\u00fcc\u00fcn\u00fcn v\u0259 g\u00fccl\u00fc t\u00fcrk\u00fcn n\u0259 dem\u0259k oldu\u011funu yax\u015f\u0131 bilirl\u0259r. Bundan narahatd\u0131rlar. \u018fg\u0259r onlar Az\u0259rbaycan Prezidenti c\u0259nab \u0130lham \u018fliyevin d\u0259 d\u0259f\u0259l\u0259rl\u0259 diqq\u0259t\u0259 \u00e7atd\u0131rd\u0131\u011f\u0131 kimi, bu regionda b\u00f6l\u00fcc\u00fc s\u0259dl\u0259r \u00e7\u0259km\u0259k ist\u0259mirl\u0259rs\u0259, onda Macar\u0131stan ba\u015f nazirinin TDT-nin \u015eu\u015fa Zirv\u0259sin\u0259 qat\u0131lmas\u0131n\u0131 niy\u0259 h\u0259zm etmirl\u0259r? Kard\u0131rlar, e\u015fitm\u0259dil\u0259r, haz\u0131rda Avropa Birliyin\u0259 s\u0259drlik ed\u0259n Macar\u0131stan\u0131n r\u0259hb\u0259ri c\u0259nab Orban oradak\u0131 \u00e7\u0131x\u0131\u015f\u0131nda TDT-ni &#8220;Q\u0259rbl\u0259 \u015e\u0259rq aras\u0131nda \u0259m\u0259kda\u015fl\u0131q \u00fc\u00e7\u00fcn \u00e7ox vacib bir t\u0259\u015fkilat&#8221; olaraq d\u0259y\u0259rl\u0259ndirdi? Bunlar b\u00f6l\u00fcc\u00fc s\u0259dl\u0259r \u00e7\u0259kmirl\u0259rs\u0259, m\u0259qs\u0259dl\u0259ri qar\u015f\u0131durma deyil d\u0259, \u0259m\u0259kda\u015fl\u0131qd\u0131rsa, niy\u0259 Avropa Birliyinin \u00fczv\u00fc olmaqla yana\u015f\u0131, \u00fcst\u0259lik, ona s\u0259drlik d\u0259 ed\u0259n \u00f6lk\u0259nin ba\u015f nazirinin \u015eu\u015fada h\u0259min qurumu t\u0259msil etm\u0259diyini deyirl\u0259r? Avropa Birliyini onda kim t\u0259msil edir, Qaraba\u011fdan \u00f6zl\u0259ri \u00e7\u0131x\u0131b ged\u0259n \u201cmiatsum\u201d\u00e7ular\u0131 etnik t\u0259mizl\u0259m\u0259 qurbanlar\u0131 kimi t\u0259qdim etm\u0259y\u0259 \u00e7al\u0131\u015fan borrell\u0259r? \u00d6z\u00fc d\u0259 o \u00fcns\u00fcrl\u0259ri ki, y\u00fcz minl\u0259rl\u0259 az\u0259rbaycanl\u0131ya qar\u015f\u0131 etnik t\u0259mizl\u0259m\u0259 apar\u0131b v\u0259 Xocal\u0131 soyq\u0131r\u0131m\u0131 qar\u0131\u015f\u0131q, y\u00fczl\u0259rl\u0259 h\u0259rbi cinay\u0259t t\u00f6r\u0259dibl\u0259r&#8221;.<\/p>\n<p><strong>N\u0259hay\u0259t, deputat sual etdi:<\/strong>\u00a0\u201c\u018fg\u0259r Avropa Birliyini c\u0259nab Orban deyil d\u0259, Borrel kimi \u00fcns\u00fcrl\u0259r t\u0259msil edirs\u0259, Br\u00fcsseld\u0259kil\u0259r oturub fikirl\u0259\u015fsinl\u0259r ki, onda Az\u0259rbaycan\u0131n h\u0259min quruma yana\u015fmas\u0131 nec\u0259 olmald\u0131r? Sual ritorikdir, ya yox, bu, m\u0259hz q\u0259rbd\u0259kil\u0259rin g\u0259l\u0259c\u0259k davran\u0131\u015flar\u0131ndan as\u0131l\u0131 olacaq\u201d.<\/p>\n<p><img src=\"https:\/\/www.bizimyol.info\/az\/wp-content\/uploads\/2020\/12\/sahib_mammadov.jpg\" alt=\"Koronavirusa yoluxan Sahib M\u0259mm\u0259dov ev\u0259 burax\u0131l\u0131b: &quot;X\u0259st\u0259xanlara \u00e7ox a\u011f\u0131r  x\u0259st\u0259l\u0259r g\u0259lir&quot;\" \/><\/p>\n<p><strong>Sahib M\u0259mm\u0259dov<\/strong><\/p>\n<p><strong>Sosial T\u0259dqiqatlar M\u0259rk\u0259zinin icra\u00e7\u0131 direktoru Sahib M\u0259mm\u0259dov q\u0259zetimiz\u0259 bildirdi ki, T\u00fcrk D\u00f6vl\u0259tl\u0259ri T\u0259\u015fkilat\u0131n\u0131n \u015eu\u015fadak\u0131 qeyri-r\u0259smi zirv\u0259 toplant\u0131s\u0131n\u0131n q\u0131c\u0131q do\u011furaca\u011f\u0131 \u015f\u00fcbh\u0259siz idi:<\/strong>\u00a0\u201cAvropa \u0130ttifaq\u0131na daxil olan d\u00f6vl\u0259tl\u0259rin, x\u00fcsus\u0259n Q\u0259rb d\u00f6vl\u0259tl\u0259rinin separat\u00e7\u0131 Kosovon\u0131 d\u0259st\u0259kl\u0259m\u0259si fonunda Macarstan\u0131n ba\u015f naziri Orban\u0131 \u015eimali Kipr T\u00fcrk C\u00fcmhuriyy\u0259tini legitiml\u0259\u015fdirm\u0259kd\u0259 g\u00fcnahland\u0131rmas\u0131 da absurddur. \u018fvv\u0259la, \u015eimali Kipr T\u00fcrk C\u00fcmhuriyy\u0259ti t\u0259dbird\u0259 \u00fczv d\u00f6vl\u0259t kimi i\u015ftirak etm\u0259yib, qonaq qismind\u0259 qat\u0131l\u0131b. Macar\u0131stan \u00f6z\u00fc d\u0259 bu t\u0259\u015fkilat\u0131n \u00fczv\u00fc deyil. Bu bax\u0131mdan Macar\u0131stan ba\u015f nazirinin t\u0259dbird\u0259 i\u015ftirak\u0131 Avropa \u0130ttifaq\u0131n\u0131n h\u0259r hans\u0131 siyas\u0259tin\u0259 zidd deyil. \u0130kincisi d\u0259 Macar\u0131stan ba\u015f naziri onsuz da t\u0259dbird\u0259 Avropa \u0130ttifaq\u0131n\u0131 deyil, yaln\u0131z \u00f6z \u00f6lk\u0259sini t\u0259msil edirdi. Bunu erm\u0259ni lobbisinin t\u0259siri alt\u0131nda olan A\u0130 parlament \u00fczv\u00fc d\u0259 yax\u015f\u0131 bilir. V\u0259zif\u0259sind\u0259n getm\u0259kd\u0259 olan Cozef Borrel d\u0259 sad\u0259c\u0259 erm\u0259ni lobbisinin daha art\u0131q r\u0259\u011fb\u0259tini qazanmaq \u00fc\u00e7\u00fcn d\u0259rhal a\u00e7\u0131qlama il\u0259 \u00e7\u0131x\u0131\u015f etm\u0259k f\u00fcrs\u0259tini \u0259ld\u0259n verm\u0259yib. Erm\u0259ni lobbisi \u0259vv\u0259ll\u0259r y\u00fcks\u0259k v\u0259zif\u0259l\u0259rd\u0259 olmu\u015f pensionerl\u0259rd\u0259n istifad\u0259 edir\u201d.<\/p>\n<p>O ki qald\u0131 \u015eimali Kipr T\u00fcrk C\u00fcmhuriyy\u0259tin\u0259, S.M\u0259mm\u0259dov xat\u0131rlatd\u0131 ki, bu d\u00f6vl\u0259t 50 ild\u0259n art\u0131qd\u0131r de-fakto m\u00f6vcuddur: \u201cKipr Respublikas\u0131 Avropa \u0130ttifaq\u0131na \u00fczv q\u0259bul olunark\u0259n problemin h\u0259lli m\u00fcmk\u00fcn idi, amma buna el\u0259 Avropa \u0130ttifaq\u0131n\u0131n \u00f6z\u00fc imkan verm\u0259di. Bel\u0259 olan halda \u015eimali Kipr T\u00fcrk C\u00fcmhuriyy\u0259tin\u0131n beyn\u0259lxalq h\u00fcququn tam h\u00fcquqlu \u00fczv\u00fcn\u0259 \u00e7evrilm\u0259si istiqam\u0259tind\u0259ki s\u0259yl\u0259ri dayanmayacaq v\u0259 onun m\u00fcxt\u0259lif inteqrasiya qurumlar\u0131nda \u00fczv olmasa bel\u0259 \u0259n az\u0131 m\u00fc\u015fahid\u0259\u00e7i v\u0259 ya qonaq kimi i\u015ftirak\u0131na t\u0259bii baxmaq laz\u0131md\u0131r. \u00dcmumiyy\u0259tl\u0259, Avropan\u0131n T\u00fcrkiy\u0259y\u0259 olan m\u00fcnasib\u0259ti kifay\u0259t q\u0259d\u0259r q\u0259r\u0259zlidir. O q\u0259d\u0259r q\u0259r\u0259zlidir ki, bu, h\u0259tta \u00f6z\u00fcn\u00fc adi idman yar\u0131\u015flar\u0131nda bel\u0259 g\u00f6st\u0259rir. T\u00fcrkiy\u0259nin futbol \u00fczr\u0259 Avropa \u00c7empionat\u0131nda i\u015ftirak\u0131 bunu bir daha g\u00f6st\u0259rdi. B\u00fct\u00fcn xalqlar\u0131n toteml\u0259ri var. Fransa v\u0259 dig\u0259r Avropa d\u00f6vl\u0259tl\u0259ri \u00f6z toteml\u0259rini h\u0259tta yaxalar\u0131na taxd\u0131qlar\u0131 halda T\u00fcrkiy\u0259 y\u0131\u011f\u0131ma komandas\u0131 bunu ed\u0259 bilm\u0259sin? Adi bir i\u015far\u0259y\u0259 bel\u0259 m\u00fcnasib\u0259tin arxas\u0131nda duran, \u0259lb\u0259tt\u0259, q\u0259r\u0259zdir. Ona g\u00f6r\u0259 d\u0259 h\u0259m T\u00fcrkiy\u0259, h\u0259m Az\u0259rbaycan, h\u0259m dig\u0259r t\u00fcrk d\u00f6vl\u0259tl\u0259ri m\u00fcmk\u00fcn halda inteqrasiyan\u0131 daha da d\u0259rinl\u0259\u015fdirm\u0259li, h\u0259m\u00e7inin dig\u0259r t\u0259\u015fkilatlarda, o c\u00fcml\u0259d\u0259n \u015eanxay \u018fm\u0259kda\u015fl\u0131q T\u0259\u015fkilat\u0131 kimi qurumlarla \u0259laq\u0259l\u0259rini daha da geni\u015fl\u0259dirm\u0259lidirl\u0259r. Avropa \u0130ttifaq\u0131 il\u0259 \u0259m\u0259kda\u015fl\u0131q is\u0259 \u0259lb\u0259tt\u0259 ki, davam etm\u0259lidir. Onlar n\u0259 q\u0259d\u0259r ist\u0259yir v\u0259 T\u00fcrkiy\u0259 v\u0259 Az\u0259rbaycana n\u0259 q\u0259d\u0259r laz\u0131md\u0131rsa, o q\u0259d\u0259r&#8230;\u201d<\/p>\n<p><strong>Z\u0259f\u0259rimizi, h\u0259m d\u0259 T\u00fcrk\u00fcn b\u00f6y\u00fckl\u00fcy\u00fcn\u00fc h\u0259zm ed\u0259 bilm\u0259y\u0259n Avropan\u0131n x\u0259st\u0259 siyas\u0259t\u00e7il\u0259ri dan\u0131\u015fd\u0131qca \u00f6zl\u0259rini daha \u00e7ox if\u015fa edirl\u0259r. Qoy dan\u0131\u015fs\u0131nlar, yel qayadan he\u00e7 n\u0259 apara bilm\u0259y\u0259c\u0259k, karvan yoluna davam ed\u0259c\u0259k. H\u0259m d\u0259 Prezident \u0130lham \u018fliyev s\u00f6z\u00fcn\u00fc deyib:<\/strong>\u00a0\u201cPe\u015fman olacaqlar!\u201d<\/p>\n<p><strong>El\u015fad PA\u015eASOY,<br \/>\n\u201cYeni M\u00fcsavat\u201d<\/strong><\/p>\n<\/div>\n<div><\/div>\n<div><\/div>\n<div class=\"inner-social-box\">\n<div class=\"subs-in-social subs-whatsapp\"><\/div>\n<\/div>\n","protected":false},"excerpt":{"rendered":"<p>Az\u0259rbaycan\u0131n azad etdiyi Qaraba\u011fda ke\u00e7iril\u0259n m\u00f6ht\u0259\u015f\u0259m t\u0259dbir\u0259 q\u0259r\u0259zli m\u00fcnasib\u0259t h\u0259m d\u0259 z\u0259f\u0259rimizi h\u0259zm ed\u0259 bilm\u0259y\u0259nl\u0259rin son \u00e7\u0131rp\u0131nt\u0131lar\u0131d\u0131r; Avropan\u0131n t\u00fcrkofoblar\u0131na k\u0259skin reaksiyalar \u0130yulun 6-da \u015eu\u015fa \u015f\u0259h\u0259rind\u0259 ke\u00e7iril\u0259n T\u00fcrk D\u00f6vl\u0259tl\u0259ri T\u0259\u015fkilat\u0131n\u0131n (OTT) sammiti dostlar\u0131m\u0131z\u0131 sevindirdi, b\u0259dxahlar\u0131m\u0131z\u0131n i\u00e7 \u00fcz\u00fcn\u00fc bir daha a\u00e7d\u0131, eyni zamanda T\u00fcrk birliyind\u0259n qorxanlar\u0131n normal davran\u0131\u015flar\u0131n\u0131n \u015fahidi olduq. Avropa Birliyinin erm\u0259nip\u0259r\u0259st r\u0259hb\u0259rl\u0259ri x\u00fcsusi narahatl\u0131qlar\u0131n\u0131 b\u00fcruz\u0259 verdil\u0259r. \u018fl\u0259lx\u00fcsus Macar\u0131stan\u0131n ba\u015f naziri Viktor Orban\u0131n iyulun 6-da Az\u0259rbaycan\u0131n \u015eu\u015fa \u015f\u0259h\u0259rind\u0259 ke\u00e7iril\u0259n T\u00fcrk D\u00f6vl\u0259tl\u0259ri T\u0259\u015fkilat\u0131n\u0131n (OTT) sammitind\u0259 i\u015ftirak\u0131 b\u0259zil\u0259rini s\u00f6z\u00fcn \u0259sl m\u0259nas\u0131nda d\u0259li edib. Hans\u0131 ki, bu, Az\u0259rbaycan\u0131n n\u00fcfuzu, eyni zamanda \u0259dal\u0259tli, d\u00fcr\u00fcst m\u00f6vqeyi,&hellip;<\/p>\n","protected":false},"author":2,"featured_media":735906,"comment_status":"closed","ping_status":"closed","sticky":false,"template":"","format":"standard","meta":{"om_disable_all_campaigns":false,"_monsterinsights_skip_tracking":false,"_monsterinsights_sitenote_active":false,"_monsterinsights_sitenote_note":"","_monsterinsights_sitenote_category":0},"categories":[4],"tags":[],"aioseo_notices":[],"gutentor_comment":0,"rttpg_featured_image_url":{"full":["https:\/\/arantv.az\/wp-content\/uploads\/2024\/07\/54a50c24e9b5fce10f2698e4ec7516d5.jpg",750,380,false],"landscape":["https:\/\/arantv.az\/wp-content\/uploads\/2024\/07\/54a50c24e9b5fce10f2698e4ec7516d5.jpg",750,380,false],"portraits":["https:\/\/arantv.az\/wp-content\/uploads\/2024\/07\/54a50c24e9b5fce10f2698e4ec7516d5.jpg",750,380,false],"thumbnail":["https:\/\/arantv.az\/wp-content\/uploads\/2024\/07\/54a50c24e9b5fce10f2698e4ec7516d5-500x280.jpg",500,280,true],"medium":["https:\/\/arantv.az\/wp-content\/uploads\/2024\/07\/54a50c24e9b5fce10f2698e4ec7516d5-660x334.jpg",660,334,true],"large":["https:\/\/arantv.az\/wp-content\/uploads\/2024\/07\/54a50c24e9b5fce10f2698e4ec7516d5.jpg",640,324,false],"1536x1536":["https:\/\/arantv.az\/wp-content\/uploads\/2024\/07\/54a50c24e9b5fce10f2698e4ec7516d5.jpg",750,380,false],"2048x2048":["https:\/\/arantv.az\/wp-content\/uploads\/2024\/07\/54a50c24e9b5fce10f2698e4ec7516d5.jpg",750,380,false],"post-thumbnail":["https:\/\/arantv.az\/wp-content\/uploads\/2024\/07\/54a50c24e9b5fce10f2698e4ec7516d5-240x172.jpg",240,172,true],"advps-thumb-one":["https:\/\/arantv.az\/wp-content\/uploads\/2024\/07\/54a50c24e9b5fce10f2698e4ec7516d5.jpg",750,380,false]},"rttpg_author":{"display_name":"V\u00fcsal Rafiqo\u011flu","author_link":"https:\/\/arantv.az\/?author=2"},"rttpg_comment":0,"rttpg_category":"<a href=\"https:\/\/arantv.az\/?cat=4\" rel=\"category\">Siyas\u0259t<\/a>","rttpg_excerpt":"Az\u0259rbaycan\u0131n azad etdiyi Qaraba\u011fda ke\u00e7iril\u0259n m\u00f6ht\u0259\u015f\u0259m t\u0259dbir\u0259 q\u0259r\u0259zli m\u00fcnasib\u0259t h\u0259m d\u0259 z\u0259f\u0259rimizi h\u0259zm ed\u0259 bilm\u0259y\u0259nl\u0259rin son \u00e7\u0131rp\u0131nt\u0131lar\u0131d\u0131r; Avropan\u0131n t\u00fcrkofoblar\u0131na k\u0259skin reaksiyalar \u0130yulun 6-da \u015eu\u015fa \u015f\u0259h\u0259rind\u0259 ke\u00e7iril\u0259n T\u00fcrk D\u00f6vl\u0259tl\u0259ri T\u0259\u015fkilat\u0131n\u0131n (OTT) sammiti dostlar\u0131m\u0131z\u0131 sevindirdi, b\u0259dxahlar\u0131m\u0131z\u0131n i\u00e7 \u00fcz\u00fcn\u00fc bir daha a\u00e7d\u0131, eyni zamanda T\u00fcrk birliyind\u0259n qorxanlar\u0131n normal davran\u0131\u015flar\u0131n\u0131n \u015fahidi olduq. Avropa Birliyinin erm\u0259nip\u0259r\u0259st r\u0259hb\u0259rl\u0259ri x\u00fcsusi narahatl\u0131qlar\u0131n\u0131 b\u00fcruz\u0259&hellip;","_links":{"self":[{"href":"https:\/\/arantv.az\/index.php?rest_route=\/wp\/v2\/posts\/735905"}],"collection":[{"href":"https:\/\/arantv.az\/index.php?rest_route=\/wp\/v2\/posts"}],"about":[{"href":"https:\/\/arantv.az\/index.php?rest_route=\/wp\/v2\/types\/post"}],"author":[{"embeddable":true,"href":"https:\/\/arantv.az\/index.php?rest_route=\/wp\/v2\/users\/2"}],"replies":[{"embeddable":true,"href":"https:\/\/arantv.az\/index.php?rest_route=%2Fwp%2Fv2%2Fcomments&post=735905"}],"version-history":[{"count":0,"href":"https:\/\/arantv.az\/index.php?rest_route=\/wp\/v2\/posts\/735905\/revisions"}],"wp:featuredmedia":[{"embeddable":true,"href":"https:\/\/arantv.az\/index.php?rest_route=\/wp\/v2\/media\/735906"}],"wp:attachment":[{"href":"https:\/\/arantv.az\/index.php?rest_route=%2Fwp%2Fv2%2Fmedia&parent=735905"}],"wp:term":[{"taxonomy":"category","embeddable":true,"href":"https:\/\/arantv.az\/index.php?rest_route=%2Fwp%2Fv2%2Fcategories&post=735905"},{"taxonomy":"post_tag","embeddable":true,"href":"https:\/\/arantv.az\/index.php?rest_route=%2Fwp%2Fv2%2Ftags&post=735905"}],"curies":[{"name":"wp","href":"https:\/\/api.w.org\/{rel}","templated":true}]}}