{"id":735915,"date":"2024-07-09T12:40:28","date_gmt":"2024-07-09T08:40:28","guid":{"rendered":"https:\/\/arantv.az\/?p=735915"},"modified":"2024-07-09T12:40:28","modified_gmt":"2024-07-09T08:40:28","slug":"turk-dovl%c9%99tl%c9%99ri-t%c9%99skilati-sulh%c9%99-v%c9%99-t%c9%99hluk%c9%99sizliy%c9%99-xidm%c9%99t-edir","status":"publish","type":"post","link":"https:\/\/arantv.az\/?p=735915","title":{"rendered":"T\u00fcrk D\u00f6vl\u0259tl\u0259ri T\u0259\u015fkilat\u0131 s\u00fclh\u0259 v\u0259 t\u0259hl\u00fck\u0259sizliy\u0259 xidm\u0259t edir"},"content":{"rendered":"<p>Q\u0259rbd\u0259 b\u0259zi siyas\u0259t\u00e7il\u0259r sanki bir dirijorun \u00e7ubu\u011fu il\u0259 Az\u0259rbaycana qar\u015f\u0131 s\u0259f\u0259rb\u0259r olunublar. El\u0259 bil onlar\u0131n ba\u015f\u0131na Qaraba\u011f boyda da\u015f d\u00fc\u015f\u00fcb. Anti-Az\u0259rbaycan ruhlu q\u0259r\u0259zli q\u0259tnam\u0259l\u0259rin, b\u0259dnam b\u0259yanatlar\u0131n yegan\u0259 s\u0259b\u0259bi d\u0259 yaln\u0131z budur. Siyasi riyakarl\u0131q el\u0259 iyr\u0259nc h\u0259dd\u0259 \u00e7at\u0131b ki, Avropa \u0130ttifaq\u0131n\u0131n ke\u00e7mi\u015f ba\u015f diplomat\u0131 Borrel Macar\u0131stan\u0131n Ba\u015f naziri Viktor Orban\u0131n T\u00fcrk D\u00f6vl\u0259tl\u0259ri T\u0259\u015fkilat\u0131n\u0131n (TDT) \u015eu\u015fada ke\u00e7iril\u0259n qeyri-r\u0259smi Zirv\u0259 g\u00f6r\u00fc\u015f\u00fcnd\u0259 i\u015ftirak\u0131ndan naraz\u0131l\u0131\u011f\u0131n\u0131 gizl\u0259tmir. A\u00e7\u0131q \u015f\u0259kild\u0259 b\u0259yan edir ki, Ba\u015f nazir h\u0259min t\u0259dbird\u0259 Avropa \u0130ttifaq\u0131n\u0131 t\u0259msil etm\u0259k \u00fc\u00e7\u00fcn mandat almay\u0131b. N\u0259 m\u0259ntiq, n\u0259 d\u0259 diplomatiyan\u0131n elementar n\u0259zak\u0259t qaydalar\u0131 il\u0259 bir araya s\u0131\u011fmayan, \u00fcst\u0259lik, Macar\u0131stan\u0131n m\u00fcst\u0259qil d\u00f6vl\u0259t kimi xarici siyas\u0259t h\u00fcququnu t\u0259hdid ed\u0259n bu c\u00fcr \u0259caib b\u0259yanatlardan sonra utanmadan iddia edirl\u0259r ki, guya bunlar Erm\u0259nistanla Az\u0259rbaycan aras\u0131nda \u0259dal\u0259tli s\u00fclh \u00fc\u00e7\u00fcn \u00e7al\u0131\u015f\u0131rlar. Prezident \u0130lham \u018fliyev el\u0259 bu c\u00fcr siyasi riyakarl\u0131qlar\u0131 n\u0259z\u0259r\u0259 alaraq, andi\u00e7m\u0259 m\u0259rasimind\u0259 c\u0259miyy\u0259timiz\u0259 bu mesaj\u0131 vermi\u015fdi:<\/p>\n<p><strong>\u201cBiz,-\u0130kinci Qaraba\u011f m\u00fcharib\u0259si zaman\u0131 v\u0259 antiterror \u0259m\u0259liyyat\u0131 zaman\u0131 m\u0259n bunu art\u0131q demi\u015fdim, -sars\u0131lmaz hesab olunan el\u0259 bir da\u015flar\u0131 t\u0259rp\u0259tdik ki, bunu biz\u0259 ba\u011f\u0131\u015flamayacaqlar, biz bunu bilm\u0259liyik. \u018fg\u0259r kims\u0259 hesab edir ki, bizd\u0259n \u0259l \u00e7\u0259k\u0259c\u0259kl\u0259r, s\u0259hv edir\u201d.<\/strong><\/p>\n<p>T\u0259rp\u0259tdiyimiz da\u015flardan biri Qaraba\u011fd\u0131r. B\u0259zi dair\u0259l\u0259r \u00a0Qaraba\u011f\u0131n \u00f6z yurisdiksiyas\u0131na-Az\u0259rbaycana de-fakto qaytar\u0131lmas\u0131, sava\u015f meydan\u0131nda qazand\u0131\u011f\u0131m\u0131z tarixi Z\u0259f\u0259rl\u0259 h\u0259l\u0259 d\u0259 bar\u0131\u015fmaq ist\u0259mirl\u0259r. H\u0259r f\u00fcrs\u0259td\u0259 antiterror t\u0259dbirinin h\u0259d\u0259f se\u00e7ilm\u0259si v\u0259 Az\u0259rbaycana qar\u015f\u0131 q\u0259r\u0259zli q\u0259tnam\u0259l\u0259rin q\u0259bul olunmas\u0131 da yaln\u0131z bununla ba\u011fl\u0131d\u0131r. Onlar\u0131 narahat ed\u0259n h\u0259m d\u0259 odur ki, T\u00fcrk D\u00f6vl\u0259tl\u0259ri T\u0259\u015fkilat\u0131 beyn\u0259lxalq arenada n\u00fcfuzlu siyasi faktora \u00e7evrilir. Az\u0259rbaycan\u0131n TDT-y\u0259 \u00fczv d\u00f6vl\u0259tl\u0259rin daha s\u0131x birl\u0259\u015fm\u0259sin\u0259, t\u0259\u015fkilat\u0131n g\u00fccl\u0259ndirilm\u0259sin\u0259 xidm\u0259t ed\u0259n \u0259m\u0259li add\u0131mlar\u0131, \u015eu\u015fada ke\u00e7iril\u0259n qeyri-r\u0259smi Zirv\u0259 g\u00f6r\u00fc\u015f\u00fc b\u0259zi \u00f6lk\u0259 v\u0259 qurumlar\u0131n siyas\u0259t\u00e7il\u0259rind\u0259 \u0259sass\u0131z q\u0131c\u0131q yarad\u0131r. 2021-ci il iyunun 15-d\u0259- Milli Qurtulu\u015f G\u00fcn\u00fcnd\u0259 qarda\u015f T\u00fcrkiy\u0259 il\u0259 imzalanm\u0131\u015f M\u00fctt\u0259fiqlik B\u0259yannam\u0259si Erm\u0259nistan\u0131n havadarlar\u0131n\u0131 nec\u0259 narahat etmi\u015fdis\u0259, iyulun 6-da T\u00fcrk D\u00f6vl\u0259tl\u0259ri T\u0259\u015fkilat\u0131n\u0131n \u0130slam d\u00fcnyas\u0131n\u0131n m\u0259d\u0259niyy\u0259t paytaxt\u0131 \u015eu\u015fada ke\u00e7iril\u0259n qeyri-r\u0259smi Zirv\u0259 g\u00f6r\u00fc\u015f\u00fc v\u0259 orada imzalanan Qaraba\u011f B\u0259yannam\u0259si \u00a0onlar\u0131 eyni d\u0259r\u0259c\u0259d\u0259 narahat edir. B\u0259yannam\u0259d\u0259 n\u0259z\u0259rd\u0259 tutulan m\u00fcdd\u0259alar\u0131n, x\u00fcsusil\u0259 \u201c\u00fczv d\u00f6vl\u0259tl\u0259rin milli qanunvericiliyin\u0259 uy\u011fun olaraq m\u00fcdafi\u0259 s\u0259nayesi sah\u0259sind\u0259 birg\u0259 f\u0259aliyy\u0259tin davam etdirilm\u0259si niyy\u0259tinin\u201d t\u0259sdiqi il\u0259 ba\u011fl\u0131 24-c\u00fc madd\u0259nin b\u0259dxahlar\u0131n diqq\u0259tind\u0259n yay\u0131nmayaca\u011f\u0131 indid\u0259n m\u0259lumdur. El\u0259 bu s\u0259b\u0259bd\u0259n, Az\u0259rbaycana v\u0259 TDT-y\u0259 \u00fczv olan dig\u0259r d\u00f6vl\u0259tl\u0259r\u0259 qar\u015f\u0131 yeni q\u0259r\u0259zli q\u0259tnam\u0259l\u0259rin q\u0259bul edilm\u0259si, n\u00f6vb\u0259ti s\u0259rs\u0259m b\u0259yanatlar\u0131n s\u0259sl\u0259ndirilm\u0259si g\u00f6zl\u0259nil\u0259ndir. Amma s\u00f6zd\u0259 \u0259dal\u0259td\u0259n v\u0259 beyn\u0259lxalq h\u00fcquqdan d\u0259m vuran m\u0259lum dair\u0259l\u0259r n\u0259 Erm\u0259nistana, n\u0259 d\u0259 onu h\u00fccum silahlar\u0131 il\u0259 silahland\u0131ran Fransa kimi \u00f6lk\u0259l\u0259r\u0259 he\u00e7 vaxt dem\u0259y\u0259c\u0259kl\u0259r ki, r\u0259vac verdikl\u0259ri militarizasiya siyas\u0259ti C\u0259nubi Qafqazda s\u00fclh f\u00fcrs\u0259tini t\u0259hdid edir. Bu c\u00fcr siyas\u0259tin qar\u015f\u0131l\u0131\u011f\u0131nda TDT-y\u0259 \u00fczv d\u00f6vl\u0259tl\u0259rin m\u00fcdafi\u0259l\u0259ri haqda d\u00fc\u015f\u00fcnm\u0259si t\u0259bii v\u0259 qa\u00e7\u0131lmazd\u0131r. Prezident \u0130lham \u018fliyevin Zirv\u0259 g\u00f6r\u00fc\u015f\u00fcnd\u0259ki \u00e7\u0131x\u0131\u015f\u0131 zaman\u0131 verdiyi bu\u00a0 mesaj is\u0259 T\u00fcrk d\u00fcnyas\u0131n\u0131n v\u0259 onu t\u0259msil ed\u0259n TDT-nin geosiyasi v\u0259 geoiqtisadi prosesl\u0259r\u0259 getdikc\u0259 daha \u00e7ox t\u0259sir ed\u0259c\u0259k faktora \u00e7evrildiyini t\u0259sdiq edir:<\/p>\n<p><strong>\u201cZ\u0259ngin t\u0259bii resurslar\u0131m\u0131z, onlar\u0131n n\u0259qli \u00fc\u00e7\u00fcn m\u00fcasir infrastruktur, M\u0259rk\u0259zi Asiyan\u0131, Qafqaz\u0131 Aral\u0131q v\u0259 Qara d\u0259niz limanlar\u0131 il\u0259 birl\u0259\u015fdir\u0259n n\u0259qliyyat d\u0259hlizl\u0259ri, z\u0259ngin v\u0259 q\u0259dim tariximiz, m\u0259d\u0259niyy\u0259timiz bizim b\u00f6y\u00fck s\u0259rv\u0259timizdir. Xalqlar\u0131m\u0131z\u0131n \u0259n\u0259n\u0259vi d\u0259y\u0259rl\u0259r\u0259 sadiqliyi v\u0259 eyni etnik k\u00f6kl\u0259r\u0259 malik olmalar\u0131 \u00f6lk\u0259l\u0259rimizi s\u0131x birl\u0259\u015fdirir. XXl \u0259sr T\u00fcrk d\u00fcnyas\u0131n\u0131n inki\u015faf\u0131 \u0259sri olmal\u0131d\u0131r\u201d.<\/strong><\/p>\n<p>Az\u0259rbaycan Prezidentinin verdiyi bu tarixi mesaj yeni d\u00fcnya nizam\u0131n\u0131n formala\u015fmas\u0131na t\u0259sir u\u011frunda apar\u0131lan r\u0259qab\u0259td\u0259 TDT faktorunun g\u00f6zard\u0131 edil\u0259 bilm\u0259y\u0259c\u0259yinin ismar\u0131c\u0131d\u0131r. \u018fn ba\u015fl\u0131cas\u0131 odur ki, T\u00fcrk D\u00f6vl\u0259tl\u0259ri T\u0259\u015fkilat\u0131 kimi \u0259h\u0259miyy\u0259tli faktor bir \u00e7ox birlikl\u0259rd\u0259n f\u0259rqli olaraq, t\u0259bii v\u0259 tarixi d\u0259y\u0259rl\u0259r \u00fcz\u0259rind\u0259 formala\u015f\u0131r, d\u00fcnyada s\u00fclh\u00fcn v\u0259 t\u0259hl\u00fck\u0259sizliyin, b\u0259rab\u0259rh\u00fcquqlu m\u00fcnasib\u0259tl\u0259rin qurulmas\u0131na xidm\u0259t edir, geoiqtisadi layih\u0259l\u0259rin realla\u015fmas\u0131na, Avropa v\u0259 Asiya xalqlar\u0131n\u0131n rifah hal\u0131n\u0131n y\u00fcks\u0259ldilm\u0259si \u00fc\u00e7\u00fcn yeni imkanlar a\u00e7\u0131r.<\/p>\n<p><img src=\"https:\/\/ikisahil.az\/upload\/\/2024\/07\/09\/\/-fc1dc454172051150892185695510395634.jpg\" alt=\"\" \/><\/p>\n<p><strong>\u00dclvi Quliyev,<\/strong><\/p>\n<p><em>Milli M\u0259clisin deputat\u0131<\/em><\/p>\n","protected":false},"excerpt":{"rendered":"<p>Q\u0259rbd\u0259 b\u0259zi siyas\u0259t\u00e7il\u0259r sanki bir dirijorun \u00e7ubu\u011fu il\u0259 Az\u0259rbaycana qar\u015f\u0131 s\u0259f\u0259rb\u0259r olunublar. El\u0259 bil onlar\u0131n ba\u015f\u0131na Qaraba\u011f boyda da\u015f d\u00fc\u015f\u00fcb. Anti-Az\u0259rbaycan ruhlu q\u0259r\u0259zli q\u0259tnam\u0259l\u0259rin, b\u0259dnam b\u0259yanatlar\u0131n yegan\u0259 s\u0259b\u0259bi d\u0259 yaln\u0131z budur. Siyasi riyakarl\u0131q el\u0259 iyr\u0259nc h\u0259dd\u0259 \u00e7at\u0131b ki, Avropa \u0130ttifaq\u0131n\u0131n ke\u00e7mi\u015f ba\u015f diplomat\u0131 Borrel Macar\u0131stan\u0131n Ba\u015f naziri Viktor Orban\u0131n T\u00fcrk D\u00f6vl\u0259tl\u0259ri T\u0259\u015fkilat\u0131n\u0131n (TDT) \u015eu\u015fada ke\u00e7iril\u0259n qeyri-r\u0259smi Zirv\u0259 g\u00f6r\u00fc\u015f\u00fcnd\u0259 i\u015ftirak\u0131ndan naraz\u0131l\u0131\u011f\u0131n\u0131 gizl\u0259tmir. A\u00e7\u0131q \u015f\u0259kild\u0259 b\u0259yan edir ki, Ba\u015f nazir h\u0259min t\u0259dbird\u0259 Avropa \u0130ttifaq\u0131n\u0131 t\u0259msil etm\u0259k \u00fc\u00e7\u00fcn mandat almay\u0131b. N\u0259 m\u0259ntiq, n\u0259 d\u0259 diplomatiyan\u0131n elementar n\u0259zak\u0259t qaydalar\u0131 il\u0259 bir araya s\u0131\u011fmayan, \u00fcst\u0259lik,&hellip;<\/p>\n","protected":false},"author":2,"featured_media":735916,"comment_status":"closed","ping_status":"closed","sticky":false,"template":"","format":"standard","meta":{"om_disable_all_campaigns":false,"_monsterinsights_skip_tracking":false,"_monsterinsights_sitenote_active":false,"_monsterinsights_sitenote_note":"","_monsterinsights_sitenote_category":0},"categories":[19],"tags":[],"aioseo_notices":[],"gutentor_comment":0,"rttpg_featured_image_url":{"full":["https:\/\/arantv.az\/wp-content\/uploads\/2024\/07\/d9a5cf48172051133176513252410827418.jpg",975,540,false],"landscape":["https:\/\/arantv.az\/wp-content\/uploads\/2024\/07\/d9a5cf48172051133176513252410827418.jpg",975,540,false],"portraits":["https:\/\/arantv.az\/wp-content\/uploads\/2024\/07\/d9a5cf48172051133176513252410827418.jpg",975,540,false],"thumbnail":["https:\/\/arantv.az\/wp-content\/uploads\/2024\/07\/d9a5cf48172051133176513252410827418-500x280.jpg",500,280,true],"medium":["https:\/\/arantv.az\/wp-content\/uploads\/2024\/07\/d9a5cf48172051133176513252410827418-660x365.jpg",660,365,true],"large":["https:\/\/arantv.az\/wp-content\/uploads\/2024\/07\/d9a5cf48172051133176513252410827418-840x465.jpg",640,354,true],"1536x1536":["https:\/\/arantv.az\/wp-content\/uploads\/2024\/07\/d9a5cf48172051133176513252410827418.jpg",975,540,false],"2048x2048":["https:\/\/arantv.az\/wp-content\/uploads\/2024\/07\/d9a5cf48172051133176513252410827418.jpg",975,540,false],"post-thumbnail":["https:\/\/arantv.az\/wp-content\/uploads\/2024\/07\/d9a5cf48172051133176513252410827418-240x172.jpg",240,172,true],"advps-thumb-one":["https:\/\/arantv.az\/wp-content\/uploads\/2024\/07\/d9a5cf48172051133176513252410827418.jpg",975,540,false]},"rttpg_author":{"display_name":"V\u00fcsal Rafiqo\u011flu","author_link":"https:\/\/arantv.az\/?author=2"},"rttpg_comment":0,"rttpg_category":"<a href=\"https:\/\/arantv.az\/?cat=19\" rel=\"category\">G\u00fcnd\u0259m<\/a>","rttpg_excerpt":"Q\u0259rbd\u0259 b\u0259zi siyas\u0259t\u00e7il\u0259r sanki bir dirijorun \u00e7ubu\u011fu il\u0259 Az\u0259rbaycana qar\u015f\u0131 s\u0259f\u0259rb\u0259r olunublar. El\u0259 bil onlar\u0131n ba\u015f\u0131na Qaraba\u011f boyda da\u015f d\u00fc\u015f\u00fcb. Anti-Az\u0259rbaycan ruhlu q\u0259r\u0259zli q\u0259tnam\u0259l\u0259rin, b\u0259dnam b\u0259yanatlar\u0131n yegan\u0259 s\u0259b\u0259bi d\u0259 yaln\u0131z budur. Siyasi riyakarl\u0131q el\u0259 iyr\u0259nc h\u0259dd\u0259 \u00e7at\u0131b ki, Avropa \u0130ttifaq\u0131n\u0131n ke\u00e7mi\u015f ba\u015f diplomat\u0131 Borrel Macar\u0131stan\u0131n Ba\u015f naziri Viktor Orban\u0131n T\u00fcrk D\u00f6vl\u0259tl\u0259ri T\u0259\u015fkilat\u0131n\u0131n (TDT) \u015eu\u015fada ke\u00e7iril\u0259n&hellip;","_links":{"self":[{"href":"https:\/\/arantv.az\/index.php?rest_route=\/wp\/v2\/posts\/735915"}],"collection":[{"href":"https:\/\/arantv.az\/index.php?rest_route=\/wp\/v2\/posts"}],"about":[{"href":"https:\/\/arantv.az\/index.php?rest_route=\/wp\/v2\/types\/post"}],"author":[{"embeddable":true,"href":"https:\/\/arantv.az\/index.php?rest_route=\/wp\/v2\/users\/2"}],"replies":[{"embeddable":true,"href":"https:\/\/arantv.az\/index.php?rest_route=%2Fwp%2Fv2%2Fcomments&post=735915"}],"version-history":[{"count":0,"href":"https:\/\/arantv.az\/index.php?rest_route=\/wp\/v2\/posts\/735915\/revisions"}],"wp:featuredmedia":[{"embeddable":true,"href":"https:\/\/arantv.az\/index.php?rest_route=\/wp\/v2\/media\/735916"}],"wp:attachment":[{"href":"https:\/\/arantv.az\/index.php?rest_route=%2Fwp%2Fv2%2Fmedia&parent=735915"}],"wp:term":[{"taxonomy":"category","embeddable":true,"href":"https:\/\/arantv.az\/index.php?rest_route=%2Fwp%2Fv2%2Fcategories&post=735915"},{"taxonomy":"post_tag","embeddable":true,"href":"https:\/\/arantv.az\/index.php?rest_route=%2Fwp%2Fv2%2Ftags&post=735915"}],"curies":[{"name":"wp","href":"https:\/\/api.w.org\/{rel}","templated":true}]}}