{"id":735918,"date":"2024-07-09T12:41:30","date_gmt":"2024-07-09T08:41:30","guid":{"rendered":"https:\/\/arantv.az\/?p=735918"},"modified":"2024-07-09T12:41:30","modified_gmt":"2024-07-09T08:41:30","slug":"qarabag-b%c9%99yannam%c9%99si-regionu-b%c9%99rpaolunan-enerji-d%c9%99hlizin%c9%99-cevir%c9%99c%c9%99k","status":"publish","type":"post","link":"https:\/\/arantv.az\/?p=735918","title":{"rendered":"Qaraba\u011f b\u0259yannam\u0259si regionu b\u0259rpaolunan enerji d\u0259hlizin\u0259 \u00e7evir\u0259c\u0259k"},"content":{"rendered":"<h4>&#8220;T\u00fcrk D\u00f6vl\u0259tl\u0259ri T\u0259\u015fkilat\u0131n\u0131n (TDT) \u015eu\u015fada ke\u00e7iril\u0259n qeyri-r\u0259smi Zirv\u0259 toplant\u0131s\u0131nda imzalanan Qaraba\u011f b\u0259yannam\u0259si t\u00fcrkdilli d\u00f6vl\u0259tl\u0259ri aras\u0131nda strateji m\u00fctt\u0259fiqlik m\u00fcnasib\u0259tl\u0259rinin inki\u015faf\u0131 bax\u0131mdan \u00e7ox \u00a0m\u00fch\u00fcm tarixi \u0259h\u0259miyy\u0259t k\u0259sb ed\u0259n bir \u00a0siyasi s\u0259n\u0259ddir. \u00c7\u00fcnki s\u0259n\u0259dd\u0259 T\u00fcrk d\u00f6vl\u0259tl\u0259rinin qlobal miqyasda potensial\u0131 n\u0259z\u0259r\u0259 al\u0131nmaqla daha iddial\u0131 m\u0259qs\u0259dl\u0259ri qar\u015f\u0131ya h\u0259d\u0259f kimi qoyulub. Bu h\u0259m TDT-nin d\u00fcnyan\u0131n yenid\u0259n \u015f\u0259kill\u0259ndirilm\u0259si istiqam\u0259tind\u0259 ged\u0259n geosiyasi v\u0259 geoiqtisadi \u00a0prosesl\u0259rd\u0259 bir siyasi-iqtisadi g\u00fcc kimi formala\u015fmas\u0131, h\u0259m \u00a0Q\u0259rbl\u0259 \u015e\u0259rq aras\u0131nda t\u0259kc\u0259 n\u0259qliyyat\u00a0d\u0259hlizinin yarad\u0131lmas\u0131 bax\u0131mdan deyil,\u00a0h\u0259m d\u0259\u00a0\u00e7ox\u00e7e\u015fidli logistik\u00a0d\u0259hlizin yarad\u0131lmas\u0131 bax\u0131mdan ciddi s\u0259n\u0259ddir. Bir s\u00f6zl\u0259, Qaraba\u011f b\u0259yannam\u0259si\u00a0T\u00fcrk co\u011frafiyas\u0131nda dayan\u0131ql\u0131 g\u0259l\u0259c\u0259yin qurulmas\u0131n\u0131 t\u0259min ed\u0259n bir s\u0259n\u0259ddir&#8221;.<\/h4>\n<p><strong>ARANTV.AZ x\u0259b\u0259r verir ki,<\/strong>\u00a0bunu m\u0259tbuata a\u00e7\u0131qlamas\u0131nda\u00a0<strong>Milli M\u0259clisin deputat\u0131 \u0130ltizam Yusifov<\/strong>\u00a0deyib.<\/p>\n<p><img src=\"https:\/\/ikisahil.az\/upload\/\/2024\/07\/09\/\/-ff0abbcc172050869921444288210872909.jpg\" alt=\"\" \/><\/p>\n<p>Deputat \u0259lav\u0259 edib ki, TDT-y\u0259 \u00fczv d\u00f6vl\u0259tl\u0259r m\u00fcasir qlobal \u00e7a\u011f\u0131r\u0131\u015flara uy\u011fun olaraq yerl\u0259\u015fdikl\u0259ri co\u011frafiyan\u0131n \u0259h\u0259miyy\u0259tini n\u0259z\u0259r\u0259 alaraq \u00e7evik reaksiya verm\u0259kd\u0259dirl\u0259r: &#8220;M\u0259qs\u0259d TDT-y\u0259 \u00fczv \u00f6lk\u0259l\u0259r \u00a0regionda v\u0259 d\u00fcnyada qlobal ticar\u0259tin v\u0259 iqtisadiyyat\u0131n inki\u015faf\u0131nda \u0259v\u0259zsiz rolu n\u0259z\u0259r\u0259 al\u0131nmaqla, m\u00fcvafiq n\u0259qliyyat infrastrukturunun v\u0259 s\u0259m\u0259r\u0259li transregional d\u0259hlizl\u0259rin inki\u015faf etdirilm\u0259si istiqam\u0259tind\u0259 \u00a0birg\u0259 strateji \u0259h\u0259miyy\u0259tli regional layih\u0259l\u0259rin h\u0259yata ke\u00e7irm\u0259yi planla\u015fd\u0131r\u0131rlar.<\/p>\n<p>Bununla da TDT Avropa-T\u00fcrkiy\u0259-C\u0259nubi Qafqaz-M\u0259rk\u0259zi Asiya-\u00c7ini birl\u0259\u015fdir\u0259n Orta D\u0259hlizd\u0259n t\u0259kc\u0259 y\u00fckda\u015f\u0131malar \u00fc\u00e7\u00fcn deyil, \u00e7ox\u00e7e\u015fidli\u00a0logistik d\u0259hliz\u0259 \u00e7evrilm\u0259si imkanlar\u0131na nail olma\u011f\u0131 qar\u015f\u0131ya h\u0259d\u0259f qoyublar.<\/p>\n<p>T\u00fcrk d\u00f6vl\u0259tl\u0259ri dayan\u0131ql\u0131 g\u0259l\u0259c\u0259k inki\u015faf\u0131, regional sabitliyi, t\u0259hl\u00fck\u0259sizliyi t\u0259min etm\u0259k m\u0259qs\u0259dil\u0259 \u00a0geosiyasi v\u0259 geoiqtisadi prosesl\u0259rd\u0259\u00a0neft v\u0259 qazla yana\u015f\u0131, b\u0259rpaolunan enerji potensial\u0131ndan faydalanma\u011fa \u00e7al\u0131\u015f\u0131rlar. Bunun \u00fc\u00e7\u00fcn d\u0259 g\u00fcn\u0259\u015f, k\u00fcl\u0259k v\u0259 su elektrik enerjisi kimi t\u0259miz enerji m\u0259nb\u0259l\u0259rinin inteqrasiyas\u0131na diqq\u0259t yetirm\u0259kl\u0259 TDT-nin \u0130qlim v\u0259 Ya\u015f\u0131l R\u0259q\u0259msal Platformas\u0131n\u0131n yarad\u0131lmas\u0131na \u00e7al\u0131\u015f\u0131rlar.<\/p>\n<p>Az\u0259rbaycan-Qazax\u0131stan-\u00d6zb\u0259kistan enerji sisteml\u0259rinin qar\u015f\u0131l\u0131ql\u0131 \u0259laq\u0259l\u0259ndirilm\u0259si layih\u0259si is\u0259 g\u0259l\u0259c\u0259kd\u0259 t\u00fcrk co\u011frafiyas\u0131n\u0131 &#8220;Ya\u015f\u0131l D\u0259hliz&#8221;\u0259 \u00a0\u00e7evirm\u0259k niyy\u0259ti dayan\u0131r.\u00a0B\u0259rpaolunan geni\u015f enerji potensial\u0131ndan istifad\u0259 etm\u0259k\u00a0n\u0259tic\u0259 etibaril\u0259 TDT-nin geosiyasi v\u0259 geoiqtisadi c\u0259h\u0259td\u0259n m\u00f6vqeyini m\u00f6hk\u0259ml\u0259dib siyasi-iqtisadi g\u00fcc\u0259 \u00e7evrilm\u0259sin\u0259\u00a0g\u0259tirib \u00e7\u0131xaracaq.<\/p>\n<p>Qaraba\u011f b\u0259yannam\u0259sinin dig\u0259r m\u00fch\u00fcm \u0259h\u0259miyy\u0259ti is\u0259 TDT \u00f6lk\u0259l\u0259rinin m\u00f6vcud imkanlar\u0131ndan v\u0259 infrastrukturundan istifad\u0259 etm\u0259kl\u0259 Avropa il\u0259 Asiya aras\u0131nda yeni telekommunikasiya \u201cR\u0259q\u0259msal \u0130p\u0259k Yolu\u201d\u00a0d\u0259hlizi layih\u0259sini realla\u015fd\u0131rmaqd\u0131r. Bununla da TDT Q\u0259rbl\u0259 \u015e\u0259rq aras\u0131nda n\u0259qliyyat-tranzit y\u00fckda\u015f\u0131ma \u00a0d\u0259hlizi il\u0259 yana\u015f\u0131, bu corafiyan\u0131 \u00e7ox\u00e7e\u015fidli &#8220;Ya\u015f\u0131l D\u0259hliz&#8221;\u0259, \u201cR\u0259q\u0259msal \u0130p\u0259k Yolu\u201d\u00a0d\u0259hlizin\u0259 \u00a0\u00e7evirm\u0259kdir. Bu da n\u0259tic\u0259 etibar\u0131 il\u0259 T\u00fcrk d\u00fcnyas\u0131n\u0131n birliyin\u0259, h\u0259mr\u0259yliyin\u0259, s\u0131x inteqrasiyas\u0131na, \u0259m\u0259kda\u015fl\u0131\u011f\u0131na, t\u0259hl\u00fck\u0259sizliyin\u0259 v\u0259 xalqlar\u0131n\u0131n rifah hal\u0131nda ya\u015famas\u0131na \u00a0b\u00f6y\u00fck t\u00f6hf\u0259 ver\u0259c\u0259k&#8221;.<\/p>\n","protected":false},"excerpt":{"rendered":"<p>&#8220;T\u00fcrk D\u00f6vl\u0259tl\u0259ri T\u0259\u015fkilat\u0131n\u0131n (TDT) \u015eu\u015fada ke\u00e7iril\u0259n qeyri-r\u0259smi Zirv\u0259 toplant\u0131s\u0131nda imzalanan Qaraba\u011f b\u0259yannam\u0259si t\u00fcrkdilli d\u00f6vl\u0259tl\u0259ri aras\u0131nda strateji m\u00fctt\u0259fiqlik m\u00fcnasib\u0259tl\u0259rinin inki\u015faf\u0131 bax\u0131mdan \u00e7ox \u00a0m\u00fch\u00fcm tarixi \u0259h\u0259miyy\u0259t k\u0259sb ed\u0259n bir \u00a0siyasi s\u0259n\u0259ddir. \u00c7\u00fcnki s\u0259n\u0259dd\u0259 T\u00fcrk d\u00f6vl\u0259tl\u0259rinin qlobal miqyasda potensial\u0131 n\u0259z\u0259r\u0259 al\u0131nmaqla daha iddial\u0131 m\u0259qs\u0259dl\u0259ri qar\u015f\u0131ya h\u0259d\u0259f kimi qoyulub. Bu h\u0259m TDT-nin d\u00fcnyan\u0131n yenid\u0259n \u015f\u0259kill\u0259ndirilm\u0259si istiqam\u0259tind\u0259 ged\u0259n geosiyasi v\u0259 geoiqtisadi \u00a0prosesl\u0259rd\u0259 bir siyasi-iqtisadi g\u00fcc kimi formala\u015fmas\u0131, h\u0259m \u00a0Q\u0259rbl\u0259 \u015e\u0259rq aras\u0131nda t\u0259kc\u0259 n\u0259qliyyat\u00a0d\u0259hlizinin yarad\u0131lmas\u0131 bax\u0131mdan deyil,\u00a0h\u0259m d\u0259\u00a0\u00e7ox\u00e7e\u015fidli logistik\u00a0d\u0259hlizin yarad\u0131lmas\u0131 bax\u0131mdan ciddi s\u0259n\u0259ddir. Bir s\u00f6zl\u0259, Qaraba\u011f b\u0259yannam\u0259si\u00a0T\u00fcrk co\u011frafiyas\u0131nda dayan\u0131ql\u0131 g\u0259l\u0259c\u0259yin qurulmas\u0131n\u0131 t\u0259min ed\u0259n bir s\u0259n\u0259ddir&#8221;. ARANTV.AZ&hellip;<\/p>\n","protected":false},"author":2,"featured_media":735919,"comment_status":"closed","ping_status":"closed","sticky":false,"template":"","format":"standard","meta":{"om_disable_all_campaigns":false,"_monsterinsights_skip_tracking":false,"_monsterinsights_sitenote_active":false,"_monsterinsights_sitenote_note":"","_monsterinsights_sitenote_category":0},"categories":[19],"tags":[],"aioseo_notices":[],"gutentor_comment":0,"rttpg_featured_image_url":{"full":["https:\/\/arantv.az\/wp-content\/uploads\/2024\/07\/ed1d136f172050863838561567710754905.jpg",975,540,false],"landscape":["https:\/\/arantv.az\/wp-content\/uploads\/2024\/07\/ed1d136f172050863838561567710754905.jpg",975,540,false],"portraits":["https:\/\/arantv.az\/wp-content\/uploads\/2024\/07\/ed1d136f172050863838561567710754905.jpg",975,540,false],"thumbnail":["https:\/\/arantv.az\/wp-content\/uploads\/2024\/07\/ed1d136f172050863838561567710754905-500x280.jpg",500,280,true],"medium":["https:\/\/arantv.az\/wp-content\/uploads\/2024\/07\/ed1d136f172050863838561567710754905-660x365.jpg",660,365,true],"large":["https:\/\/arantv.az\/wp-content\/uploads\/2024\/07\/ed1d136f172050863838561567710754905-840x465.jpg",640,354,true],"1536x1536":["https:\/\/arantv.az\/wp-content\/uploads\/2024\/07\/ed1d136f172050863838561567710754905.jpg",975,540,false],"2048x2048":["https:\/\/arantv.az\/wp-content\/uploads\/2024\/07\/ed1d136f172050863838561567710754905.jpg",975,540,false],"post-thumbnail":["https:\/\/arantv.az\/wp-content\/uploads\/2024\/07\/ed1d136f172050863838561567710754905-240x172.jpg",240,172,true],"advps-thumb-one":["https:\/\/arantv.az\/wp-content\/uploads\/2024\/07\/ed1d136f172050863838561567710754905.jpg",975,540,false]},"rttpg_author":{"display_name":"V\u00fcsal Rafiqo\u011flu","author_link":"https:\/\/arantv.az\/?author=2"},"rttpg_comment":0,"rttpg_category":"<a href=\"https:\/\/arantv.az\/?cat=19\" rel=\"category\">G\u00fcnd\u0259m<\/a>","rttpg_excerpt":"&#8220;T\u00fcrk D\u00f6vl\u0259tl\u0259ri T\u0259\u015fkilat\u0131n\u0131n (TDT) \u015eu\u015fada ke\u00e7iril\u0259n qeyri-r\u0259smi Zirv\u0259 toplant\u0131s\u0131nda imzalanan Qaraba\u011f b\u0259yannam\u0259si t\u00fcrkdilli d\u00f6vl\u0259tl\u0259ri aras\u0131nda strateji m\u00fctt\u0259fiqlik m\u00fcnasib\u0259tl\u0259rinin inki\u015faf\u0131 bax\u0131mdan \u00e7ox \u00a0m\u00fch\u00fcm tarixi \u0259h\u0259miyy\u0259t k\u0259sb ed\u0259n bir \u00a0siyasi s\u0259n\u0259ddir. \u00c7\u00fcnki s\u0259n\u0259dd\u0259 T\u00fcrk d\u00f6vl\u0259tl\u0259rinin qlobal miqyasda potensial\u0131 n\u0259z\u0259r\u0259 al\u0131nmaqla daha iddial\u0131 m\u0259qs\u0259dl\u0259ri qar\u015f\u0131ya h\u0259d\u0259f kimi qoyulub. Bu h\u0259m TDT-nin d\u00fcnyan\u0131n yenid\u0259n \u015f\u0259kill\u0259ndirilm\u0259si istiqam\u0259tind\u0259 ged\u0259n geosiyasi v\u0259&hellip;","_links":{"self":[{"href":"https:\/\/arantv.az\/index.php?rest_route=\/wp\/v2\/posts\/735918"}],"collection":[{"href":"https:\/\/arantv.az\/index.php?rest_route=\/wp\/v2\/posts"}],"about":[{"href":"https:\/\/arantv.az\/index.php?rest_route=\/wp\/v2\/types\/post"}],"author":[{"embeddable":true,"href":"https:\/\/arantv.az\/index.php?rest_route=\/wp\/v2\/users\/2"}],"replies":[{"embeddable":true,"href":"https:\/\/arantv.az\/index.php?rest_route=%2Fwp%2Fv2%2Fcomments&post=735918"}],"version-history":[{"count":0,"href":"https:\/\/arantv.az\/index.php?rest_route=\/wp\/v2\/posts\/735918\/revisions"}],"wp:featuredmedia":[{"embeddable":true,"href":"https:\/\/arantv.az\/index.php?rest_route=\/wp\/v2\/media\/735919"}],"wp:attachment":[{"href":"https:\/\/arantv.az\/index.php?rest_route=%2Fwp%2Fv2%2Fmedia&parent=735918"}],"wp:term":[{"taxonomy":"category","embeddable":true,"href":"https:\/\/arantv.az\/index.php?rest_route=%2Fwp%2Fv2%2Fcategories&post=735918"},{"taxonomy":"post_tag","embeddable":true,"href":"https:\/\/arantv.az\/index.php?rest_route=%2Fwp%2Fv2%2Ftags&post=735918"}],"curies":[{"name":"wp","href":"https:\/\/api.w.org\/{rel}","templated":true}]}}