{"id":735949,"date":"2024-07-09T13:43:00","date_gmt":"2024-07-09T09:43:00","guid":{"rendered":"https:\/\/arantv.az\/?p=735949"},"modified":"2024-07-09T13:43:00","modified_gmt":"2024-07-09T09:43:00","slug":"msk-daha-7-partiyanin-numay%c9%99nd%c9%99l%c9%99ri-bar%c9%99d%c9%99-q%c9%99rar-verdi","status":"publish","type":"post","link":"https:\/\/arantv.az\/?p=735949","title":{"rendered":"MSK daha 7 partiyan\u0131n n\u00fcmay\u0259nd\u0259l\u0259ri bar\u0259d\u0259 q\u0259rar verdi"},"content":{"rendered":"<p><strong>Se\u00e7ki haz\u0131rl\u0131qlar\u0131 s\u00fcr\u0259tl\u0259nir; siyasi t\u0259\u015fkilatlar namiz\u0259dl\u0259rini yax\u0131n g\u00fcnl\u0259rd\u0259 a\u00e7\u0131qlayacaq<\/strong><\/p>\n<p>N\u00f6vb\u0259d\u0259nk\u0259nar parlament se\u00e7kil\u0259ri kampaniyas\u0131n\u0131n 9-cu g\u00fcn\u00fcd\u00fcr. Se\u00e7ki komissiyalar\u0131n\u0131n v\u0259 siyasi partiyalar\u0131n se\u00e7ki haz\u0131rl\u0131qlar\u0131 davam edir. M\u0259rk\u0259zi Se\u00e7ki Komissiyas\u0131n\u0131n iclas\u0131nda 2024-c\u00fc il sentyabr\u0131n 1-n\u0259 t\u0259yin edilmi\u015f Az\u0259rbaycan Respublikas\u0131n\u0131n Milli M\u0259clisin\u0259 n\u00f6vb\u0259d\u0259nk\u0259nar se\u00e7kil\u0259rd\u0259 daha bir ne\u00e7\u0259 partiyan\u0131n &#8211; Yeni Az\u0259rbaycan Partiyas\u0131, Az\u0259rbaycan \u00dcmid Partiyas\u0131, B\u00f6y\u00fck Qurulu\u015f Partiyas\u0131, Demokratik \u0130slahatlar Partiyas\u0131, \u201cAna V\u0259t\u0259n\u201d Partiyas\u0131, M\u00fcsavat Partiyas\u0131 v\u0259 Klassik Xalq C\u0259bh\u0259si Partiyas\u0131n\u0131n s\u0259lahiyy\u0259tli n\u00fcmay\u0259nd\u0259l\u0259rinin qeyd\u0259 al\u0131nmas\u0131 m\u0259s\u0259l\u0259sin\u0259 bax\u0131l\u0131b.<\/p>\n<p>S\u00f6z\u00fcged\u0259n siyasi partiyalar t\u0259r\u0259find\u0259n t\u0259qdim olunan \u015f\u0259xsl\u0259rin s\u0259lahiyy\u0259tli n\u00fcmay\u0259nd\u0259l\u0259r kimi qeyd\u0259 al\u0131nmas\u0131 q\u0259rara al\u0131n\u0131b.<\/p>\n<p>M\u0259rk\u0259zi Se\u00e7ki Komissiyas\u0131 Katibliyinin Media v\u0259 kommunikasiya \u015f\u00f6b\u0259sind\u0259n \u201cYeni M\u00fcsavat\u201da veril\u0259n m\u0259lumata g\u00f6r\u0259, iclasda daha sonra b\u0259zi se\u00e7ki dair\u0259l\u0259ri dair\u0259 se\u00e7ki komissiyalar\u0131n\u0131n t\u0259rkibind\u0259 d\u0259yi\u015fiklik edilib, h\u0259m\u00e7inin cari m\u0259s\u0259l\u0259l\u0259r\u0259 bax\u0131l\u0131b.<\/p>\n<p>MSK-n\u0131n n\u00f6vb\u0259ti iclas\u0131 bu g\u00fcn olacaq.<\/p>\n<p>Bir s\u0131ra siyasi partiyalar is\u0259 n\u00f6vb\u0259d\u0259nk\u0259nar parlament se\u00e7kil\u0259ri il\u0259 ba\u011fl\u0131 q\u0259rarlar q\u0259bul edibl\u0259r. Milli C\u0259bh\u0259 Partiyas\u0131 n\u00f6vb\u0259d\u0259nk\u0259nar parlament se\u00e7kil\u0259ri il\u0259 \u0259laq\u0259dar \u00dcmumrespublika iclas\u0131 ke\u00e7irib. T\u0259dbird\u0259 partiya s\u0259dri Razi Nurullayev, partiya r\u0259hb\u0259rliyi, t\u0259\u015fkilat s\u0259drl\u0259ri v\u0259 partiyan\u0131n parlament se\u00e7kil\u0259rin\u0259 namiz\u0259dl\u0259ri i\u015ftirak edibl\u0259r. \u00c7\u0131x\u0131\u015f ed\u0259n MCP s\u0259dri Razi Nurullayev h\u0259r bir siyasi partiya \u00fc\u00e7\u00fcn se\u00e7kil\u0259rd\u0259 i\u015ftirak\u0131n \u00f6n\u0259mini vur\u011fulay\u0131b. S\u0259dr bu se\u00e7kil\u0259rd\u0259 d\u0259 h\u0259r se\u00e7kid\u0259 oldu\u011fu kimi inamla m\u00fcbariz\u0259 aparacaqlar\u0131n\u0131 bildirib. \u0130clasda Milli M\u0259clis\u0259 se\u00e7kil\u0259rd\u0259 partiyan\u0131n s\u0259lahiyy\u0259tli n\u00fcmay\u0259nd\u0259l\u0259ri m\u00fc\u0259yy\u0259n edil\u0259r\u0259k t\u0259sdiq edilib. H\u0259m\u00e7inin partiyan\u0131n deputatl\u0131\u011fa namiz\u0259dliyi ir\u0259li s\u00fcr\u00fcl\u0259n \u00fczvl\u0259rin siyah\u0131s\u0131 da t\u0259sdiql\u0259nib.<\/p>\n<p><strong>AM\u0130P Siyasi \u015euras\u0131 da se\u00e7kil\u0259rl\u0259 \u0259laq\u0259dar toplan\u0131b. AM\u0130P s\u0259dri Arzuxan \u018flizad\u0259nin verdiyi m\u0259lumata g\u00f6r\u0259, \u0259slind\u0259 partiyada se\u00e7kil\u0259rl\u0259 ba\u011fl\u0131 haz\u0131rl\u0131qlara fevral ay\u0131ndan start verilib. Bu proses haz\u0131rda davam etdirilir. Haz\u0131rl\u0131qlar yekunla\u015fmaq \u00fczr\u0259dir. Siyasi \u015euran\u0131n iclas\u0131nda se\u00e7kid\u0259 i\u015ftirakla ba\u011fl\u0131 q\u0259rar verilib. Partiya s\u0259dri bud\u0259f\u0259ki se\u00e7kil\u0259rd\u0259n g\u00f6zl\u0259ntil\u0259rinin b\u00f6y\u00fck oldu\u011funu bildirib:<\/strong>\u00a0\u201c\u018fn az\u0131ndan ona g\u00f6r\u0259 ki, \u00f6lk\u0259d\u0259 4 il bundan \u0259vv\u0259l yeni siyasi m\u00fcnasib\u0259tl\u0259r sisteminin \u0259sas\u0131 qoyulub, indi d\u0259 bu proses davam edir. Ona g\u00f6r\u0259 d\u0259 yeni formala\u015fan parlamentd\u0259n g\u00f6zl\u0259ntil\u0259rimiz b\u00f6y\u00fckd\u00fcr\u201d.<\/p>\n<p>A.\u018flizad\u0259 m\u00fcxalif\u0259t partiyalar\u0131n\u0131n parlamentd\u0259 t\u0259msil olunaca\u011f\u0131n\u0131 bildirib: \u201cSe\u00e7ki bir s\u0131naqd\u0131r. Se\u00e7kil\u0259rin \u0259dal\u0259tli ke\u00e7\u0259c\u0259yin\u0259 \u00fcmidimiz v\u0259 \u0259minliyimiz var, \u0259ks halda, i\u015ftirak etm\u0259zdik. T\u0259bii ki, se\u00e7icid\u0259n, namiz\u0259din elektorat\u0131ndan v\u0259 se\u00e7ki kampaniyas\u0131 aparma\u011f\u0131ndan \u00e7ox \u015fey as\u0131l\u0131d\u0131r. Hesab edir\u0259m ki, \u00f6lk\u0259nin \u0259sas siyasi palitras\u0131 parlamentd\u0259 t\u0259msil olunacaq\u201d.<\/p>\n<p>Q\u00fcdr\u0259t H\u0259s\u0259nquliyevin s\u0259drlik etdiyi \u018fdal\u0259t H\u00fcquq Demokratiya Partiyas\u0131n\u0131n Ali M\u0259clisi d\u0259 se\u00e7kil\u0259rl\u0259 ba\u011fl\u0131 toplan\u0131b. M\u00fczakir\u0259l\u0259rin sonunda n\u00f6vb\u0259d\u0259nk\u0259nar parlament se\u00e7kil\u0259rind\u0259 i\u015ftirak etm\u0259k bar\u0259d\u0259 q\u0259rar verilib.<\/p>\n<p><strong>Etibar SEY\u0130DA\u011eA,<br \/>\n\u201cYeni M\u00fcsavat\u201d\u00a0<\/strong><\/p>\n","protected":false},"excerpt":{"rendered":"<p>Se\u00e7ki haz\u0131rl\u0131qlar\u0131 s\u00fcr\u0259tl\u0259nir; siyasi t\u0259\u015fkilatlar namiz\u0259dl\u0259rini yax\u0131n g\u00fcnl\u0259rd\u0259 a\u00e7\u0131qlayacaq N\u00f6vb\u0259d\u0259nk\u0259nar parlament se\u00e7kil\u0259ri kampaniyas\u0131n\u0131n 9-cu g\u00fcn\u00fcd\u00fcr. Se\u00e7ki komissiyalar\u0131n\u0131n v\u0259 siyasi partiyalar\u0131n se\u00e7ki haz\u0131rl\u0131qlar\u0131 davam edir. M\u0259rk\u0259zi Se\u00e7ki Komissiyas\u0131n\u0131n iclas\u0131nda 2024-c\u00fc il sentyabr\u0131n 1-n\u0259 t\u0259yin edilmi\u015f Az\u0259rbaycan Respublikas\u0131n\u0131n Milli M\u0259clisin\u0259 n\u00f6vb\u0259d\u0259nk\u0259nar se\u00e7kil\u0259rd\u0259 daha bir ne\u00e7\u0259 partiyan\u0131n &#8211; Yeni Az\u0259rbaycan Partiyas\u0131, Az\u0259rbaycan \u00dcmid Partiyas\u0131, B\u00f6y\u00fck Qurulu\u015f Partiyas\u0131, Demokratik \u0130slahatlar Partiyas\u0131, \u201cAna V\u0259t\u0259n\u201d Partiyas\u0131, M\u00fcsavat Partiyas\u0131 v\u0259 Klassik Xalq C\u0259bh\u0259si Partiyas\u0131n\u0131n s\u0259lahiyy\u0259tli n\u00fcmay\u0259nd\u0259l\u0259rinin qeyd\u0259 al\u0131nmas\u0131 m\u0259s\u0259l\u0259sin\u0259 bax\u0131l\u0131b. S\u00f6z\u00fcged\u0259n siyasi partiyalar t\u0259r\u0259find\u0259n t\u0259qdim olunan \u015f\u0259xsl\u0259rin s\u0259lahiyy\u0259tli n\u00fcmay\u0259nd\u0259l\u0259r kimi qeyd\u0259 al\u0131nmas\u0131 q\u0259rara al\u0131n\u0131b. M\u0259rk\u0259zi Se\u00e7ki Komissiyas\u0131&hellip;<\/p>\n","protected":false},"author":2,"featured_media":735950,"comment_status":"closed","ping_status":"closed","sticky":false,"template":"","format":"standard","meta":{"om_disable_all_campaigns":false,"_monsterinsights_skip_tracking":false,"_monsterinsights_sitenote_active":false,"_monsterinsights_sitenote_note":"","_monsterinsights_sitenote_category":0},"categories":[1],"tags":[],"aioseo_notices":[],"gutentor_comment":0,"rttpg_featured_image_url":{"full":["https:\/\/arantv.az\/wp-content\/uploads\/2024\/07\/99a031f5802531c6ee66346843f3145a.jpg",870,500,false],"landscape":["https:\/\/arantv.az\/wp-content\/uploads\/2024\/07\/99a031f5802531c6ee66346843f3145a.jpg",870,500,false],"portraits":["https:\/\/arantv.az\/wp-content\/uploads\/2024\/07\/99a031f5802531c6ee66346843f3145a.jpg",870,500,false],"thumbnail":["https:\/\/arantv.az\/wp-content\/uploads\/2024\/07\/99a031f5802531c6ee66346843f3145a-500x280.jpg",500,280,true],"medium":["https:\/\/arantv.az\/wp-content\/uploads\/2024\/07\/99a031f5802531c6ee66346843f3145a-635x365.jpg",635,365,true],"large":["https:\/\/arantv.az\/wp-content\/uploads\/2024\/07\/99a031f5802531c6ee66346843f3145a-840x483.jpg",640,368,true],"1536x1536":["https:\/\/arantv.az\/wp-content\/uploads\/2024\/07\/99a031f5802531c6ee66346843f3145a.jpg",870,500,false],"2048x2048":["https:\/\/arantv.az\/wp-content\/uploads\/2024\/07\/99a031f5802531c6ee66346843f3145a.jpg",870,500,false],"post-thumbnail":["https:\/\/arantv.az\/wp-content\/uploads\/2024\/07\/99a031f5802531c6ee66346843f3145a-240x172.jpg",240,172,true],"advps-thumb-one":["https:\/\/arantv.az\/wp-content\/uploads\/2024\/07\/99a031f5802531c6ee66346843f3145a.jpg",870,500,false]},"rttpg_author":{"display_name":"V\u00fcsal Rafiqo\u011flu","author_link":"https:\/\/arantv.az\/?author=2"},"rttpg_comment":0,"rttpg_category":"<a href=\"https:\/\/arantv.az\/?cat=1\" rel=\"category\">C\u0259miyy\u0259t<\/a>","rttpg_excerpt":"Se\u00e7ki haz\u0131rl\u0131qlar\u0131 s\u00fcr\u0259tl\u0259nir; siyasi t\u0259\u015fkilatlar namiz\u0259dl\u0259rini yax\u0131n g\u00fcnl\u0259rd\u0259 a\u00e7\u0131qlayacaq N\u00f6vb\u0259d\u0259nk\u0259nar parlament se\u00e7kil\u0259ri kampaniyas\u0131n\u0131n 9-cu g\u00fcn\u00fcd\u00fcr. Se\u00e7ki komissiyalar\u0131n\u0131n v\u0259 siyasi partiyalar\u0131n se\u00e7ki haz\u0131rl\u0131qlar\u0131 davam edir. M\u0259rk\u0259zi Se\u00e7ki Komissiyas\u0131n\u0131n iclas\u0131nda 2024-c\u00fc il sentyabr\u0131n 1-n\u0259 t\u0259yin edilmi\u015f Az\u0259rbaycan Respublikas\u0131n\u0131n Milli M\u0259clisin\u0259 n\u00f6vb\u0259d\u0259nk\u0259nar se\u00e7kil\u0259rd\u0259 daha bir ne\u00e7\u0259 partiyan\u0131n &#8211; Yeni Az\u0259rbaycan Partiyas\u0131, Az\u0259rbaycan \u00dcmid Partiyas\u0131, B\u00f6y\u00fck Qurulu\u015f Partiyas\u0131, Demokratik&hellip;","_links":{"self":[{"href":"https:\/\/arantv.az\/index.php?rest_route=\/wp\/v2\/posts\/735949"}],"collection":[{"href":"https:\/\/arantv.az\/index.php?rest_route=\/wp\/v2\/posts"}],"about":[{"href":"https:\/\/arantv.az\/index.php?rest_route=\/wp\/v2\/types\/post"}],"author":[{"embeddable":true,"href":"https:\/\/arantv.az\/index.php?rest_route=\/wp\/v2\/users\/2"}],"replies":[{"embeddable":true,"href":"https:\/\/arantv.az\/index.php?rest_route=%2Fwp%2Fv2%2Fcomments&post=735949"}],"version-history":[{"count":0,"href":"https:\/\/arantv.az\/index.php?rest_route=\/wp\/v2\/posts\/735949\/revisions"}],"wp:featuredmedia":[{"embeddable":true,"href":"https:\/\/arantv.az\/index.php?rest_route=\/wp\/v2\/media\/735950"}],"wp:attachment":[{"href":"https:\/\/arantv.az\/index.php?rest_route=%2Fwp%2Fv2%2Fmedia&parent=735949"}],"wp:term":[{"taxonomy":"category","embeddable":true,"href":"https:\/\/arantv.az\/index.php?rest_route=%2Fwp%2Fv2%2Fcategories&post=735949"},{"taxonomy":"post_tag","embeddable":true,"href":"https:\/\/arantv.az\/index.php?rest_route=%2Fwp%2Fv2%2Ftags&post=735949"}],"curies":[{"name":"wp","href":"https:\/\/api.w.org\/{rel}","templated":true}]}}