{"id":735956,"date":"2024-07-09T13:48:13","date_gmt":"2024-07-09T09:48:13","guid":{"rendered":"https:\/\/arantv.az\/?p=735956"},"modified":"2024-07-09T13:48:13","modified_gmt":"2024-07-09T09:48:13","slug":"az%c9%99rbaycanda-yeni-elektron-sistem-yaradilir","status":"publish","type":"post","link":"https:\/\/arantv.az\/?p=735956","title":{"rendered":"Az\u0259rbaycanda yeni elektron sistem yarad\u0131l\u0131r"},"content":{"rendered":"<p>Prezident\u00a0<strong>\u0130lham \u018fliyev<\/strong>\u00a0Elektron R\u0259qab\u0259t \u0130nformasiya Sisteminin (ER\u0130S) yarad\u0131lmas\u0131 haqq\u0131nda F\u0259rman imzalay\u0131b.<\/p>\n<p><a class=\"azertac-link\" href=\"https:\/\/azertag.az\/xeber\/elektron_reqabet_informasiya_sistemi_yaradilir___ferman-3088846\" target=\"_blank\" rel=\"nofollow noopener\">AZ\u018fRTAC<\/a>\u00a0x\u0259b\u0259r verir ki, ER\u0130S r\u0259qab\u0259t v\u0259 istehlak\u00e7\u0131lar\u0131n h\u00fcquqlar\u0131n\u0131n m\u00fcdafi\u0259si sah\u0259l\u0259rind\u0259 istehlak\u00e7\u0131lar\u0131n v\u0259 bazar subyektl\u0259rinin m\u00fcraci\u0259tl\u0259rinin (v\u0259sat\u0259tl\u0259rinin) q\u0259bulunu, emal\u0131n\u0131, onlara \u0259lav\u0259 edilm\u0259li olan s\u0259n\u0259dl\u0259rin v\u0259 ya m\u0259lumatlar\u0131n real vaxt rejimind\u0259 dig\u0259r d\u00f6vl\u0259t orqanlar\u0131ndan (qurumlar\u0131ndan) sor\u011fu \u0259sas\u0131nda \u0259ld\u0259 olunmas\u0131n\u0131, h\u0259min m\u00fcraci\u0259tl\u0259r\u0259 (v\u0259sat\u0259tl\u0259r\u0259) dair q\u0259rarlar\u0131n v\u0259 m\u0259lumatlar\u0131n elektron qaydada t\u0259qdim edilm\u0259sini, habel\u0259 qeyd olunan sah\u0259l\u0259rd\u0259 m\u0259lumatlar\u0131n istifad\u0259\u00e7il\u0259r \u00fc\u00e7\u00fcn \u0259l\u00e7atanl\u0131\u011f\u0131n\u0131 t\u0259min ed\u0259c\u0259k.<\/p>\n<p>ER\u0130S-in sahibi funksiyalar\u0131n\u0131 Az\u0259rbaycan Respublikas\u0131n\u0131n \u0130qtisadiyyat Nazirliyi, operatoru funksiyalar\u0131n\u0131 Az\u0259rbaycan Respublikas\u0131n\u0131n \u0130qtisadiyyat Nazirliyi yan\u0131nda Antiinhisar v\u0259 \u0130stehlak Bazar\u0131na N\u0259zar\u0259t D\u00f6vl\u0259t Xidm\u0259ti h\u0259yata ke\u00e7irir. ER\u0130S-in yarad\u0131lmas\u0131 v\u0259 saxlan\u0131lmas\u0131 il\u0259 ba\u011fl\u0131 x\u0259rcl\u0259r Az\u0259rbaycan Respublikas\u0131n\u0131n \u0130qtisadiyyat Nazirliyi yan\u0131nda Antiinhisar v\u0259 \u0130stehlak Bazar\u0131na N\u0259zar\u0259t D\u00f6vl\u0259t Xidm\u0259tinin b\u00fcdc\u0259d\u0259nk\u0259nar g\u0259lirl\u0259ri hesab\u0131na h\u0259yata ke\u00e7irilir.<\/p>\n<p>Nazirl\u0259r Kabineti ER\u0130S haqq\u0131nda \u0259sasnam\u0259nin layih\u0259sini haz\u0131rlay\u0131b, alt\u0131 ay m\u00fcdd\u0259tind\u0259 Az\u0259rbaycan Respublikas\u0131n\u0131n Prezidentin\u0259 t\u0259qdim etm\u0259lidir.<\/p>\n<p>\u0130qtisadiyyat Nazirliyi is\u0259 alt\u0131 ay m\u00fcdd\u0259tind\u0259 ER\u0130S-in formala\u015fd\u0131r\u0131lmas\u0131n\u0131 h\u0259yata ke\u00e7irm\u0259lidir.<\/p>\n<p>Az\u0259rbaycan Respublikas\u0131n\u0131n R\u0259q\u0259msal \u0130nki\u015faf v\u0259 N\u0259qliyyat Nazirliyi &#8220;H\u00f6kum\u0259t buludu&#8221; (G-cloud) Konsepsiyas\u0131&#8221;na uy\u011fun olaraq, ER\u0130S-in &#8220;H\u00f6kum\u0259t buludu&#8221;nda yerl\u0259\u015fdirilm\u0259sini t\u0259min etm\u0259lidir.<\/p>\n<p>Bundan ba\u015fqa, Az\u0259rbaycan Respublikas\u0131n\u0131n X\u00fcsusi Rabit\u0259 v\u0259 \u0130nformasiya T\u0259hl\u00fck\u0259sizliyi D\u00f6vl\u0259t Xidm\u0259ti ER\u0130S-i m\u00fchafiz\u0259 olunan telekommunikasiya kanallar\u0131 il\u0259 t\u0259min etm\u0259li v\u0259 onun t\u0259hl\u00fck\u0259sizlik meyarlar\u0131 \u00fczr\u0259 monitorinqini h\u0259yata ke\u00e7irm\u0259li, ER\u0130S-in informasiya t\u0259hl\u00fck\u0259sizliyinin t\u0259min olunmas\u0131 m\u0259qs\u0259dil\u0259 sahibi v\u0259 operatoru il\u0259 birlikd\u0259 z\u0259ruri t\u0259dbirl\u0259r g\u00f6rm\u0259lidir.<\/p>\n","protected":false},"excerpt":{"rendered":"<p>Prezident\u00a0\u0130lham \u018fliyev\u00a0Elektron R\u0259qab\u0259t \u0130nformasiya Sisteminin (ER\u0130S) yarad\u0131lmas\u0131 haqq\u0131nda F\u0259rman imzalay\u0131b. AZ\u018fRTAC\u00a0x\u0259b\u0259r verir ki, ER\u0130S r\u0259qab\u0259t v\u0259 istehlak\u00e7\u0131lar\u0131n h\u00fcquqlar\u0131n\u0131n m\u00fcdafi\u0259si sah\u0259l\u0259rind\u0259 istehlak\u00e7\u0131lar\u0131n v\u0259 bazar subyektl\u0259rinin m\u00fcraci\u0259tl\u0259rinin (v\u0259sat\u0259tl\u0259rinin) q\u0259bulunu, emal\u0131n\u0131, onlara \u0259lav\u0259 edilm\u0259li olan s\u0259n\u0259dl\u0259rin v\u0259 ya m\u0259lumatlar\u0131n real vaxt rejimind\u0259 dig\u0259r d\u00f6vl\u0259t orqanlar\u0131ndan (qurumlar\u0131ndan) sor\u011fu \u0259sas\u0131nda \u0259ld\u0259 olunmas\u0131n\u0131, h\u0259min m\u00fcraci\u0259tl\u0259r\u0259 (v\u0259sat\u0259tl\u0259r\u0259) dair q\u0259rarlar\u0131n v\u0259 m\u0259lumatlar\u0131n elektron qaydada t\u0259qdim edilm\u0259sini, habel\u0259 qeyd olunan sah\u0259l\u0259rd\u0259 m\u0259lumatlar\u0131n istifad\u0259\u00e7il\u0259r \u00fc\u00e7\u00fcn \u0259l\u00e7atanl\u0131\u011f\u0131n\u0131 t\u0259min ed\u0259c\u0259k. ER\u0130S-in sahibi funksiyalar\u0131n\u0131 Az\u0259rbaycan Respublikas\u0131n\u0131n \u0130qtisadiyyat Nazirliyi, operatoru funksiyalar\u0131n\u0131 Az\u0259rbaycan Respublikas\u0131n\u0131n \u0130qtisadiyyat Nazirliyi yan\u0131nda Antiinhisar v\u0259 \u0130stehlak Bazar\u0131na N\u0259zar\u0259t D\u00f6vl\u0259t Xidm\u0259ti h\u0259yata&hellip;<\/p>\n","protected":false},"author":2,"featured_media":735957,"comment_status":"closed","ping_status":"closed","sticky":false,"template":"","format":"standard","meta":{"om_disable_all_campaigns":false,"_monsterinsights_skip_tracking":false,"_monsterinsights_sitenote_active":false,"_monsterinsights_sitenote_note":"","_monsterinsights_sitenote_category":0},"categories":[4],"tags":[],"aioseo_notices":[],"gutentor_comment":0,"rttpg_featured_image_url":{"full":["https:\/\/arantv.az\/wp-content\/uploads\/2024\/07\/61019031171221879088712951210499128.jpg",975,540,false],"landscape":["https:\/\/arantv.az\/wp-content\/uploads\/2024\/07\/61019031171221879088712951210499128.jpg",975,540,false],"portraits":["https:\/\/arantv.az\/wp-content\/uploads\/2024\/07\/61019031171221879088712951210499128.jpg",975,540,false],"thumbnail":["https:\/\/arantv.az\/wp-content\/uploads\/2024\/07\/61019031171221879088712951210499128-500x280.jpg",500,280,true],"medium":["https:\/\/arantv.az\/wp-content\/uploads\/2024\/07\/61019031171221879088712951210499128-660x365.jpg",660,365,true],"large":["https:\/\/arantv.az\/wp-content\/uploads\/2024\/07\/61019031171221879088712951210499128-840x465.jpg",640,354,true],"1536x1536":["https:\/\/arantv.az\/wp-content\/uploads\/2024\/07\/61019031171221879088712951210499128.jpg",975,540,false],"2048x2048":["https:\/\/arantv.az\/wp-content\/uploads\/2024\/07\/61019031171221879088712951210499128.jpg",975,540,false],"post-thumbnail":["https:\/\/arantv.az\/wp-content\/uploads\/2024\/07\/61019031171221879088712951210499128-240x172.jpg",240,172,true],"advps-thumb-one":["https:\/\/arantv.az\/wp-content\/uploads\/2024\/07\/61019031171221879088712951210499128.jpg",975,540,false]},"rttpg_author":{"display_name":"V\u00fcsal Rafiqo\u011flu","author_link":"https:\/\/arantv.az\/?author=2"},"rttpg_comment":0,"rttpg_category":"<a href=\"https:\/\/arantv.az\/?cat=4\" rel=\"category\">Siyas\u0259t<\/a>","rttpg_excerpt":"Prezident\u00a0\u0130lham \u018fliyev\u00a0Elektron R\u0259qab\u0259t \u0130nformasiya Sisteminin (ER\u0130S) yarad\u0131lmas\u0131 haqq\u0131nda F\u0259rman imzalay\u0131b. AZ\u018fRTAC\u00a0x\u0259b\u0259r verir ki, ER\u0130S r\u0259qab\u0259t v\u0259 istehlak\u00e7\u0131lar\u0131n h\u00fcquqlar\u0131n\u0131n m\u00fcdafi\u0259si sah\u0259l\u0259rind\u0259 istehlak\u00e7\u0131lar\u0131n v\u0259 bazar subyektl\u0259rinin m\u00fcraci\u0259tl\u0259rinin (v\u0259sat\u0259tl\u0259rinin) q\u0259bulunu, emal\u0131n\u0131, onlara \u0259lav\u0259 edilm\u0259li olan s\u0259n\u0259dl\u0259rin v\u0259 ya m\u0259lumatlar\u0131n real vaxt rejimind\u0259 dig\u0259r d\u00f6vl\u0259t orqanlar\u0131ndan (qurumlar\u0131ndan) sor\u011fu \u0259sas\u0131nda \u0259ld\u0259 olunmas\u0131n\u0131, h\u0259min m\u00fcraci\u0259tl\u0259r\u0259 (v\u0259sat\u0259tl\u0259r\u0259) dair q\u0259rarlar\u0131n v\u0259 m\u0259lumatlar\u0131n elektron&hellip;","_links":{"self":[{"href":"https:\/\/arantv.az\/index.php?rest_route=\/wp\/v2\/posts\/735956"}],"collection":[{"href":"https:\/\/arantv.az\/index.php?rest_route=\/wp\/v2\/posts"}],"about":[{"href":"https:\/\/arantv.az\/index.php?rest_route=\/wp\/v2\/types\/post"}],"author":[{"embeddable":true,"href":"https:\/\/arantv.az\/index.php?rest_route=\/wp\/v2\/users\/2"}],"replies":[{"embeddable":true,"href":"https:\/\/arantv.az\/index.php?rest_route=%2Fwp%2Fv2%2Fcomments&post=735956"}],"version-history":[{"count":0,"href":"https:\/\/arantv.az\/index.php?rest_route=\/wp\/v2\/posts\/735956\/revisions"}],"wp:featuredmedia":[{"embeddable":true,"href":"https:\/\/arantv.az\/index.php?rest_route=\/wp\/v2\/media\/735957"}],"wp:attachment":[{"href":"https:\/\/arantv.az\/index.php?rest_route=%2Fwp%2Fv2%2Fmedia&parent=735956"}],"wp:term":[{"taxonomy":"category","embeddable":true,"href":"https:\/\/arantv.az\/index.php?rest_route=%2Fwp%2Fv2%2Fcategories&post=735956"},{"taxonomy":"post_tag","embeddable":true,"href":"https:\/\/arantv.az\/index.php?rest_route=%2Fwp%2Fv2%2Ftags&post=735956"}],"curies":[{"name":"wp","href":"https:\/\/api.w.org\/{rel}","templated":true}]}}