{"id":736002,"date":"2024-07-09T17:18:36","date_gmt":"2024-07-09T13:18:36","guid":{"rendered":"https:\/\/arantv.az\/?p=736002"},"modified":"2024-07-09T17:18:36","modified_gmt":"2024-07-09T13:18:36","slug":"qarabag-b%c9%99yannam%c9%99sind%c9%99n-ir%c9%99li-g%c9%99l%c9%99n-realliqlar","status":"publish","type":"post","link":"https:\/\/arantv.az\/?p=736002","title":{"rendered":"Qaraba\u011f B\u0259yannam\u0259sind\u0259n ir\u0259li g\u0259l\u0259n reall\u0131qlar!"},"content":{"rendered":"<div dir=\"auto\">Az\u0259rbaycan Erm\u0259nistan\u0131n 30 illik t\u0259cav\u00fcz\u00fcn\u0259 son qoyulmas\u0131nda, i\u015f\u011fal olunmu\u015f torpaqlar\u0131n azad olunmas\u0131nda, Az\u0259rbaycan\u0131n \u0259razi b\u00fct\u00f6vl\u00fcy\u00fcn\u00fcn b\u0259rpa edilm\u0259sind\u0259 T\u00fcrkiy\u0259 Respublikas\u0131n\u0131n m\u0259n\u0259vi-siyasi d\u0259st\u0259yini y\u00fcks\u0259k qiym\u0259tl\u0259ndirir. T\u0259r\u0259fl\u0259r Qafqaz regionunda sabitliyin v\u0259 t\u0259hl\u00fck\u0259sizliyin m\u00f6hk\u0259ml\u0259ndirilm\u0259si, b\u00fct\u00fcn iqtisadi v\u0259 n\u0259qliyyat \u0259laq\u0259l\u0259rinin b\u0259rpas\u0131, el\u0259c\u0259 d\u0259 region d\u00f6vl\u0259tl\u0259ri aras\u0131nda m\u00fcnasib\u0259tl\u0259rin normalla\u015fd\u0131r\u0131lmas\u0131 v\u0259 uzunm\u00fcdd\u0259tli s\u00fclh\u00fcn t\u0259min edilm\u0259si istiqam\u0259tind\u0259 s\u0259yl\u0259rini davam etdir\u0259c\u0259kl\u0259r. Bu kontekstd\u0259 Az\u0259rbaycan Respublikas\u0131n\u0131n Nax\u00e7\u0131van Muxtar Respublikas\u0131n\u0131n x\u00fcsusi co\u011frafi v\u0259ziyy\u0259ti n\u0259z\u0259r\u0259 al\u0131nacaqd\u0131r.<\/div>\n<div dir=\"auto\">Qaraba\u011f B\u0259yannam\u0259si, Tarixi \u015eu\u015fa b\u0259yannam\u0259sinin davam\u0131 olaraq \u015eu\u015fada T\u00fcrk D\u00f6vl\u0259tl\u0259ri T\u0259\u015fkilat\u0131 r\u0259hb\u0259rl\u0259rinin siyasi birliyini ifad\u0259 ed\u0259n tarixi s\u0259n\u0259ddir!<\/div>\n<div dir=\"auto\">1991-ci ild\u0259 Erm\u0259nistan Respublikas\u0131, Az\u0259rbaycan Respublikas\u0131na elan edilm\u0259mi\u015f m\u00fcharib\u0259 ba\u015flam\u0131\u015f, m\u00fcharib\u0259nin gedi\u015find\u0259 Nax\u00e7\u0131van Muxtar Respublikas\u0131na Erm\u0259nistan h\u0259rbi-birl\u0259\u015fm\u0259l\u0259ri t\u0259r\u0259find\u0259n olunan b\u00fct\u00fcn h\u00fccumlar\u0131n qar\u015f\u0131s\u0131n\u0131n al\u0131nmas\u0131nda Nax\u00e7\u0131van Muxtar Respublikas\u0131n\u0131n Az\u0259rbaycan Respublikas\u0131 il\u0259 quru yolla s\u0259rh\u0259dl\u0259rin ba\u011fl\u0131 olmas\u0131ndan ir\u0259li g\u0259l\u0259n b\u00fct\u00fcn \u00e7\u0259tinlikl\u0259ri, n\u0259z\u0259r\u0259 alaraq T\u00fcrkiy\u0259 Respublikas\u0131 Qars m\u00fcqavil\u0259sin\u0259 \u0259sas\u0259n \u00fcz\u0259rin\u0259 d\u00fc\u015f\u0259n b\u00fct\u00fcn \u00f6hd\u0259likl\u0259r\u0259 \u0259m\u0259l etmi\u015f, Nax\u00e7\u0131van Muxtar Respublikas\u0131nda yaranan, siyasi, iqtisadi, h\u0259rbi t\u0259hdidl\u0259r aradan qald\u0131r\u0131lm\u0131\u015f, Erm\u0259nistan silahl\u0131 birl\u0259\u015fm\u0259l\u0259rinin Nax\u00e7\u0131van Muxtar Respublikas\u0131n\u0131n \u0259razil\u0259rin\u0259 olan h\u00fccumlar\u0131n\u0131n qar\u015f\u0131s\u0131 siyasi m\u00fcst\u0259vid\u0259 al\u0131nm\u0131\u015fd\u0131r, Qars m\u00fcqavil\u0259sinin tarixi \u0259h\u0259miyy\u0259ti d\u00f6vr\u00fcm\u00fcz \u00fc\u00e7\u00fcn olduqca b\u00f6y\u00fckd\u00fcr, Qars m\u00fcqavil\u0259sini r\u0259hb\u0259r tutaraq Az\u0259rbaycan Respublikas\u0131 v\u0259 T\u00fcrkiy\u0259 Respublikas\u0131 aras\u0131nda bir s\u0131ra beyn\u0259lxalq h\u00fcquqa \u0259saslanaraq b\u0259yannam\u0259 v\u0259 h\u00fcquqi aktlar imzalan\u0131b.<\/div>\n<div dir=\"auto\">T\u00fcrk D\u00f6vl\u0259tl\u0259ri T\u0259\u015fkilat\u0131n\u0131n d\u00f6vl\u0259t ba\u015f\u00e7\u0131lar\u0131 T\u00fcrk d\u00fcnyas\u0131n\u0131 regionda v\u0259 d\u00fcnyada s\u00fclh, t\u0259hl\u00fck\u0259sizlik, sabitlik, inki\u015faf v\u0259 t\u0259r\u0259qqi ideyalar\u0131na sadiq olan t\u00fcrk xalqlar\u0131n\u0131n ortaq etnik k\u00f6kl\u0259ri, tarixi, dil, m\u0259d\u0259niyy\u0259t, \u0259n\u0259n\u0259l\u0259r v\u0259 d\u0259y\u0259rl\u0259rin\u0259 s\u00f6yk\u0259n\u0259n ail\u0259 oldu\u011funu hesab ed\u0259r\u0259k, T\u00fcrk xalqlar\u0131n\u0131n qit\u0259 miqyas\u0131nda t\u00f6hf\u0259l\u0259rini, qlobal siyas\u0259t, iqtisadiyyat v\u0259 sivilizasiyalar\u0131n inki\u015faf\u0131nda tarix boyu oynad\u0131\u011f\u0131 rolunu \u0259n y\u00fcks\u0259k d\u0259y\u0259rini vur\u011fulayaraq, bir s\u0131ra qlobal v\u0259 iqtisadi, humanitar m\u0259s\u0259ll\u0259rin h\u0259lli \u00fc\u00e7\u00fcn \u00f6z fikirl\u0259rini ifad\u0259 etdil\u0259r!<\/div>\n<div dir=\"auto\">Qaraba\u011f B\u0259yannam\u0259si, TDT-nin Az\u0259rabaycan Respublikas\u0131n\u0131n i\u015f\u011faldan azad olunan \u0259razil\u0259rind\u0259 iqtisadi-siyasi v\u0259 bir s\u0131ra humanitar aksiyalar\u0131n h\u0259yata ke\u00e7irilm\u0259sini t\u00f6vsiy\u0259 edir, x\u00fcsus\u0259nd\u0259 C\u0259nubi Qafqazda N\u0259qliyyat d\u0259hlizinin yaranmas\u0131, 30 il \u0259rzind\u0259 Erm\u0259nistan Respublikas\u0131n\u0131n i\u015f\u011fal zonas\u0131na \u00e7evril\u0259n \u0259razil\u0259rd\u0259 s\u00fclh\u00fcn t\u0259min edilm\u0259sind\u0259n b\u0259hs olunur, TDT-nin d\u00f6vl\u0259t ba\u015f\u00e7\u0131lar\u0131n\u0131n \u015eu\u015fa \u015f\u0259h\u0259rin\u0259 g\u0259li\u015fi t\u0259sad\u00fcf\u00fc deyil, tarixi T\u00fcrk torpa\u011f\u0131 olan \u0259razil\u0259rin i\u015f\u011faldan azad olunmas\u0131, T\u00fcrk d\u00fcnyas\u0131 \u00fc\u00e7\u00fcn a\u00e7\u0131lan yeni bir d\u00f6vrd\u00fc, bu d\u00f6vr S\u00fclh d\u00f6vr\u00fcd\u00fcr, d\u00fcnyaya s\u00fclh d\u00f6vr\u00fcn\u00fcn ba\u015flanmas\u0131 mesaj\u0131 \u015eu\u015fa \u015f\u0259h\u0259rind\u0259 Az\u0259rbaycan Respublikas\u0131n\u0131n Prezidenti C\u0259nab \u0130lham \u018fliyev t\u0259r\u0259find\u0259n verilib, Az\u0259rbaycan Respublikas\u0131n\u0131n siyasi irad\u0259si yeni d\u00f6vr \u00fc\u00e7\u00fcn S\u00fclh d\u00f6vr\u00fcd\u00fcr!<\/div>\n<div dir=\"auto\">Az\u0259rbaycan Respublikas\u0131 regionun m\u00fcharib\u0259d\u0259n \u0259ziyy\u0259t \u00e7\u0259k\u0259n d\u00f6vl\u0259tidir, elan edilm\u0259mi\u015f m\u00fcharib\u0259 Az\u0259rbaycan Respublikas\u0131na siyasi-iqtisadi, maddi-m\u0259n\u0259vi z\u0259r\u0259rl\u0259r vurdu, Respublika \u0259razisinin 20% -i i\u015f\u011fal olundu bir milyondan \u00e7ox m\u00fclki insan ev-e\u015fiyid\u0259n, do\u011fma k\u0259ndind\u0259n did\u0259rgin d\u00fc\u015fd\u00fc, bu bir tarixi faktd\u0131r, iqtisadi z\u0259r\u0259rl\u0259r zamanla \u00f6d\u0259nil\u0259c\u0259k, insan faktoruna qar\u015f\u0131 d\u0259y\u0259n m\u0259n\u0259vi z\u0259r\u0259r, flora v\u0259 faunaya qar\u015f\u0131 ke\u00e7iril\u0259n terrorun z\u0259r\u0259ri \u0259sla he\u00e7 bir zaman \u00f6d\u0259nilmir, ata-baba m\u0259zarl\u0131qlar\u0131n\u0131n s\u00f6k\u00fcl\u00fcb viran olunmas\u0131, tarixi m\u0259scidl\u0259rin xarabal\u0131\u011fa \u00e7evrilm\u0259si, murdar heyvanlar\u0131n m\u0259scidl\u0259rd\u0259 saxlanmas\u0131, Erm\u0259nistan d\u00f6vl\u0259tinin siyasi r\u0259hb\u0259rliyinin barbarl\u0131\u011f\u0131ndan v\u0259 niyy\u0259tind\u0259n x\u0259b\u0259r verir.<\/div>\n<div dir=\"auto\">Az\u0259rbaycan Respublikas\u0131 44 g\u00fcnl\u00fck V\u0259t\u0259n m\u00fcharib\u0259si ba\u015fa \u00e7atan g\u00fcnd\u0259n bu g\u00fcn\u0259d\u0259k g\u00f6rd\u00fcy\u00fc i\u015fl\u0259r, regionda s\u00fclh namin\u0259 g\u00f6r\u00fcl\u0259n i\u015fl\u0259rdir. Da\u011f\u0131d\u0131lm\u0131\u015f k\u0259ndl\u0259r, rayon m\u0259rk\u0259zl\u0259ri mina v\u0259 partlad\u0131lmam\u0131\u015f d\u00f6y\u00fc\u015f sursatlar\u0131ndan t\u0259mizl\u0259nib, k\u0259ndl\u0259rd\u0259 ya\u015fay\u0131\u015f evl\u0259ri tikilib, yeni parklar sal\u0131n\u0131b, i\u015f yerl\u0259ri , zavod-fabrik v\u0259 b\u00f6y\u00fck \u0259kin\u00e7ilik t\u0259s\u0259rr\u00fcfat subyektl\u0259ri yarad\u0131l\u0131b, irimiqyasl\u0131 n\u0259qliyyat yollar\u0131n\u0131n tikintisi apar\u0131l\u0131r, D\u0259mir yol x\u0259tl\u0259ri \u00e7\u0259kilir, \u0130ran \u0130slam Respublikas\u0131 il\u0259 i\u015f\u011faldan azad olunan s\u0259rh\u0259d \u0259razil\u0259rd\u0259 yeni n\u0259qliyyat qov\u015faqlar\u0131 yarad\u0131l\u0131r, Araz \u00e7ay\u0131 \u00fcz\u0259rind\u0259 yeni t\u0259m\u0259li qoyulan k\u00f6rp\u00fc, t\u0259k Az\u0259rbaycan v\u0259 \u0130ran \u0130slam Respubilkas\u0131 \u00fc\u00e7\u00fcn deyil, Beyn\u0259lxalq N\u0259qliyyat d\u0259hlizi \u00fc\u00e7\u00fcn yeni bir yoldur.<\/div>\n<div dir=\"auto\">Erm\u0259nistan h\u00f6k\u00fcm\u0259tinin ekoloji terroru saymaqla bitmir, Az\u0259rbaycan \u0259razisind\u0259 olan t\u0259bii s\u0259rv\u0259tl\u0259ri qanunsuz istismar edib, \u00e7ay yataqlar\u0131n\u0131n su ax\u0131n istiqam\u0259tl\u0259rini d\u0259yi\u015fm\u0259kl\u0259 b\u00f6y\u00fck f\u0259lak\u0259tl\u0259r\u0259 yol a\u00e7an, S\u0259rs\u0259ng su anbar\u0131n\u0131n qurudulmas\u0131n\u0131 h\u0259yata ke\u00e7irib, S\u0259rs\u0259ng su anbar\u0131 v\u0259 Suqovu\u015fan su anbarlar\u0131ndan suvar\u0131lan \u0259kin sah\u0259l\u0259rini 30 il suvarmadan m\u0259hrum etmi\u015f, Az\u0259rbaycan t\u0259bi\u0259tinin flora v\u0259 faunas\u0131na ekoloqlar\u0131 ciddi narahat ed\u0259c\u0259k s\u0259viyy\u0259d\u0259 z\u0259r\u0259r vurmu\u015fdur.<\/div>\n<div dir=\"auto\">Az\u0259rbaycan \u0259razil\u0259rinin i\u015f\u011faldan qeyri-\u015f\u0259rtsiz azad olunmas\u0131 haqda BMT T\u015e-n\u0131n 822,853,874,884-sayl\u0131 q\u0259tnam\u0259l\u0259ri Erm\u0259nistan Respublikas\u0131 t\u0259r\u0259find\u0259n icra edilm\u0259yib, i\u015f\u011fal zonas\u0131n\u0131 geni\u015fl\u0259ndirm\u0259k m\u0259qs\u0259di il\u0259 m\u00fct\u0259madi olaraq c\u0259bh\u0259 x\u0259ttind\u0259 at\u0259\u015fk\u0259si pozublar, Az\u0259rbaycan \u0259sg\u0259ri b\u0259hs olunan q\u0259tnam\u0259nin icras\u0131n\u0131 \u00f6z \u00fcz\u0259rin\u0259 g\u00f6t\u00fcr\u0259r\u0259k, Erm\u0259nistan h\u0259rb\u00e7il\u0259rinin i\u015f\u011fal\u0131na son qoymaq m\u0259qs\u0259di il\u0259 27 sentyabr 2020-ci il tarixd\u0259 \u0259ks h\u0259ml\u0259 il\u0259 h\u0259rbi \u0259m\u0259liyyata ba\u015flay\u0131b, 30- ilik i\u015f\u011fala son qoyub.<\/div>\n<div dir=\"auto\">C\u0259nubi Qafqazda yax\u0131n g\u0259l\u0259c\u0259kd\u0259 dayan\u0131ql\u0131 s\u00fclh sazi\u015finin imzalanmas\u0131 \u00fc\u00e7\u00fcn bir s\u0131ra n\u00fcfuzlu beyn\u0259lxalq t\u0259\u015fkilatlar t\u0259r\u0259find\u0259n t\u0259xir\u0259 sal\u0131nmaz g\u00f6r\u00fc\u015fl\u0259r ke\u00e7irilib. Yax\u0131n zamanda s\u00fclh sazi\u015finin imzalanmas\u0131 \u00fc\u00e7\u00fcn d\u00f6vl\u0259t s\u0259rh\u0259dl\u0259rinin m\u00fc\u0259yy\u0259nl\u0259\u015fdirilm\u0259si apar\u0131l\u0131b. 12 dekabr 1991-ci il Alma-Ata b\u0259y\u0259nnam\u0259si v\u0259 BMT-n\u0131n beyn\u0259lxalq s\u0259rh\u0259dl\u0259rin tan\u0131nmas\u0131 s\u0259viyy\u0259sind\u0259, delimitasiya v\u0259 demarkasiya i\u015fl\u0259rinin apar\u0131lmas\u0131, s\u0259rh\u0259d x\u0259tl\u0259rinin \u00e7\u0259kilm\u0259si, s\u0259rh\u0259d dir\u0259kl\u0259rinin basd\u0131r\u0131lmas\u0131, son 4 k\u0259ndin , silah i\u015fl\u0259tm\u0259d\u0259n i\u015f\u011faldan azad olunmas\u0131n\u0131 s\u00fclh\u00fcn qarant\u0131 hesab etm\u0259k olar.<\/div>\n<div dir=\"auto\">M\u00fcasir d\u00f6vr\u00fcm\u00fcz\u00fcn bir t\u0259l\u0259bi var, S\u00fclh!<\/div>\n<div dir=\"auto\">\u015eu\u015fa \u015f\u0259h\u0259rind\u0259 T\u00fcrk d\u00f6vl\u0259tl\u0259ri T\u0259\u015fkilat\u0131n\u0131n qeyri-r\u0259smi Zirv\u0259 g\u00f6r\u00fc\u015f\u00fc olduqca s\u0259m\u0259r\u0259li bir g\u00f6r\u00fc\u015fd\u00fcr, bu g\u00f6r\u00fc\u015f \u0259srl\u0259r boyunca T\u00fcrk birliyinin yaranmas\u0131n\u0131 \u00f6z\u00fcnd\u0259 \u0259ks etdirir, bir \u00e7ox d\u00f6vl\u0259tl\u0259r T\u00fcrk birliyi ifad\u0259sini e\u015fid\u0259nd\u0259 yeni g\u00fcc birliyinin yaranmas\u0131n\u0131 d\u00fc\u015f\u00fcn\u00fcr, TDT h\u0259rbi g\u00fcc\u0259 \u0259saslanan t\u0259\u015fkilat deyil, m\u00fcasir d\u00f6vr\u00fcm\u00fczd\u0259 ba\u015f ver\u0259n qloballa\u015fma v\u0259 yaranm\u0131\u015f m\u00fcharib\u0259 ocaqlar\u0131n\u0131n s\u00f6nd\u00fcr\u00fclm\u0259si v\u0259 h\u00fcmanitar yard\u0131ma ehtiyac duyulan b\u00f6lg\u0259l\u0259r\u0259 x\u00fcsus\u0259n d\u0259 Q\u0259zzaya h\u00fcmanitar yard\u0131m\u0131n \u00e7atd\u0131r\u0131lmas\u0131nda yaranm\u0131\u015f \u00e7\u0259tinlikd\u0259n, ba\u015f ver\u0259n humanitar f\u0259lak\u0259t v\u0259ziyy\u0259tin\u0259 g\u00f6r\u0259 d\u0259rin narahatl\u0131q ifad\u0259 ounur, BMT T\u0259hl\u00fck\u0259sizlik \u015euras\u0131n\u0131n m\u00fcvafiq q\u0259tnam\u0259l\u0259rin\u0259 \u0259m\u0259l edilm\u0259si, o c\u00fcml\u0259d\u0259n 1967-ci il s\u0259rh\u0259dl\u0259rin\u0259 uy\u011fun paytaxt\u0131 \u015e\u0259rqi Q\u00fcds olmaqla suveren v\u0259 vahid F\u0259l\u0259stin D\u00f6vl\u0259tinin beyn\u0259lxalq s\u0259viyy\u0259d\u0259 tan\u0131nmas\u0131na d\u0259st\u0259k ifad\u0259 olunub. F\u0259l\u0259stin D\u00f6vl\u0259tinin yaranmas\u0131 haqq\u0131nda ifad\u0259 bildir\u0259n TDT-n\u0131n d\u00f6vl\u0259t ba\u015f\u00e7\u0131lar\u0131 beyn\u0259lxalq h\u00fcquqa istinad edirl\u0259r. F\u0259l\u0259stinin suveren d\u00f6vl\u0259t kimi tan\u0131nmas\u0131 d\u00fcnya d\u00f6vl\u0259tl\u0259ri t\u0259r\u0259find\u0259n yax\u0131n \u015f\u0259rqd\u0259 bir m\u00fcnaqi\u015f\u0259 oca\u011f\u0131n\u0131n s\u00f6nd\u00fcr\u00fclm\u0259si dem\u0259kdir, muasir d\u00f6vr\u00fcm\u00fczd\u0259 silahlar\u0131n susdurulmas\u0131 \u00fc\u00e7\u00fcn Xalqlar\u0131n tarixi ad\u0259t-\u0259n\u0259n\u0259l\u0259rin\u0259, milli kimlikl\u0259rin\u0259, din, dil birliyi v\u0259 irqin\u0259, h\u00f6rm\u0259tl\u0259 yana\u015fma\u011f\u0131 t\u0259l\u0259b edir. \u00dcmid edir\u0259m ki, yax\u0131n zamanda Q\u0259zzada at\u0259\u015fk\u0259s yaranar, TDT-n\u0131n d\u00f6vl\u0259t ba\u015f\u00e7\u0131lar\u0131n\u0131n vasit\u0259\u00e7iliyi il\u0259 Yax\u0131n \u015e\u0259rqd\u0259 uzun \u00f6m\u00fcrl\u00fc S\u00fclh yaranar!<\/div>\n<div dir=\"auto\">Ramil Al\u0131yev &#8211; B\u0259rd\u0259 rayon Naz\u0131rl\u0131 k\u0259nd 1 n\u00f6mr\u0259li tam orta m\u0259kt\u0259bin tarix m\u00fc\u0259llimi<\/div>\n","protected":false},"excerpt":{"rendered":"<p>Az\u0259rbaycan Erm\u0259nistan\u0131n 30 illik t\u0259cav\u00fcz\u00fcn\u0259 son qoyulmas\u0131nda, i\u015f\u011fal olunmu\u015f torpaqlar\u0131n azad olunmas\u0131nda, Az\u0259rbaycan\u0131n \u0259razi b\u00fct\u00f6vl\u00fcy\u00fcn\u00fcn b\u0259rpa edilm\u0259sind\u0259 T\u00fcrkiy\u0259 Respublikas\u0131n\u0131n m\u0259n\u0259vi-siyasi d\u0259st\u0259yini y\u00fcks\u0259k qiym\u0259tl\u0259ndirir. T\u0259r\u0259fl\u0259r Qafqaz regionunda sabitliyin v\u0259 t\u0259hl\u00fck\u0259sizliyin m\u00f6hk\u0259ml\u0259ndirilm\u0259si, b\u00fct\u00fcn iqtisadi v\u0259 n\u0259qliyyat \u0259laq\u0259l\u0259rinin b\u0259rpas\u0131, el\u0259c\u0259 d\u0259 region d\u00f6vl\u0259tl\u0259ri aras\u0131nda m\u00fcnasib\u0259tl\u0259rin normalla\u015fd\u0131r\u0131lmas\u0131 v\u0259 uzunm\u00fcdd\u0259tli s\u00fclh\u00fcn t\u0259min edilm\u0259si istiqam\u0259tind\u0259 s\u0259yl\u0259rini davam etdir\u0259c\u0259kl\u0259r. Bu kontekstd\u0259 Az\u0259rbaycan Respublikas\u0131n\u0131n Nax\u00e7\u0131van Muxtar Respublikas\u0131n\u0131n x\u00fcsusi co\u011frafi v\u0259ziyy\u0259ti n\u0259z\u0259r\u0259 al\u0131nacaqd\u0131r. Qaraba\u011f B\u0259yannam\u0259si, Tarixi \u015eu\u015fa b\u0259yannam\u0259sinin davam\u0131 olaraq \u015eu\u015fada T\u00fcrk D\u00f6vl\u0259tl\u0259ri T\u0259\u015fkilat\u0131 r\u0259hb\u0259rl\u0259rinin siyasi birliyini ifad\u0259 ed\u0259n tarixi s\u0259n\u0259ddir! 1991-ci ild\u0259 Erm\u0259nistan Respublikas\u0131, Az\u0259rbaycan Respublikas\u0131na elan edilm\u0259mi\u015f&hellip;<\/p>\n","protected":false},"author":2,"featured_media":736005,"comment_status":"closed","ping_status":"closed","sticky":false,"template":"","format":"standard","meta":{"om_disable_all_campaigns":false,"_monsterinsights_skip_tracking":false,"_monsterinsights_sitenote_active":false,"_monsterinsights_sitenote_note":"","_monsterinsights_sitenote_category":0},"categories":[2],"tags":[],"aioseo_notices":[],"gutentor_comment":0,"rttpg_featured_image_url":{"full":["https:\/\/arantv.az\/wp-content\/uploads\/2024\/07\/450527098_419982570996429_2513583785626323569_n.jpg",1200,608,false],"landscape":["https:\/\/arantv.az\/wp-content\/uploads\/2024\/07\/450527098_419982570996429_2513583785626323569_n.jpg",1200,608,false],"portraits":["https:\/\/arantv.az\/wp-content\/uploads\/2024\/07\/450527098_419982570996429_2513583785626323569_n.jpg",1200,608,false],"thumbnail":["https:\/\/arantv.az\/wp-content\/uploads\/2024\/07\/450527098_419982570996429_2513583785626323569_n-500x280.jpg",500,280,true],"medium":["https:\/\/arantv.az\/wp-content\/uploads\/2024\/07\/450527098_419982570996429_2513583785626323569_n-660x334.jpg",660,334,true],"large":["https:\/\/arantv.az\/wp-content\/uploads\/2024\/07\/450527098_419982570996429_2513583785626323569_n-840x426.jpg",640,325,true],"1536x1536":["https:\/\/arantv.az\/wp-content\/uploads\/2024\/07\/450527098_419982570996429_2513583785626323569_n.jpg",1200,608,false],"2048x2048":["https:\/\/arantv.az\/wp-content\/uploads\/2024\/07\/450527098_419982570996429_2513583785626323569_n.jpg",1200,608,false],"post-thumbnail":["https:\/\/arantv.az\/wp-content\/uploads\/2024\/07\/450527098_419982570996429_2513583785626323569_n-240x172.jpg",240,172,true],"advps-thumb-one":["https:\/\/arantv.az\/wp-content\/uploads\/2024\/07\/450527098_419982570996429_2513583785626323569_n.jpg",1200,608,false]},"rttpg_author":{"display_name":"V\u00fcsal Rafiqo\u011flu","author_link":"https:\/\/arantv.az\/?author=2"},"rttpg_comment":0,"rttpg_category":"<a href=\"https:\/\/arantv.az\/?cat=2\" rel=\"category\">Region X\u0259b\u0259rl\u0259ri<\/a>","rttpg_excerpt":"Az\u0259rbaycan Erm\u0259nistan\u0131n 30 illik t\u0259cav\u00fcz\u00fcn\u0259 son qoyulmas\u0131nda, i\u015f\u011fal olunmu\u015f torpaqlar\u0131n azad olunmas\u0131nda, Az\u0259rbaycan\u0131n \u0259razi b\u00fct\u00f6vl\u00fcy\u00fcn\u00fcn b\u0259rpa edilm\u0259sind\u0259 T\u00fcrkiy\u0259 Respublikas\u0131n\u0131n m\u0259n\u0259vi-siyasi d\u0259st\u0259yini y\u00fcks\u0259k qiym\u0259tl\u0259ndirir. T\u0259r\u0259fl\u0259r Qafqaz regionunda sabitliyin v\u0259 t\u0259hl\u00fck\u0259sizliyin m\u00f6hk\u0259ml\u0259ndirilm\u0259si, b\u00fct\u00fcn iqtisadi v\u0259 n\u0259qliyyat \u0259laq\u0259l\u0259rinin b\u0259rpas\u0131, el\u0259c\u0259 d\u0259 region d\u00f6vl\u0259tl\u0259ri aras\u0131nda m\u00fcnasib\u0259tl\u0259rin normalla\u015fd\u0131r\u0131lmas\u0131 v\u0259 uzunm\u00fcdd\u0259tli s\u00fclh\u00fcn t\u0259min edilm\u0259si istiqam\u0259tind\u0259 s\u0259yl\u0259rini davam etdir\u0259c\u0259kl\u0259r. Bu kontekstd\u0259 Az\u0259rbaycan&hellip;","_links":{"self":[{"href":"https:\/\/arantv.az\/index.php?rest_route=\/wp\/v2\/posts\/736002"}],"collection":[{"href":"https:\/\/arantv.az\/index.php?rest_route=\/wp\/v2\/posts"}],"about":[{"href":"https:\/\/arantv.az\/index.php?rest_route=\/wp\/v2\/types\/post"}],"author":[{"embeddable":true,"href":"https:\/\/arantv.az\/index.php?rest_route=\/wp\/v2\/users\/2"}],"replies":[{"embeddable":true,"href":"https:\/\/arantv.az\/index.php?rest_route=%2Fwp%2Fv2%2Fcomments&post=736002"}],"version-history":[{"count":0,"href":"https:\/\/arantv.az\/index.php?rest_route=\/wp\/v2\/posts\/736002\/revisions"}],"wp:featuredmedia":[{"embeddable":true,"href":"https:\/\/arantv.az\/index.php?rest_route=\/wp\/v2\/media\/736005"}],"wp:attachment":[{"href":"https:\/\/arantv.az\/index.php?rest_route=%2Fwp%2Fv2%2Fmedia&parent=736002"}],"wp:term":[{"taxonomy":"category","embeddable":true,"href":"https:\/\/arantv.az\/index.php?rest_route=%2Fwp%2Fv2%2Fcategories&post=736002"},{"taxonomy":"post_tag","embeddable":true,"href":"https:\/\/arantv.az\/index.php?rest_route=%2Fwp%2Fv2%2Ftags&post=736002"}],"curies":[{"name":"wp","href":"https:\/\/api.w.org\/{rel}","templated":true}]}}