{"id":736015,"date":"2024-07-09T17:22:57","date_gmt":"2024-07-09T13:22:57","guid":{"rendered":"https:\/\/arantv.az\/?p=736015"},"modified":"2024-07-09T17:22:57","modified_gmt":"2024-07-09T13:22:57","slug":"155-n%c9%99f%c9%99r-deputatliga-namiz%c9%99dliyini-ir%c9%99li-surub","status":"publish","type":"post","link":"https:\/\/arantv.az\/?p=736015","title":{"rendered":"155 n\u0259f\u0259r deputatl\u0131\u011fa namiz\u0259dliyini ir\u0259li s\u00fcr\u00fcb"},"content":{"rendered":"<p><strong>155 n\u0259f\u0259rin deputatl\u0131\u011fa namiz\u0259dliyi ir\u0259li s\u00fcr\u00fcl\u00fcb.<\/strong><\/p>\n<p>Bu bar\u0259d\u0259 M\u0259rk\u0259zi Se\u00e7ki Komissiyas\u0131n\u0131n s\u0259dri M\u0259zahir P\u0259nahov m\u0259lumat verib.<\/p>\n<p>M\u0259zahir P\u0259nahov deyib ki, 156 n\u0259f\u0259rin namiz\u0259dliyi ir\u0259li s\u00fcr\u00fcls\u0259 d\u0259, sonradan onlardan 1-i namiz\u0259dliyini geri g\u00f6t\u00fcr\u00fcb. Deputatl\u0131\u011fa namzidliyi ir\u0259li s\u00fcr\u00fcl\u0259n 155 n\u0259f\u0259rd\u0259n 71-nin namiz\u0259dliyi t\u0259sdiql\u0259nib, onlardan 43 n\u0259f\u0259r\u0259 imza v\u0259r\u0259qi verilib. (APA)<\/p>\n","protected":false},"excerpt":{"rendered":"<p>155 n\u0259f\u0259rin deputatl\u0131\u011fa namiz\u0259dliyi ir\u0259li s\u00fcr\u00fcl\u00fcb. Bu bar\u0259d\u0259 M\u0259rk\u0259zi Se\u00e7ki Komissiyas\u0131n\u0131n s\u0259dri M\u0259zahir P\u0259nahov m\u0259lumat verib. M\u0259zahir P\u0259nahov deyib ki, 156 n\u0259f\u0259rin namiz\u0259dliyi ir\u0259li s\u00fcr\u00fcls\u0259 d\u0259, sonradan onlardan 1-i namiz\u0259dliyini geri g\u00f6t\u00fcr\u00fcb. Deputatl\u0131\u011fa namzidliyi ir\u0259li s\u00fcr\u00fcl\u0259n 155 n\u0259f\u0259rd\u0259n 71-nin namiz\u0259dliyi t\u0259sdiql\u0259nib, onlardan 43 n\u0259f\u0259r\u0259 imza v\u0259r\u0259qi verilib. (APA)<\/p>\n","protected":false},"author":2,"featured_media":736016,"comment_status":"closed","ping_status":"closed","sticky":false,"template":"","format":"standard","meta":{"om_disable_all_campaigns":false,"_monsterinsights_skip_tracking":false,"_monsterinsights_sitenote_active":false,"_monsterinsights_sitenote_note":"","_monsterinsights_sitenote_category":0},"categories":[4],"tags":[],"aioseo_notices":[],"gutentor_comment":0,"rttpg_featured_image_url":{"full":["https:\/\/arantv.az\/wp-content\/uploads\/2024\/07\/32d070534e75d4043e5818d759935a6f.jpg",850,500,false],"landscape":["https:\/\/arantv.az\/wp-content\/uploads\/2024\/07\/32d070534e75d4043e5818d759935a6f.jpg",850,500,false],"portraits":["https:\/\/arantv.az\/wp-content\/uploads\/2024\/07\/32d070534e75d4043e5818d759935a6f.jpg",850,500,false],"thumbnail":["https:\/\/arantv.az\/wp-content\/uploads\/2024\/07\/32d070534e75d4043e5818d759935a6f-500x280.jpg",500,280,true],"medium":["https:\/\/arantv.az\/wp-content\/uploads\/2024\/07\/32d070534e75d4043e5818d759935a6f-621x365.jpg",621,365,true],"large":["https:\/\/arantv.az\/wp-content\/uploads\/2024\/07\/32d070534e75d4043e5818d759935a6f-840x494.jpg",640,376,true],"1536x1536":["https:\/\/arantv.az\/wp-content\/uploads\/2024\/07\/32d070534e75d4043e5818d759935a6f.jpg",850,500,false],"2048x2048":["https:\/\/arantv.az\/wp-content\/uploads\/2024\/07\/32d070534e75d4043e5818d759935a6f.jpg",850,500,false],"post-thumbnail":["https:\/\/arantv.az\/wp-content\/uploads\/2024\/07\/32d070534e75d4043e5818d759935a6f-240x172.jpg",240,172,true],"advps-thumb-one":["https:\/\/arantv.az\/wp-content\/uploads\/2024\/07\/32d070534e75d4043e5818d759935a6f.jpg",850,500,false]},"rttpg_author":{"display_name":"V\u00fcsal Rafiqo\u011flu","author_link":"https:\/\/arantv.az\/?author=2"},"rttpg_comment":0,"rttpg_category":"<a href=\"https:\/\/arantv.az\/?cat=4\" rel=\"category\">Siyas\u0259t<\/a>","rttpg_excerpt":"155 n\u0259f\u0259rin deputatl\u0131\u011fa namiz\u0259dliyi ir\u0259li s\u00fcr\u00fcl\u00fcb. Bu bar\u0259d\u0259 M\u0259rk\u0259zi Se\u00e7ki Komissiyas\u0131n\u0131n s\u0259dri M\u0259zahir P\u0259nahov m\u0259lumat verib. M\u0259zahir P\u0259nahov deyib ki, 156 n\u0259f\u0259rin namiz\u0259dliyi ir\u0259li s\u00fcr\u00fcls\u0259 d\u0259, sonradan onlardan 1-i namiz\u0259dliyini geri g\u00f6t\u00fcr\u00fcb. Deputatl\u0131\u011fa namzidliyi ir\u0259li s\u00fcr\u00fcl\u0259n 155 n\u0259f\u0259rd\u0259n 71-nin namiz\u0259dliyi t\u0259sdiql\u0259nib, onlardan 43 n\u0259f\u0259r\u0259 imza v\u0259r\u0259qi verilib. (APA)","_links":{"self":[{"href":"https:\/\/arantv.az\/index.php?rest_route=\/wp\/v2\/posts\/736015"}],"collection":[{"href":"https:\/\/arantv.az\/index.php?rest_route=\/wp\/v2\/posts"}],"about":[{"href":"https:\/\/arantv.az\/index.php?rest_route=\/wp\/v2\/types\/post"}],"author":[{"embeddable":true,"href":"https:\/\/arantv.az\/index.php?rest_route=\/wp\/v2\/users\/2"}],"replies":[{"embeddable":true,"href":"https:\/\/arantv.az\/index.php?rest_route=%2Fwp%2Fv2%2Fcomments&post=736015"}],"version-history":[{"count":0,"href":"https:\/\/arantv.az\/index.php?rest_route=\/wp\/v2\/posts\/736015\/revisions"}],"wp:featuredmedia":[{"embeddable":true,"href":"https:\/\/arantv.az\/index.php?rest_route=\/wp\/v2\/media\/736016"}],"wp:attachment":[{"href":"https:\/\/arantv.az\/index.php?rest_route=%2Fwp%2Fv2%2Fmedia&parent=736015"}],"wp:term":[{"taxonomy":"category","embeddable":true,"href":"https:\/\/arantv.az\/index.php?rest_route=%2Fwp%2Fv2%2Fcategories&post=736015"},{"taxonomy":"post_tag","embeddable":true,"href":"https:\/\/arantv.az\/index.php?rest_route=%2Fwp%2Fv2%2Ftags&post=736015"}],"curies":[{"name":"wp","href":"https:\/\/api.w.org\/{rel}","templated":true}]}}