{"id":736082,"date":"2024-07-09T19:06:47","date_gmt":"2024-07-09T15:06:47","guid":{"rendered":"https:\/\/arantv.az\/?p=736082"},"modified":"2024-07-09T19:06:47","modified_gmt":"2024-07-09T15:06:47","slug":"isd%c9%99-m%c9%99h%c9%99bb%c9%99t-mac%c9%99rasi-bosanan-muraddir","status":"publish","type":"post","link":"https:\/\/arantv.az\/?p=736082","title":{"rendered":"\u0130\u015fd\u0259 m\u0259h\u0259bb\u0259t mac\u0259ras\u0131 &#8211; Bo\u015fanan Muradd\u0131r!"},"content":{"rendered":"<div class=\"entry-main-content\">\n<p><strong>Az\u0259rbaycan D\u00f6vl\u0259t Filarmoniyas\u0131n\u0131n direktoru, Xalq artisti Murad Ad\u0131g\u00f6z\u0259lzad\u0259 v\u0259 Avroviziya \u00fc\u00e7\u00fcnc\u00fcm\u00fcz Aysel Teymurzad\u0259 (Ad\u0131g\u00f6z\u0259lzad\u0259) bo\u015fanma x\u0259b\u0259rl\u0259rini yalanlasa da, m\u0259s\u0259l\u0259nin do\u011fru oldu\u011fu \u00fcz\u0259 \u00e7\u0131x\u0131b.<\/strong><\/p>\n<p>\u0130ddia olundu\u011fu kimi, bo\u015fanmaq ist\u0259y\u0259n Aysel yox, Murad Ad\u0131g\u00f6z\u0259lzad\u0259dir.<\/p>\n<p>Onun da bunun \u00fc\u00e7\u00fcn s\u0259b\u0259bi var. \u0130ddia olunur ki, Ad\u0131g\u00f6z\u0259lzad\u0259nin bu g\u00fcnl\u0259rd\u0259 ba\u015f\u0131 i\u015fd\u0259 e\u015fq mac\u0259ras\u0131na qar\u0131\u015f\u0131b. O, filarmoniyada f\u0259aliyy\u0259t g\u00f6st\u0259r\u0259n skripka\u00e7\u0131 N.A adl\u0131 xan\u0131mla sevgi m\u00fcnasib\u0259ti ya\u015fay\u0131r. H\u0259tta Murad onunla evl\u0259nm\u0259k niyy\u0259tind\u0259dir. Bu s\u0259b\u0259bl\u0259 d\u0259 Teymurzad\u0259 il\u0259 olan izdivac\u0131n\u0131 pozmaq q\u0259rar\u0131na g\u0259lib.<\/p>\n<p>Aysel is\u0259 u\u011fruna karyeras\u0131ndan x\u0259tt \u00e7\u0259kdiyi h\u0259yat yolda\u015f\u0131n\u0131n x\u0259yan\u0259tind\u0259n x\u0259b\u0259rdar olsa da, ondan bo\u015fanmaq ist\u0259mir.<\/p>\n<p>S\u0259n\u0259t\u00e7inin ayr\u0131ld\u0131\u011f\u0131n\u0131 g\u00f6st\u0259rm\u0259k ist\u0259m\u0259m\u0259si d\u0259 bu s\u0259b\u0259bd\u0259ndir.<\/p>\n<p>Qeyd ed\u0259k ki, c\u00fctl\u00fcy\u00fcn 3 \u00f6vlad\u0131 var. (olay)<\/p>\n<\/div>\n<p><img class=\"xfieldimage gallery\" src=\"https:\/\/olay.az\/uploads\/posts\/2024-07\/ayseladi_1534357758_1846649177363621808_3207444555.webp\" alt=\"\" \/><\/p>\n","protected":false},"excerpt":{"rendered":"<p>Az\u0259rbaycan D\u00f6vl\u0259t Filarmoniyas\u0131n\u0131n direktoru, Xalq artisti Murad Ad\u0131g\u00f6z\u0259lzad\u0259 v\u0259 Avroviziya \u00fc\u00e7\u00fcnc\u00fcm\u00fcz Aysel Teymurzad\u0259 (Ad\u0131g\u00f6z\u0259lzad\u0259) bo\u015fanma x\u0259b\u0259rl\u0259rini yalanlasa da, m\u0259s\u0259l\u0259nin do\u011fru oldu\u011fu \u00fcz\u0259 \u00e7\u0131x\u0131b. \u0130ddia olundu\u011fu kimi, bo\u015fanmaq ist\u0259y\u0259n Aysel yox, Murad Ad\u0131g\u00f6z\u0259lzad\u0259dir. Onun da bunun \u00fc\u00e7\u00fcn s\u0259b\u0259bi var. \u0130ddia olunur ki, Ad\u0131g\u00f6z\u0259lzad\u0259nin bu g\u00fcnl\u0259rd\u0259 ba\u015f\u0131 i\u015fd\u0259 e\u015fq mac\u0259ras\u0131na qar\u0131\u015f\u0131b. O, filarmoniyada f\u0259aliyy\u0259t g\u00f6st\u0259r\u0259n skripka\u00e7\u0131 N.A adl\u0131 xan\u0131mla sevgi m\u00fcnasib\u0259ti ya\u015fay\u0131r. H\u0259tta Murad onunla evl\u0259nm\u0259k niyy\u0259tind\u0259dir. Bu s\u0259b\u0259bl\u0259 d\u0259 Teymurzad\u0259 il\u0259 olan izdivac\u0131n\u0131 pozmaq q\u0259rar\u0131na g\u0259lib. Aysel is\u0259 u\u011fruna karyeras\u0131ndan x\u0259tt \u00e7\u0259kdiyi h\u0259yat yolda\u015f\u0131n\u0131n x\u0259yan\u0259tind\u0259n x\u0259b\u0259rdar olsa da, ondan bo\u015fanmaq ist\u0259mir.&hellip;<\/p>\n","protected":false},"author":2,"featured_media":736083,"comment_status":"closed","ping_status":"closed","sticky":false,"template":"","format":"standard","meta":{"om_disable_all_campaigns":false,"_monsterinsights_skip_tracking":false,"_monsterinsights_sitenote_active":false,"_monsterinsights_sitenote_note":"","_monsterinsights_sitenote_category":0},"categories":[20],"tags":[],"aioseo_notices":[],"gutentor_comment":0,"rttpg_featured_image_url":{"full":["https:\/\/arantv.az\/wp-content\/uploads\/2024\/07\/25c7df387fe6a3820878667c8e12b1c6.png",712,411,false],"landscape":["https:\/\/arantv.az\/wp-content\/uploads\/2024\/07\/25c7df387fe6a3820878667c8e12b1c6.png",712,411,false],"portraits":["https:\/\/arantv.az\/wp-content\/uploads\/2024\/07\/25c7df387fe6a3820878667c8e12b1c6.png",712,411,false],"thumbnail":["https:\/\/arantv.az\/wp-content\/uploads\/2024\/07\/25c7df387fe6a3820878667c8e12b1c6-500x280.png",500,280,true],"medium":["https:\/\/arantv.az\/wp-content\/uploads\/2024\/07\/25c7df387fe6a3820878667c8e12b1c6-632x365.png",632,365,true],"large":["https:\/\/arantv.az\/wp-content\/uploads\/2024\/07\/25c7df387fe6a3820878667c8e12b1c6.png",640,369,false],"1536x1536":["https:\/\/arantv.az\/wp-content\/uploads\/2024\/07\/25c7df387fe6a3820878667c8e12b1c6.png",712,411,false],"2048x2048":["https:\/\/arantv.az\/wp-content\/uploads\/2024\/07\/25c7df387fe6a3820878667c8e12b1c6.png",712,411,false],"post-thumbnail":["https:\/\/arantv.az\/wp-content\/uploads\/2024\/07\/25c7df387fe6a3820878667c8e12b1c6-240x172.png",240,172,true],"advps-thumb-one":["https:\/\/arantv.az\/wp-content\/uploads\/2024\/07\/25c7df387fe6a3820878667c8e12b1c6.png",712,411,false]},"rttpg_author":{"display_name":"V\u00fcsal Rafiqo\u011flu","author_link":"https:\/\/arantv.az\/?author=2"},"rttpg_comment":0,"rttpg_category":"<a href=\"https:\/\/arantv.az\/?cat=20\" rel=\"category\">\u015eou biznes<\/a>","rttpg_excerpt":"Az\u0259rbaycan D\u00f6vl\u0259t Filarmoniyas\u0131n\u0131n direktoru, Xalq artisti Murad Ad\u0131g\u00f6z\u0259lzad\u0259 v\u0259 Avroviziya \u00fc\u00e7\u00fcnc\u00fcm\u00fcz Aysel Teymurzad\u0259 (Ad\u0131g\u00f6z\u0259lzad\u0259) bo\u015fanma x\u0259b\u0259rl\u0259rini yalanlasa da, m\u0259s\u0259l\u0259nin do\u011fru oldu\u011fu \u00fcz\u0259 \u00e7\u0131x\u0131b. \u0130ddia olundu\u011fu kimi, bo\u015fanmaq ist\u0259y\u0259n Aysel yox, Murad Ad\u0131g\u00f6z\u0259lzad\u0259dir. Onun da bunun \u00fc\u00e7\u00fcn s\u0259b\u0259bi var. \u0130ddia olunur ki, Ad\u0131g\u00f6z\u0259lzad\u0259nin bu g\u00fcnl\u0259rd\u0259 ba\u015f\u0131 i\u015fd\u0259 e\u015fq mac\u0259ras\u0131na qar\u0131\u015f\u0131b. O, filarmoniyada f\u0259aliyy\u0259t g\u00f6st\u0259r\u0259n skripka\u00e7\u0131 N.A&hellip;","_links":{"self":[{"href":"https:\/\/arantv.az\/index.php?rest_route=\/wp\/v2\/posts\/736082"}],"collection":[{"href":"https:\/\/arantv.az\/index.php?rest_route=\/wp\/v2\/posts"}],"about":[{"href":"https:\/\/arantv.az\/index.php?rest_route=\/wp\/v2\/types\/post"}],"author":[{"embeddable":true,"href":"https:\/\/arantv.az\/index.php?rest_route=\/wp\/v2\/users\/2"}],"replies":[{"embeddable":true,"href":"https:\/\/arantv.az\/index.php?rest_route=%2Fwp%2Fv2%2Fcomments&post=736082"}],"version-history":[{"count":0,"href":"https:\/\/arantv.az\/index.php?rest_route=\/wp\/v2\/posts\/736082\/revisions"}],"wp:featuredmedia":[{"embeddable":true,"href":"https:\/\/arantv.az\/index.php?rest_route=\/wp\/v2\/media\/736083"}],"wp:attachment":[{"href":"https:\/\/arantv.az\/index.php?rest_route=%2Fwp%2Fv2%2Fmedia&parent=736082"}],"wp:term":[{"taxonomy":"category","embeddable":true,"href":"https:\/\/arantv.az\/index.php?rest_route=%2Fwp%2Fv2%2Fcategories&post=736082"},{"taxonomy":"post_tag","embeddable":true,"href":"https:\/\/arantv.az\/index.php?rest_route=%2Fwp%2Fv2%2Ftags&post=736082"}],"curies":[{"name":"wp","href":"https:\/\/api.w.org\/{rel}","templated":true}]}}