{"id":736097,"date":"2024-07-09T21:22:26","date_gmt":"2024-07-09T17:22:26","guid":{"rendered":"https:\/\/arantv.az\/?p=736097"},"modified":"2024-07-09T21:22:26","modified_gmt":"2024-07-09T17:22:26","slug":"nato-nun-vasinqton-sammitinin-%c9%99sas-gizli-gund%c9%99mi-cin-olacaq-zirv%c9%99-toplantisina-ceyhun-bayramov-niy%c9%99-gedir","status":"publish","type":"post","link":"https:\/\/arantv.az\/?p=736097","title":{"rendered":"NATO-nun Va\u015finqton sammitinin \u0259sas gizli g\u00fcnd\u0259mi \u00c7in olacaq: Zirv\u0259 toplant\u0131s\u0131na Ceyhun Bayramov niy\u0259 gedir?"},"content":{"rendered":"<p><em><strong>Az\u0259rbaycan n\u0259hay\u0259t, q\u0259rar\u0131n\u0131 a\u00e7\u0131qlad\u0131: Va\u015finqtonda bu g\u00fcn ba\u015flayacaq NATO sammitind\u0259 \u00f6lk\u0259mizi xarici i\u015fl\u0259r naziri Ceyhun Bayramov t\u0259msil ed\u0259c\u0259k. AB\u015e Az\u0259rbaycan\u0131 bu sammit\u0259 iyunun 28-d\u0259 d\u0259v\u0259t etmi\u015fdi.<\/strong><\/em><\/p>\n<p>D\u00fcnyan\u0131n diqq\u0259tini c\u0259lb etmi\u015f sammitd\u0259 \u00f6lk\u0259mizi xarici i\u015fl\u0259r naziri Ceyhun Bayramov t\u0259msil ed\u0259c\u0259k.<\/p>\n<p><strong>Musavat.com-un suallar\u0131n\u0131 cavabland\u0131ran siyasi \u015f\u0259rh\u00e7i Heyd\u0259r O\u011fuz \u00f6lk\u0259mizin sammitd\u0259 xarici i\u015fl\u0259r naziri s\u0259viyy\u0259sind\u0259 i\u015ftirak\u0131n\u0131 protokola uy\u011fun hesab edir. Onun fikrinc\u0259, bizi xarici i\u015fl\u0259r s\u0259viyy\u0259sind\u0259 d\u0259v\u0259t etmi\u015fdil\u0259r, biz d\u0259 el\u0259 o s\u0259viyy\u0259d\u0259 i\u015ftiraka \u00fcst\u00fcnl\u00fck verdik:<\/strong>\u00a0\u201cS\u00f6zs\u00fcz ki, Va\u015finqton sammiti NATO \u00f6lk\u0259l\u0259rinin d\u00f6vl\u0259t ba\u015f\u00e7\u0131llar\u0131n\u0131n zirv\u0259sidir. NATO \u00fczvl\u0259ri bu sammitd\u0259 d\u00f6vl\u0259t ba\u015f\u00e7\u0131lar\u0131 s\u0259viyy\u0259sind\u0259 i\u015ftirak ed\u0259c\u0259kl\u0259r. Onlardan ba\u015fqa Ukrayna, Yaponiya, Yeni Zelandiya, C\u0259nubi Koreya, Avstraliyadan da sammit\u0259 \u00f6lk\u0259 r\u0259hb\u0259rl\u0259ri ged\u0259c\u0259kl\u0259r. \u00c7\u00fcnki onlar da m\u0259hz o s\u0259viyy\u0259d\u0259 \u00e7a\u011f\u0131r\u0131l\u0131blar. Biz, Erm\u0259nistan v\u0259 G\u00fcrc\u00fcstan da daxil olmaqla dig\u0259r t\u0259r\u0259fda\u015f d\u00f6vl\u0259tl\u0259rin is\u0259 sammitd\u0259 xarici i\u015fl\u0259r nazirl\u0259ri s\u0259viyy\u0259sind\u0259 i\u015ftirak\u0131 m\u0259sl\u0259h\u0259t g\u00f6r\u00fcl\u00fcb. \u018flb\u0259tt\u0259 ki, Az\u0259rbaycan prezidenti \u015f\u0259xs\u0259n d\u0259v\u0259t olunmad\u0131\u011f\u0131 toplant\u0131ya getm\u0259z v\u0259 getm\u0259m\u0259lidir d\u0259\u201d.<\/p>\n<p><strong>Az\u0259rbaycan\u0131n sammitd\u0259 i\u015ftiraka son anda q\u0259rar verm\u0259sin\u0259 g\u0259linc\u0259, Heyd\u0259r O\u011fuz bunu r\u0259smi Bak\u0131n\u0131n t\u0259r\u0259dd\u00fcdl\u0259ri il\u0259 \u0259laq\u0259l\u0259ndirm\u0259yin \u0259leyhin\u0259dir:<\/strong>\u00a0\u201cA\u00e7\u0131\u011f\u0131, hesab etmir\u0259m ki, r\u0259smi Bak\u0131n\u0131n bu bar\u0259d\u0259 h\u0259r hans\u0131 t\u0259r\u0259dd\u00fcdl\u0259ri olub. M\u0259nc\u0259, q\u0259rar son anda verilm\u0259yib, sad\u0259c\u0259 son anda a\u00e7\u0131qlan\u0131b. Bunun s\u0259b\u0259bi is\u0259 Az\u0259rbaycan hakimiyy\u0259tinin xarakterind\u0259n ir\u0259li g\u0259lir. R\u0259smi Bak\u0131 b\u0259zi kritik q\u0259rarlar\u0131n\u0131 \u00f6nc\u0259d\u0259n a\u00e7\u0131qlay\u0131b, l\u00fczumsuz dedi-qodulara yol verm\u0259k ist\u0259mir. Zaman\u0131 yeti\u015f\u0259nd\u0259 m\u00fc\u0259yy\u0259n add\u0131mlar\u0131 at\u0131r. N\u0259tic\u0259d\u0259 at\u0131lan add\u0131mlardan sonrak\u0131 xarici t\u0259zyiql\u0259r \u201ctopu\u011fa d\u0259y\u0259n da\u015f\u201d effekti yarad\u0131r. Fikrimc\u0259, bu, indiki hakimiyy\u0259tin \u00f6z\u00fcn\u00fc t\u0259zyiql\u0259rd\u0259n s\u0131\u011fortalamaq siyas\u0259tidir v\u0259 bunu q\u0259ribs\u0259m\u0259k do\u011fru deyil\u201d.<\/p>\n<p><img loading=\"lazy\" src=\"https:\/\/cdn.musavat.com\/news\/thumbnails\/ce8374dd9b8572da79d9015ab6c17a29.jpg\" alt=\"02576937.jpeg (217 KB)\" width=\"700\" height=\"467\" \/><\/p>\n<p><strong>Siyasi \u015f\u0259rh\u00e7inin fikrinc\u0259, Az\u0259rbaycan\u0131n bu sammitd\u0259 i\u015ftirak ed\u0259c\u0259yi \u0259slind\u0259 \u015f\u00fcbh\u0259 do\u011furmurdu:<\/strong>\u00a0\u201c\u00c7\u00fcnki Az\u0259rbaycan dig\u0259r C\u0259nubi Qafqaz \u00f6lk\u0259l\u0259rind\u0259n daha \u00e7ox NATO-ya inteqrasiya olunmu\u015f d\u00f6vl\u0259tdir. \u018fn az\u0131 ona g\u00f6r\u0259 ki, bizim NATO-nun c\u0259nub qanad\u0131 say\u0131lan T\u00fcrkiy\u0259 il\u0259 strateji m\u00fctt\u0259fiqikliyimiz v\u0259 \u00e7ox m\u00fch\u00fcm h\u0259rbi sazi\u015f var. Bu sazi\u015f bizi faktiki olaraq NATO-nun m\u00fcdafi\u0259 v\u0259 t\u0259hl\u00fck\u0259sizlik sah\u0259sin\u0259 daxil edir, onun bir par\u00e7as\u0131na \u00e7evirir. N\u0259tic\u0259d\u0259 bu amil Az\u0259rbaycan\u0131n d\u0259v\u0259t olundu\u011fu NATO sammitind\u0259 dig\u0259r qon\u015fu \u00f6lk\u0259l\u0259rl\u0259 m\u00fcqayis\u0259d\u0259 daha aktiv \u015f\u0259kild\u0259 i\u015ftirak\u0131n\u0131 \u015f\u0259rtl\u0259ndirir\u201d.<\/p>\n<p>B\u0259s, NATO t\u0259r\u0259fda\u015flar\u0131ndan b\u0259zil\u0259rinin \u00f6lk\u0259 ba\u015f\u00e7\u0131lar\u0131, b\u0259zil\u0259rinin is\u0259 xarici i\u015fl\u0259r nazirl\u0259ri s\u0259viyy\u0259sind\u0259 Va\u015finqton sammitin\u0259 d\u0259v\u0259t olunmas\u0131n\u0131 nec\u0259 izah etm\u0259k m\u00fcmk\u00fcnd\u00fcr? Bu, t\u0259r\u0259fda\u015flar aras\u0131nda ayr\u0131se\u00e7kilik dem\u0259k deyilmi?<\/p>\n<p><strong>Siyasi \u015f\u0259rh\u00e7inin fikrinc\u0259, b\u00f6y\u00fck ehtimalla, NATO sammitin\u0259 hans\u0131 s\u0259viyy\u0259d\u0259 d\u0259v\u0259t olunma, t\u0259r\u0259fda\u015flar\u0131n y\u00fckl\u0259n\u0259c\u0259yi missiya il\u0259 \u0259laq\u0259dard\u0131r:<\/strong>\u00a0\u201cDiqq\u0259t yetirs\u0259k g\u00f6r\u0259rik ki, \u00f6lk\u0259 ba\u015f\u00e7\u0131lar\u0131 s\u0259viyy\u0259sind\u0259 d\u0259v\u0259t olunanlar\u0131n ham\u0131s\u0131 Hind-Sakit okean \u00f6lk\u0259l\u0259ridir. Bu is\u0259 onu g\u00f6st\u0259rir ki, Va\u015finqton sammitind\u0259 birba\u015fa onlar\u0131n taleyi il\u0259 ba\u011fl\u0131 q\u0259rarlar q\u0259bul olunacaq. Xarici \u0130\u015fl\u0259r nazirl\u0259ri s\u0259viyy\u0259sind\u0259 sammit\u0259 qat\u0131lan \u00f6lk\u0259l\u0259r is\u0259 h\u0259min q\u0259rarlar\u0131n ikinci d\u0259r\u0259c\u0259li subyekti olacaqlar. M\u0259nc\u0259, bu planlar NATO-nun gizli g\u00fcnd\u0259liyind\u0259n ir\u0259li g\u0259lir. M\u0259lumdur ki, Va\u015finqton sammitind\u0259 \u0259sas\u0259n Tramp g\u00f6zl\u0259nil\u0259n ikinci d\u00f6vr hakimiyy\u0259tinin do\u011furaca\u011f\u0131 n\u0259tic\u0259l\u0259rin m\u00fczakir\u0259si olunaca\u011f\u0131 bildirilirdi. Tramp\u0131n hakimiyy\u0259t\u0259 g\u0259l\u0259c\u0259yi t\u0259qdird\u0259 Ukraynaya yard\u0131mlar\u0131n dayand\u0131r\u0131lmas\u0131 g\u00f6zl\u0259nilir. G\u00f6r\u00fcnr\u00fcr, bu s\u0259b\u0259bd\u0259n Urayna prezident s\u0259viyy\u0259sind\u0259 sammit\u0259 \u00e7a\u011f\u0131r\u0131l\u0131b. Az\u0259rbaycan v\u0259 Erm\u0259nistan is\u0259 AB\u015e-da g\u00f6zl\u0259nil\u0259n hakimiyy\u0259t d\u0259yi\u015fikliyind\u0259n daha az t\u0259sirl\u0259rl\u0259n\u0259n \u00f6lk\u0259 olaca\u011f\u0131ndan xarici i\u015fl\u0259r nazirl\u0259ri s\u0259viyy\u0259sind\u0259 b\u0259zi m\u0259s\u0259l\u0259l\u0259rin m\u00fczakir\u0259si \u00fc\u00e7\u00fcn sammit\u0259 d\u0259v\u0259t al\u0131b. Bu h\u0259m d\u0259 alyans\u0131n bizd\u0259n g\u00f6zl\u0259ntil\u0259rini ifad\u0259 edir. G\u00f6r\u00fcn\u0259n budur ki, alyans\u0131n bizd\u0259n g\u00f6zl\u0259ntisi \u201csiz yenid\u0259n m\u00fcharib\u0259y\u0259 ba\u015flamasan\u0131z, yet\u0259r\u201d \u015f\u0259klind\u0259dir.<\/p>\n<p><img loading=\"lazy\" src=\"https:\/\/cdn.musavat.com\/news\/thumbnails\/1ca7defe0fdd53525f08c3708d68aea5.jpg\" alt=\"f5ce6e2915e7ae1d337069f920b9ef3e.jpeg (277 KB)\" width=\"700\" height=\"402\" \/><\/p>\n<p><strong>Heyd\u0259r O\u011fuz<\/strong><\/p>\n<p><strong>O ki qald\u0131 Hind-Sakit okean \u00f6lk\u0259l\u0259rinin sammit\u0259 \u0259n y\u00fcks\u0259k s\u0259viyy\u0259sind\u0259 d\u0259v\u0259t olunmas\u0131na, m\u0259nc\u0259 bu, NATO-nun Va\u015finqton zirv\u0259sinin gizli g\u00fcnd\u0259mi bar\u0259d\u0259 ipuclar\u0131 verir:<\/strong>\u00a0\u201cBilirsiniz ki, h\u0259r bir h\u0259rbi alyans\u0131n bir a\u00e7\u0131q, bir d\u0259 gizli olur. Fikrimc\u0259, alyans\u0131n a\u00e7\u0131q g\u00fcnd\u0259mi Co Bayden sonras\u0131 d\u00f6vr\u00fc m\u00fczakir\u0259 etm\u0259kdirs\u0259, gizli g\u00fcnd\u0259mi \u00c7inin y\u00fcks\u0259li\u015finin dayand\u0131r\u0131lmas\u0131d\u0131r. \u00c7\u00fcnki ist\u0259r Yaponiya, ist\u0259r C\u0259nubi Koreya, ist\u0259rs\u0259 d\u0259 Yeni Zellandiya, Filippinl\u0259r, Avstraliya m\u0259hz \u00c7inl\u0259 h\u0259ms\u0259rh\u0259ddir. AB\u015e onlar\u0131 \u00f6z \u0259traf\u0131nda toplay\u0131b \u00c7inl\u0259 d\u00f6y\u00fc\u015f\u0259 haz\u0131rlay\u0131r. S\u00f6zs\u00fcz ki, bu m\u00fcharib\u0259 ba\u015flayarsa, NATO-nun \u00f6z t\u0259r\u0259fda\u015flar\u0131na ciddi yard\u0131m\u0131na ehtiyac var. Y\u0259qin ki, Va\u015finqton sammitind\u0259 m\u0259hz bu m\u00f6vzu m\u00fczakir\u0259 olunacaq. B\u00f6y\u00fck ehtimalla, Rusiya il\u0259 hesabla\u015fmaq, Ukraynan\u0131n silahland\u0131r\u0131lmas\u0131 kimi m\u0259s\u0259l\u0259l\u0259r Avropa m\u00fctt\u0259fiql\u0259rinin \u00f6hd\u0259liyin\u0259 burax\u0131lacaq v\u0259 AB\u015e \u0259sas\u0259n \u00c7in \u0259traf\u0131 \u00f6lk\u0259l\u0259rl\u0259 m\u0259\u015f\u011ful olacaq\u201d.<\/p>\n<p><strong>NATO sammitind\u0259n qabaq Qazax\u0131standa \u015eanxay \u00f6lk\u0259l\u0259rinin toplant\u0131s\u0131n\u0131n ke\u00e7irilm\u0259sini v\u0259 Belarusun s\u00f6z\u00fcged\u0259n ittifaqa daxil edilm\u0259sini d\u0259 bu kontekstd\u0259 t\u0259hlil ed\u0259n Heyd\u0259r O\u011fuz diqq\u0259t\u0259 \u00e7atd\u0131rd\u0131 ki, Astana zirv\u0259sind\u0259n d\u0259rhal sonra \u00c7in \u00f6z h\u0259rbi q\u00fcvv\u0259l\u0259rini Belarusa t\u0259lim\u0259 g\u00f6nd\u0259rdi:<\/strong>\u00a0\u201cBu t\u0259lim \u0259slind\u0259 NATO m\u00fctt\u0259fiql\u0259rin\u0259 mesaj idi. Sanki \u00c7in bununla NATO-nun Avropa qanad\u0131na xat\u0131rlatd\u0131 ki, sizin \u0259n z\u0259if n\u00f6qt\u0259niz Belarusla s\u0259rh\u0259dd\u0259 yerl\u0259\u015f\u0259n Baltik \u00f6lk\u0259l\u0259ridir. \u018fg\u0259r siz Va\u015finqtonun felin\u0259 uyub m\u0259n\u0259 qar\u015f\u0131 h\u0259r hans\u0131 t\u0259xribat plan\u0131na giri\u015fm\u0259k ist\u0259s\u0259niz, cavab\u0131n\u0131z\u0131 Belarusla s\u0259rh\u0259dd\u0259n alacaqs\u0131n\u0131z\u201d.<\/p>\n<p><strong>C\u0259nubi Qafqaz \u00f6lk\u0259l\u0259rinin bu m\u0259s\u0259l\u0259 il\u0259 \u0259laq\u0259sin\u0259 ayd\u0131l\u0131q g\u0259tir\u0259n h\u0259ms\u00f6hb\u0259timizin fikrinc\u0259, \u00c7inin qar\u015f\u0131s\u0131n\u0131 almaq \u00fc\u00e7\u00fcn onun ilk n\u00f6vb\u0259d\u0259 kommunikasiya \u0259laq\u0259l\u0259rini k\u0259sm\u0259k laz\u0131md\u0131r:<\/strong>\u00a0\u201cHind-Sakit okean\u0131nda bu \u0259laq\u0259l\u0259ri prezidentl\u0259ri Va\u015finqton sammitin\u0259 d\u0259v\u0259t olunan \u00f6lk\u0259l\u0259r k\u0259sir. Bir d\u0259 \u00c7inin quru kommunikasiya \u0259laq\u0259l\u0259ri var. \u201cBir Yol, Bir K\u0259m\u0259r\u201d adlanan bu layih\u0259nin mar\u015frutlar\u0131ndan biri d\u0259 C\u0259nubi Qafqazdan ke\u00e7ir. G\u00f6r\u00fcn\u00fcr, Va\u015finqton sammitind\u0259 C\u0259nubi Qafqaz \u00f6lk\u0259l\u0259rin\u0259 \u00c7ind\u0259n uzaqla\u015fmaq \u00fc\u00e7\u00fcn b\u0259zi v\u0259dl\u0259r veril\u0259c\u0259k.<\/p>\n<p><img loading=\"lazy\" src=\"https:\/\/cdn.musavat.com\/news\/thumbnails\/79839fd8b5aa8882a2b98411f7f6ddcc.jpg\" alt=\"1624083065.jpg (60 KB)\" width=\"700\" height=\"401\" \/><\/p>\n<p>Yeri g\u0259lmi\u015fk\u0259n, Bu\u015f, Obama v\u0259 Tramp administrasiyalar\u0131 d\u00f6vr\u00fcnd\u0259 AB\u015e-\u0131n M\u00fcdafi\u0259 Departamentind\u0259 v\u0259 k\u0259\u015ffiyyat orqanlar\u0131nda m\u00fch\u00fcm v\u0259zif\u0259l\u0259r icra ed\u0259n v\u0259 haz\u0131rda \u201cScowcroft\u201d Strategiya v\u0259 T\u0259hl\u00fck\u0259sizlik M\u0259rk\u0259zinin vitse-prezidenti v\u0259 ba\u015f direktoru v\u0259zif\u0259sind\u0259 \u00e7al\u0131\u015fan Metyu Kroeniq d\u00fcn\u0259n q\u0259l\u0259m\u0259 ald\u0131\u011f\u0131 hesabat\u0131nda da \u00c7in m\u0259s\u0259l\u0259sin\u0259 toxunaraq Avropa \u00f6lk\u0259l\u0259rini onunla m\u00fcbariz\u0259d\u0259 AB\u015e-a d\u0259st\u0259k verm\u0259y\u0259 \u00e7a\u011f\u0131rm\u0131\u015fd\u0131.<\/p>\n<p><strong>Strateq \u00f6z hesabat\u0131nda bildirirdi:<\/strong>\u00a0\u201cBirl\u0259\u015fmi\u015f \u015etatlar\u0131n \u00c7in problemini effektiv h\u0259ll etm\u0259si \u00fc\u00e7\u00fcn Avropan\u0131n k\u00f6m\u0259yin\u0259 ehtiyac duyur. \u00c7in t\u0259hl\u00fck\u0259si h\u0259rt\u0259r\u0259flidir v\u0259 iqtisadi v\u0259 texnoloji \u00f6l\u00e7\u00fcl\u0259ri \u0259hat\u0259 edir. Avropa h\u0259rbi super g\u00fcc olmasa da, iqtisadi, texnoloji v\u0259 diplomatik super g\u00fccd\u00fcr. Avropa \u00f6lk\u0259l\u0259ri qlobal \u00fcmumi daxili m\u0259hsulun (\u00dcDM) t\u0259xmin\u0259n 20 faizini t\u0259\u015fkil edir v\u0259 5G d\u0259 daxil olmaqla bir \u00e7ox sah\u0259l\u0259rd\u0259 texnologiya liderl\u0259ridir. Bu bax\u0131mdan, AB\u015e-\u0131n \u00c7inin iqtisadi v\u0259 texnoloji as\u0131l\u0131l\u0131\u011f\u0131ndan qurtulmaq strategiyas\u0131 Avropa \u0259m\u0259kda\u015fl\u0131\u011f\u0131 olmadan u\u011fursuzlu\u011fa m\u0259hkumdur\u201d.<\/p>\n<p><strong>Metyu Kroeniq h\u0259m\u00e7inin AB\u015e-\u0131n \u00c7inl\u0259 m\u00fcbariz\u0259y\u0259 d\u0259st\u0259k verilm\u0259y\u0259c\u0259yi t\u0259qdird\u0259 Avropa \u00f6lk\u0259l\u0259rini Rusiya il\u0259 m\u00fcbariz\u0259d\u0259 t\u0259k burax\u0131lmas\u0131 il\u0259 t\u0259hdid ed\u0259r\u0259k bildirirdi:<\/strong>\u00a0\u201cB\u0259zi amerikal\u0131lar iddia edirl\u0259r ki, Birl\u0259\u015fmi\u015f \u015etatlar \u00c7in v\u0259 Hind-Sakit Okean h\u00f6vz\u0259sinin yaratd\u0131\u011f\u0131 daha b\u00f6y\u00fck probleml\u0259r\u0259 daha \u00e7ox diqq\u0259t v\u0259 resurslar ay\u0131rmaq \u00fc\u00e7\u00fcn Avropadan uzaqla\u015fmal\u0131d\u0131r\u201d.<\/p>\n<p>&#8220;M\u0259s\u0259l\u0259y\u0259 bu aspektd\u0259n n\u0259z\u0259r salanda AB\u015e-\u0131n Ukraynan\u0131 bir ne\u00e7\u0259 ay t\u0259chizats\u0131z buraxmas\u0131n\u0131n v\u0259 Tramp \u00fcz\u0259rind\u0259 oynad\u0131\u011f\u0131 oyunun \u0259sl sirri ortaya \u00e7\u0131x\u0131r. G\u00f6r\u00fcn\u0259n budur ki, AB\u015e Ukrayna-Rusiya aras\u0131nda m\u00fcharib\u0259ni t\u0259\u015fviq etm\u0259kl\u0259 t\u0259kc\u0259 bu iki \u00f6lk\u0259ni t\u0259l\u0259y\u0259 salmay\u0131b, h\u0259m d\u0259 Avropan\u0131 da rus t\u0259hl\u00fck\u0259si il\u0259 \u00fcz-\u00fcz\u0259 qoyaraq, \u015fantaj edir. \u018fsl m\u0259qs\u0259di is\u0259 \u00c7inin y\u00fcks\u0259li\u015finin qar\u015f\u0131s\u0131n\u0131 almaq projesin\u0259 daha \u00e7ox q\u00fcvv\u0259l\u0259ri c\u0259lb etm\u0259k v\u0259 Q\u0259rb d\u00fcnyas\u0131n\u0131 \u00f6z\u00fcnd\u0259n as\u0131l\u0131 v\u0259ziyy\u0259t\u0259 g\u0259tirm\u0259kdir\u201d, &#8211; Heyd\u0259r O\u011fuz bildirib.<\/p>\n","protected":false},"excerpt":{"rendered":"<p>Az\u0259rbaycan n\u0259hay\u0259t, q\u0259rar\u0131n\u0131 a\u00e7\u0131qlad\u0131: Va\u015finqtonda bu g\u00fcn ba\u015flayacaq NATO sammitind\u0259 \u00f6lk\u0259mizi xarici i\u015fl\u0259r naziri Ceyhun Bayramov t\u0259msil ed\u0259c\u0259k. AB\u015e Az\u0259rbaycan\u0131 bu sammit\u0259 iyunun 28-d\u0259 d\u0259v\u0259t etmi\u015fdi. D\u00fcnyan\u0131n diqq\u0259tini c\u0259lb etmi\u015f sammitd\u0259 \u00f6lk\u0259mizi xarici i\u015fl\u0259r naziri Ceyhun Bayramov t\u0259msil ed\u0259c\u0259k. Musavat.com-un suallar\u0131n\u0131 cavabland\u0131ran siyasi \u015f\u0259rh\u00e7i Heyd\u0259r O\u011fuz \u00f6lk\u0259mizin sammitd\u0259 xarici i\u015fl\u0259r naziri s\u0259viyy\u0259sind\u0259 i\u015ftirak\u0131n\u0131 protokola uy\u011fun hesab edir. Onun fikrinc\u0259, bizi xarici i\u015fl\u0259r s\u0259viyy\u0259sind\u0259 d\u0259v\u0259t etmi\u015fdil\u0259r, biz d\u0259 el\u0259 o s\u0259viyy\u0259d\u0259 i\u015ftiraka \u00fcst\u00fcnl\u00fck verdik:\u00a0\u201cS\u00f6zs\u00fcz ki, Va\u015finqton sammiti NATO \u00f6lk\u0259l\u0259rinin d\u00f6vl\u0259t ba\u015f\u00e7\u0131llar\u0131n\u0131n zirv\u0259sidir. NATO \u00fczvl\u0259ri bu sammitd\u0259 d\u00f6vl\u0259t ba\u015f\u00e7\u0131lar\u0131 s\u0259viyy\u0259sind\u0259 i\u015ftirak ed\u0259c\u0259kl\u0259r.&hellip;<\/p>\n","protected":false},"author":2,"featured_media":736098,"comment_status":"closed","ping_status":"closed","sticky":false,"template":"","format":"standard","meta":{"om_disable_all_campaigns":false,"_monsterinsights_skip_tracking":false,"_monsterinsights_sitenote_active":false,"_monsterinsights_sitenote_note":"","_monsterinsights_sitenote_category":0},"categories":[19],"tags":[],"aioseo_notices":[],"gutentor_comment":0,"rttpg_featured_image_url":{"full":["https:\/\/arantv.az\/wp-content\/uploads\/2024\/07\/dddc46b77f47f7ac0669a477f0bc4fd7.jpg",870,500,false],"landscape":["https:\/\/arantv.az\/wp-content\/uploads\/2024\/07\/dddc46b77f47f7ac0669a477f0bc4fd7.jpg",870,500,false],"portraits":["https:\/\/arantv.az\/wp-content\/uploads\/2024\/07\/dddc46b77f47f7ac0669a477f0bc4fd7.jpg",870,500,false],"thumbnail":["https:\/\/arantv.az\/wp-content\/uploads\/2024\/07\/dddc46b77f47f7ac0669a477f0bc4fd7-500x280.jpg",500,280,true],"medium":["https:\/\/arantv.az\/wp-content\/uploads\/2024\/07\/dddc46b77f47f7ac0669a477f0bc4fd7-635x365.jpg",635,365,true],"large":["https:\/\/arantv.az\/wp-content\/uploads\/2024\/07\/dddc46b77f47f7ac0669a477f0bc4fd7-840x483.jpg",640,368,true],"1536x1536":["https:\/\/arantv.az\/wp-content\/uploads\/2024\/07\/dddc46b77f47f7ac0669a477f0bc4fd7.jpg",870,500,false],"2048x2048":["https:\/\/arantv.az\/wp-content\/uploads\/2024\/07\/dddc46b77f47f7ac0669a477f0bc4fd7.jpg",870,500,false],"post-thumbnail":["https:\/\/arantv.az\/wp-content\/uploads\/2024\/07\/dddc46b77f47f7ac0669a477f0bc4fd7-240x172.jpg",240,172,true],"advps-thumb-one":["https:\/\/arantv.az\/wp-content\/uploads\/2024\/07\/dddc46b77f47f7ac0669a477f0bc4fd7.jpg",870,500,false]},"rttpg_author":{"display_name":"V\u00fcsal Rafiqo\u011flu","author_link":"https:\/\/arantv.az\/?author=2"},"rttpg_comment":0,"rttpg_category":"<a href=\"https:\/\/arantv.az\/?cat=19\" rel=\"category\">G\u00fcnd\u0259m<\/a>","rttpg_excerpt":"Az\u0259rbaycan n\u0259hay\u0259t, q\u0259rar\u0131n\u0131 a\u00e7\u0131qlad\u0131: Va\u015finqtonda bu g\u00fcn ba\u015flayacaq NATO sammitind\u0259 \u00f6lk\u0259mizi xarici i\u015fl\u0259r naziri Ceyhun Bayramov t\u0259msil ed\u0259c\u0259k. AB\u015e Az\u0259rbaycan\u0131 bu sammit\u0259 iyunun 28-d\u0259 d\u0259v\u0259t etmi\u015fdi. D\u00fcnyan\u0131n diqq\u0259tini c\u0259lb etmi\u015f sammitd\u0259 \u00f6lk\u0259mizi xarici i\u015fl\u0259r naziri Ceyhun Bayramov t\u0259msil ed\u0259c\u0259k. Musavat.com-un suallar\u0131n\u0131 cavabland\u0131ran siyasi \u015f\u0259rh\u00e7i Heyd\u0259r O\u011fuz \u00f6lk\u0259mizin sammitd\u0259 xarici i\u015fl\u0259r naziri s\u0259viyy\u0259sind\u0259 i\u015ftirak\u0131n\u0131 protokola uy\u011fun&hellip;","_links":{"self":[{"href":"https:\/\/arantv.az\/index.php?rest_route=\/wp\/v2\/posts\/736097"}],"collection":[{"href":"https:\/\/arantv.az\/index.php?rest_route=\/wp\/v2\/posts"}],"about":[{"href":"https:\/\/arantv.az\/index.php?rest_route=\/wp\/v2\/types\/post"}],"author":[{"embeddable":true,"href":"https:\/\/arantv.az\/index.php?rest_route=\/wp\/v2\/users\/2"}],"replies":[{"embeddable":true,"href":"https:\/\/arantv.az\/index.php?rest_route=%2Fwp%2Fv2%2Fcomments&post=736097"}],"version-history":[{"count":0,"href":"https:\/\/arantv.az\/index.php?rest_route=\/wp\/v2\/posts\/736097\/revisions"}],"wp:featuredmedia":[{"embeddable":true,"href":"https:\/\/arantv.az\/index.php?rest_route=\/wp\/v2\/media\/736098"}],"wp:attachment":[{"href":"https:\/\/arantv.az\/index.php?rest_route=%2Fwp%2Fv2%2Fmedia&parent=736097"}],"wp:term":[{"taxonomy":"category","embeddable":true,"href":"https:\/\/arantv.az\/index.php?rest_route=%2Fwp%2Fv2%2Fcategories&post=736097"},{"taxonomy":"post_tag","embeddable":true,"href":"https:\/\/arantv.az\/index.php?rest_route=%2Fwp%2Fv2%2Ftags&post=736097"}],"curies":[{"name":"wp","href":"https:\/\/api.w.org\/{rel}","templated":true}]}}