{"id":736100,"date":"2024-07-09T23:17:48","date_gmt":"2024-07-09T19:17:48","guid":{"rendered":"https:\/\/arantv.az\/?p=736100"},"modified":"2024-07-09T23:17:48","modified_gmt":"2024-07-09T19:17:48","slug":"valideynl%c9%99rin-n%c9%99z%c9%99rin%c9%99-autizmin-bilinm%c9%99y%c9%99n-%c9%99lam%c9%99tl%c9%99ri-v%c9%99-yaranma-s%c9%99b%c9%99bl%c9%99rivideo","status":"publish","type":"post","link":"https:\/\/arantv.az\/?p=736100","title":{"rendered":"Valideynl\u0259rin n\u0259z\u0259rin\u0259: Autizmin bilinm\u0259y\u0259n \u0259lam\u0259tl\u0259ri v\u0259 yaranma s\u0259b\u0259bl\u0259riV\u0130DEO"},"content":{"rendered":"<div class=\"text-content\" data-id=\"\" data-url=\"\">\n<p>Autizmli insanlar \u0259traf al\u0259m haqq\u0131nda f\u0259rqli t\u0259s\u0259vv\u00fcr\u0259 malikdirl\u0259r.<\/p>\n<p>Onlar \u00fcnsiyy\u0259td\u0259 v\u0259 sosialla\u015fmada \u00e7\u0259tinlikl\u0259rl\u0259 uzla\u015fd\u0131qlar\u0131 \u00fc\u00e7\u00fcn ictimai yerl\u0259rd\u0259n uzaqla\u015f\u0131b t\u0259k qalma\u011f\u0131 \u00fcst\u00fcn tuturlar.<\/p>\n<p>Baku TV-d\u0259 yay\u0131mlanan &#8220;Ayd\u0131n tarix&#8221; verili\u015finin bud\u0259f\u0259ki burax\u0131l\u0131\u015f\u0131nda autizm haqq\u0131nda bilinm\u0259y\u0259nl\u0259r\u0259 ayd\u0131nl\u0131q g\u0259tirilib.<\/p>\n<p>\u018ftrafl\u0131 s\u00fcjetd\u0259:<\/p>\n<p><iframe title=\"Autizm n\u0259dir? | \u018flam\u0259tl\u0259ri v\u0259 yaranma s\u0259b\u0259bl\u0259ri: Valideynl\u0259rin n\u0259z\u0259rin\u0259! | AYDIN TAR\u0130X\" src=\"https:\/\/www.youtube.com\/embed\/9nW5Hf9Akk4\" frameborder=\"0\" allowfullscreen=\"allowfullscreen\" data-mce-fragment=\"1\"><\/iframe><\/p>\n<\/div>\n<div><\/div>\n<div><\/div>\n<div class=\"inner-social-box\">\n<div class=\"subs-in-social subs-whatsapp\"><\/div>\n<\/div>\n","protected":false},"excerpt":{"rendered":"<p>Autizmli insanlar \u0259traf al\u0259m haqq\u0131nda f\u0259rqli t\u0259s\u0259vv\u00fcr\u0259 malikdirl\u0259r. Onlar \u00fcnsiyy\u0259td\u0259 v\u0259 sosialla\u015fmada \u00e7\u0259tinlikl\u0259rl\u0259 uzla\u015fd\u0131qlar\u0131 \u00fc\u00e7\u00fcn ictimai yerl\u0259rd\u0259n uzaqla\u015f\u0131b t\u0259k qalma\u011f\u0131 \u00fcst\u00fcn tuturlar. Baku TV-d\u0259 yay\u0131mlanan &#8220;Ayd\u0131n tarix&#8221; verili\u015finin bud\u0259f\u0259ki burax\u0131l\u0131\u015f\u0131nda autizm haqq\u0131nda bilinm\u0259y\u0259nl\u0259r\u0259 ayd\u0131nl\u0131q g\u0259tirilib. \u018ftrafl\u0131 s\u00fcjetd\u0259:<\/p>\n","protected":false},"author":2,"featured_media":736101,"comment_status":"closed","ping_status":"closed","sticky":false,"template":"","format":"standard","meta":{"om_disable_all_campaigns":false,"_monsterinsights_skip_tracking":false,"_monsterinsights_sitenote_active":false,"_monsterinsights_sitenote_note":"","_monsterinsights_sitenote_category":0},"categories":[1],"tags":[],"aioseo_notices":[],"gutentor_comment":0,"rttpg_featured_image_url":{"full":["https:\/\/arantv.az\/wp-content\/uploads\/2024\/07\/62c8287076a3e55d7df2f867fa951dc8.jpg",637,400,false],"landscape":["https:\/\/arantv.az\/wp-content\/uploads\/2024\/07\/62c8287076a3e55d7df2f867fa951dc8.jpg",637,400,false],"portraits":["https:\/\/arantv.az\/wp-content\/uploads\/2024\/07\/62c8287076a3e55d7df2f867fa951dc8.jpg",637,400,false],"thumbnail":["https:\/\/arantv.az\/wp-content\/uploads\/2024\/07\/62c8287076a3e55d7df2f867fa951dc8-500x280.jpg",500,280,true],"medium":["https:\/\/arantv.az\/wp-content\/uploads\/2024\/07\/62c8287076a3e55d7df2f867fa951dc8-581x365.jpg",581,365,true],"large":["https:\/\/arantv.az\/wp-content\/uploads\/2024\/07\/62c8287076a3e55d7df2f867fa951dc8.jpg",637,400,false],"1536x1536":["https:\/\/arantv.az\/wp-content\/uploads\/2024\/07\/62c8287076a3e55d7df2f867fa951dc8.jpg",637,400,false],"2048x2048":["https:\/\/arantv.az\/wp-content\/uploads\/2024\/07\/62c8287076a3e55d7df2f867fa951dc8.jpg",637,400,false],"post-thumbnail":["https:\/\/arantv.az\/wp-content\/uploads\/2024\/07\/62c8287076a3e55d7df2f867fa951dc8-240x172.jpg",240,172,true],"advps-thumb-one":["https:\/\/arantv.az\/wp-content\/uploads\/2024\/07\/62c8287076a3e55d7df2f867fa951dc8.jpg",637,400,false]},"rttpg_author":{"display_name":"V\u00fcsal Rafiqo\u011flu","author_link":"https:\/\/arantv.az\/?author=2"},"rttpg_comment":0,"rttpg_category":"<a href=\"https:\/\/arantv.az\/?cat=1\" rel=\"category\">C\u0259miyy\u0259t<\/a>","rttpg_excerpt":"Autizmli insanlar \u0259traf al\u0259m haqq\u0131nda f\u0259rqli t\u0259s\u0259vv\u00fcr\u0259 malikdirl\u0259r. Onlar \u00fcnsiyy\u0259td\u0259 v\u0259 sosialla\u015fmada \u00e7\u0259tinlikl\u0259rl\u0259 uzla\u015fd\u0131qlar\u0131 \u00fc\u00e7\u00fcn ictimai yerl\u0259rd\u0259n uzaqla\u015f\u0131b t\u0259k qalma\u011f\u0131 \u00fcst\u00fcn tuturlar. Baku TV-d\u0259 yay\u0131mlanan &#8220;Ayd\u0131n tarix&#8221; verili\u015finin bud\u0259f\u0259ki burax\u0131l\u0131\u015f\u0131nda autizm haqq\u0131nda bilinm\u0259y\u0259nl\u0259r\u0259 ayd\u0131nl\u0131q g\u0259tirilib. \u018ftrafl\u0131 s\u00fcjetd\u0259:","_links":{"self":[{"href":"https:\/\/arantv.az\/index.php?rest_route=\/wp\/v2\/posts\/736100"}],"collection":[{"href":"https:\/\/arantv.az\/index.php?rest_route=\/wp\/v2\/posts"}],"about":[{"href":"https:\/\/arantv.az\/index.php?rest_route=\/wp\/v2\/types\/post"}],"author":[{"embeddable":true,"href":"https:\/\/arantv.az\/index.php?rest_route=\/wp\/v2\/users\/2"}],"replies":[{"embeddable":true,"href":"https:\/\/arantv.az\/index.php?rest_route=%2Fwp%2Fv2%2Fcomments&post=736100"}],"version-history":[{"count":0,"href":"https:\/\/arantv.az\/index.php?rest_route=\/wp\/v2\/posts\/736100\/revisions"}],"wp:featuredmedia":[{"embeddable":true,"href":"https:\/\/arantv.az\/index.php?rest_route=\/wp\/v2\/media\/736101"}],"wp:attachment":[{"href":"https:\/\/arantv.az\/index.php?rest_route=%2Fwp%2Fv2%2Fmedia&parent=736100"}],"wp:term":[{"taxonomy":"category","embeddable":true,"href":"https:\/\/arantv.az\/index.php?rest_route=%2Fwp%2Fv2%2Fcategories&post=736100"},{"taxonomy":"post_tag","embeddable":true,"href":"https:\/\/arantv.az\/index.php?rest_route=%2Fwp%2Fv2%2Ftags&post=736100"}],"curies":[{"name":"wp","href":"https:\/\/api.w.org\/{rel}","templated":true}]}}