{"id":736109,"date":"2024-07-09T23:20:11","date_gmt":"2024-07-09T19:20:11","guid":{"rendered":"https:\/\/arantv.az\/?p=736109"},"modified":"2024-07-09T23:20:11","modified_gmt":"2024-07-09T19:20:11","slug":"prezident-ilham-%c9%99liyev-m%c9%99sud-pezeskiana-z%c9%99ng-edib","status":"publish","type":"post","link":"https:\/\/arantv.az\/?p=736109","title":{"rendered":"Prezident \u0130lham \u018fliyev M\u0259sud Peze\u015fkiana z\u0259ng edib"},"content":{"rendered":"<p>\u0130yulun 9-da Az\u0259rbaycan Respublikas\u0131n\u0131n Prezidenti \u0130lham \u018fliyev \u0130ran \u0130slam Respublikas\u0131n\u0131n Prezidenti M\u0259sud Peze\u015fkiana z\u0259ng edib.<\/p>\n<p><strong>ARANTV.AZ <\/strong>\u00a0x\u0259b\u0259r verir ki, bu bar\u0259d\u0259 Az\u0259rbaycan Prezidentinin M\u0259tbuat Xidm\u0259ti m\u0259lumat yay\u0131b.<\/p>\n<p>D\u00f6vl\u0259t ba\u015f\u00e7\u0131s\u0131 M\u0259sud Peze\u015fkian\u0131 \u0130ran \u0130slam Respublikas\u0131n\u0131n Prezidenti se\u00e7ilm\u0259si m\u00fcnasib\u0259til\u0259 t\u0259brik edib, ona f\u0259aliyy\u0259tind\u0259 u\u011furlar arzulay\u0131b.<\/p>\n<p>M\u0259sud Peze\u015fkian g\u00f6st\u0259ril\u0259n diqq\u0259t\u0259 v\u0259 t\u0259brik\u0259, h\u0259m\u00e7inin Prezident se\u00e7ilm\u0259si m\u00fcnasib\u0259til\u0259 d\u00f6vl\u0259timizin ba\u015f\u00e7\u0131s\u0131n\u0131n daha \u0259vv\u0259l g\u00f6nd\u0259rdiyi m\u0259ktuba g\u00f6r\u0259 Prezident \u0130lham \u018fliyev\u0259 minn\u0259tdarl\u0131\u011f\u0131n\u0131 bildirib. \u0130ran Prezidenti g\u0259l\u0259c\u0259kd\u0259 d\u0259 \u00f6lk\u0259l\u0259rimiz aras\u0131nda m\u00fcnasib\u0259tl\u0259rin b\u00fct\u00fcn sah\u0259l\u0259rd\u0259 inki\u015faf etdirilm\u0259si \u00fc\u00e7\u00fcn s\u0259yl\u0259rini \u0259sirg\u0259m\u0259y\u0259c\u0259yini deyib.<\/p>\n<p>S\u00f6hb\u0259t zaman\u0131 ortaq dini-m\u0259d\u0259ni k\u00f6kl\u0259r, dostluq v\u0259 qarda\u015fl\u0131\u011fa \u0259saslanan Az\u0259rbaycan-\u0130ran \u0259laq\u0259l\u0259rinin bundan sonra da geni\u015fl\u0259n\u0259c\u0259yin\u0259 v\u0259 m\u00fcxt\u0259lif sah\u0259l\u0259ri \u0259hat\u0259 ed\u0259n \u0259m\u0259kda\u015fl\u0131\u011f\u0131m\u0131z\u0131n inki\u015faf ed\u0259c\u0259yin\u0259 \u0259minlik ifad\u0259 olunub.<\/p>\n<p>D\u00f6vl\u0259t ba\u015f\u00e7\u0131lar\u0131 \u00f6lk\u0259l\u0259r aras\u0131nda indiy\u0259d\u0259k \u0259ld\u0259 edilmi\u015f raz\u0131la\u015fmalar\u0131n h\u0259yata ke\u00e7irilm\u0259sinin \u0259h\u0259miyy\u0259tini vur\u011fulay\u0131blar.<\/p>\n<p>Telefon s\u00f6hb\u0259ti \u0259snas\u0131nda Az\u0259rbaycan v\u0259 \u0130ran prezidentl\u0259ri qar\u015f\u0131l\u0131ql\u0131 maraq do\u011furan m\u0259s\u0259l\u0259l\u0259ri m\u00fczakir\u0259 edibl\u0259r.<\/p>\n<p>Az\u0259rbaycan Prezidenti \u0130lham \u018fliyev \u0130ran Prezidenti M\u0259sud Peze\u015fkian\u0131 \u00f6lk\u0259miz\u0259 s\u0259f\u0259r\u0259 d\u0259v\u0259t edib.<\/p>\n<p>D\u0259v\u0259ti m\u0259mnunluqla q\u0259bul ed\u0259n \u0130ran Prezidenti d\u00f6vl\u0259t ba\u015f\u00e7\u0131s\u0131na minn\u0259tdarl\u0131\u011f\u0131n\u0131 bildirib v\u0259 \u00f6z n\u00f6vb\u0259sind\u0259, Az\u0259rbaycan Prezidentini \u0130ran \u0130slam Respublikas\u0131na r\u0259smi s\u0259f\u0259r\u0259 d\u0259v\u0259t edib.<\/p>\n<p>D\u00f6vl\u0259t ba\u015f\u00e7\u0131s\u0131 bu d\u0259v\u0259ti m\u0259mnunluqla q\u0259bul edib.<\/p>\n","protected":false},"excerpt":{"rendered":"<p>\u0130yulun 9-da Az\u0259rbaycan Respublikas\u0131n\u0131n Prezidenti \u0130lham \u018fliyev \u0130ran \u0130slam Respublikas\u0131n\u0131n Prezidenti M\u0259sud Peze\u015fkiana z\u0259ng edib. ARANTV.AZ \u00a0x\u0259b\u0259r verir ki, bu bar\u0259d\u0259 Az\u0259rbaycan Prezidentinin M\u0259tbuat Xidm\u0259ti m\u0259lumat yay\u0131b. D\u00f6vl\u0259t ba\u015f\u00e7\u0131s\u0131 M\u0259sud Peze\u015fkian\u0131 \u0130ran \u0130slam Respublikas\u0131n\u0131n Prezidenti se\u00e7ilm\u0259si m\u00fcnasib\u0259til\u0259 t\u0259brik edib, ona f\u0259aliyy\u0259tind\u0259 u\u011furlar arzulay\u0131b. M\u0259sud Peze\u015fkian g\u00f6st\u0259ril\u0259n diqq\u0259t\u0259 v\u0259 t\u0259brik\u0259, h\u0259m\u00e7inin Prezident se\u00e7ilm\u0259si m\u00fcnasib\u0259til\u0259 d\u00f6vl\u0259timizin ba\u015f\u00e7\u0131s\u0131n\u0131n daha \u0259vv\u0259l g\u00f6nd\u0259rdiyi m\u0259ktuba g\u00f6r\u0259 Prezident \u0130lham \u018fliyev\u0259 minn\u0259tdarl\u0131\u011f\u0131n\u0131 bildirib. \u0130ran Prezidenti g\u0259l\u0259c\u0259kd\u0259 d\u0259 \u00f6lk\u0259l\u0259rimiz aras\u0131nda m\u00fcnasib\u0259tl\u0259rin b\u00fct\u00fcn sah\u0259l\u0259rd\u0259 inki\u015faf etdirilm\u0259si \u00fc\u00e7\u00fcn s\u0259yl\u0259rini \u0259sirg\u0259m\u0259y\u0259c\u0259yini deyib. S\u00f6hb\u0259t zaman\u0131 ortaq dini-m\u0259d\u0259ni k\u00f6kl\u0259r, dostluq v\u0259 qarda\u015fl\u0131\u011fa \u0259saslanan Az\u0259rbaycan-\u0130ran&hellip;<\/p>\n","protected":false},"author":2,"featured_media":736110,"comment_status":"closed","ping_status":"closed","sticky":false,"template":"","format":"standard","meta":{"om_disable_all_campaigns":false,"_monsterinsights_skip_tracking":false,"_monsterinsights_sitenote_active":false,"_monsterinsights_sitenote_note":"","_monsterinsights_sitenote_category":0},"categories":[4],"tags":[],"aioseo_notices":[],"gutentor_comment":0,"rttpg_featured_image_url":{"full":["https:\/\/arantv.az\/wp-content\/uploads\/2024\/07\/52f587774d8271f799ba3a70c1a500a3.jpg",870,500,false],"landscape":["https:\/\/arantv.az\/wp-content\/uploads\/2024\/07\/52f587774d8271f799ba3a70c1a500a3.jpg",870,500,false],"portraits":["https:\/\/arantv.az\/wp-content\/uploads\/2024\/07\/52f587774d8271f799ba3a70c1a500a3.jpg",870,500,false],"thumbnail":["https:\/\/arantv.az\/wp-content\/uploads\/2024\/07\/52f587774d8271f799ba3a70c1a500a3-500x280.jpg",500,280,true],"medium":["https:\/\/arantv.az\/wp-content\/uploads\/2024\/07\/52f587774d8271f799ba3a70c1a500a3-635x365.jpg",635,365,true],"large":["https:\/\/arantv.az\/wp-content\/uploads\/2024\/07\/52f587774d8271f799ba3a70c1a500a3-840x483.jpg",640,368,true],"1536x1536":["https:\/\/arantv.az\/wp-content\/uploads\/2024\/07\/52f587774d8271f799ba3a70c1a500a3.jpg",870,500,false],"2048x2048":["https:\/\/arantv.az\/wp-content\/uploads\/2024\/07\/52f587774d8271f799ba3a70c1a500a3.jpg",870,500,false],"post-thumbnail":["https:\/\/arantv.az\/wp-content\/uploads\/2024\/07\/52f587774d8271f799ba3a70c1a500a3-240x172.jpg",240,172,true],"advps-thumb-one":["https:\/\/arantv.az\/wp-content\/uploads\/2024\/07\/52f587774d8271f799ba3a70c1a500a3.jpg",870,500,false]},"rttpg_author":{"display_name":"V\u00fcsal Rafiqo\u011flu","author_link":"https:\/\/arantv.az\/?author=2"},"rttpg_comment":0,"rttpg_category":"<a href=\"https:\/\/arantv.az\/?cat=4\" rel=\"category\">Siyas\u0259t<\/a>","rttpg_excerpt":"\u0130yulun 9-da Az\u0259rbaycan Respublikas\u0131n\u0131n Prezidenti \u0130lham \u018fliyev \u0130ran \u0130slam Respublikas\u0131n\u0131n Prezidenti M\u0259sud Peze\u015fkiana z\u0259ng edib. ARANTV.AZ \u00a0x\u0259b\u0259r verir ki, bu bar\u0259d\u0259 Az\u0259rbaycan Prezidentinin M\u0259tbuat Xidm\u0259ti m\u0259lumat yay\u0131b. D\u00f6vl\u0259t ba\u015f\u00e7\u0131s\u0131 M\u0259sud Peze\u015fkian\u0131 \u0130ran \u0130slam Respublikas\u0131n\u0131n Prezidenti se\u00e7ilm\u0259si m\u00fcnasib\u0259til\u0259 t\u0259brik edib, ona f\u0259aliyy\u0259tind\u0259 u\u011furlar arzulay\u0131b. M\u0259sud Peze\u015fkian g\u00f6st\u0259ril\u0259n diqq\u0259t\u0259 v\u0259 t\u0259brik\u0259, h\u0259m\u00e7inin Prezident se\u00e7ilm\u0259si m\u00fcnasib\u0259til\u0259 d\u00f6vl\u0259timizin ba\u015f\u00e7\u0131s\u0131n\u0131n&hellip;","_links":{"self":[{"href":"https:\/\/arantv.az\/index.php?rest_route=\/wp\/v2\/posts\/736109"}],"collection":[{"href":"https:\/\/arantv.az\/index.php?rest_route=\/wp\/v2\/posts"}],"about":[{"href":"https:\/\/arantv.az\/index.php?rest_route=\/wp\/v2\/types\/post"}],"author":[{"embeddable":true,"href":"https:\/\/arantv.az\/index.php?rest_route=\/wp\/v2\/users\/2"}],"replies":[{"embeddable":true,"href":"https:\/\/arantv.az\/index.php?rest_route=%2Fwp%2Fv2%2Fcomments&post=736109"}],"version-history":[{"count":0,"href":"https:\/\/arantv.az\/index.php?rest_route=\/wp\/v2\/posts\/736109\/revisions"}],"wp:featuredmedia":[{"embeddable":true,"href":"https:\/\/arantv.az\/index.php?rest_route=\/wp\/v2\/media\/736110"}],"wp:attachment":[{"href":"https:\/\/arantv.az\/index.php?rest_route=%2Fwp%2Fv2%2Fmedia&parent=736109"}],"wp:term":[{"taxonomy":"category","embeddable":true,"href":"https:\/\/arantv.az\/index.php?rest_route=%2Fwp%2Fv2%2Fcategories&post=736109"},{"taxonomy":"post_tag","embeddable":true,"href":"https:\/\/arantv.az\/index.php?rest_route=%2Fwp%2Fv2%2Ftags&post=736109"}],"curies":[{"name":"wp","href":"https:\/\/api.w.org\/{rel}","templated":true}]}}