{"id":736339,"date":"2024-07-11T09:01:07","date_gmt":"2024-07-11T05:01:07","guid":{"rendered":"https:\/\/arantv.az\/?p=736339"},"modified":"2024-07-11T09:01:07","modified_gmt":"2024-07-11T05:01:07","slug":"az%c9%99rbaycan-yoxsul-olk%c9%99l%c9%99rd%c9%99-yasil-s%c9%99rmay%c9%99l%c9%99r-ucun-yeni-fond-yaratmagi-planlasdirir","status":"publish","type":"post","link":"https:\/\/arantv.az\/?p=736339","title":{"rendered":"Az\u0259rbaycan yoxsul \u00f6lk\u0259l\u0259rd\u0259 ya\u015f\u0131l s\u0259rmay\u0259l\u0259r \u00fc\u00e7\u00fcn yeni fond yaratma\u011f\u0131 planla\u015fd\u0131r\u0131r"},"content":{"rendered":"<p>Az\u0259rbaycan yoxsul \u00f6lk\u0259l\u0259rd\u0259 ya\u015f\u0131l s\u0259rmay\u0259l\u0259r \u00fc\u00e7\u00fcn yeni fond yaratma\u011f\u0131 planla\u015fd\u0131r\u0131r.<\/p>\n<p>\u201cReport\u201d x\u0259b\u0259r verir ki, bu bar\u0259d\u0259 \u201cReuters\u201d\u0259 m\u0259nb\u0259 bildirib.<\/p>\n<p>\u201cBMT-nin COP29 iqlim sammitin\u0259 ev sahibliyi ed\u0259n Az\u0259rbaycan iqlim d\u0259yi\u015fikliyi il\u0259 ba\u011fl\u0131 maliyy\u0259l\u0259\u015fm\u0259ni art\u0131rmaq \u00fc\u00e7\u00fcn qal\u0131q yanacaq istehsal\u00e7\u0131lar\u0131na y\u0131\u011f\u0131m t\u0259tbiq etm\u0259k planlar\u0131ndan imtina edib v\u0259 bunun \u0259v\u0259zin\u0259 sammitd\u0259 daha yoxsul \u00f6lk\u0259l\u0259rd\u0259 ya\u015f\u0131l s\u0259rmay\u0259l\u0259r \u00fc\u00e7\u00fcn yeni fond yaratma\u011f\u0131 h\u0259d\u0259fl\u0259yib\u201d, \u2013 o qeyd edib.<\/p>\n<p>Anonimlik \u015f\u0259rti il\u0259 dan\u0131\u015fan m\u0259nb\u0259 bildirib ki, Az\u0259rbaycan iqlim d\u0259yi\u015fikliyi il\u0259 m\u00fcbariz\u0259y\u0259 v\u0259sait toplamaq \u00fc\u00e7\u00fcn ilkin olaraq qal\u0131q yanacaq istehsal\u0131na y\u0131\u011f\u0131m t\u0259tbiq etm\u0259k ideyas\u0131n\u0131 n\u0259z\u0259rd\u0259n ke\u00e7irs\u0259 d\u0259, bu m\u0259s\u0259l\u0259d\u0259 b\u0259zi \u00f6lk\u0259l\u0259rin naraz\u0131l\u0131\u011f\u0131 il\u0259 \u00fczl\u0259\u015fib.<\/p>\n<p>\u201cBizim maraql\u0131 t\u0259r\u0259fl\u0259rl\u0259 \u2013 dig\u0259r potensial ian\u0259\u00e7il\u0259r il\u0259 \u2013 bir ne\u00e7\u0259 raund dan\u0131\u015f\u0131qlar\u0131m\u0131z olub v\u0259 biz fond ideyas\u0131n\u0131 potensial ian\u0259\u00e7il\u0259r\u0259 c\u0259lbedici etm\u0259k \u00fc\u00e7\u00fcn ona d\u00fcz\u0259li\u015f etm\u0259li olduq\u201d, \u2013 m\u0259nb\u0259 vur\u011fulay\u0131b.<\/p>\n<p>M\u0259nb\u0259l\u0259rin s\u00f6zl\u0259rin\u0259 g\u00f6r\u0259, \u201cAz\u0259rbaycan bu fondun \u0259sas t\u00f6hf\u0259\u00e7il\u0259rind\u0259n biri olacaq\u201d. Onlar \u0259lav\u0259 edibl\u0259r ki, fond h\u0259m\u00e7inin dig\u0259r qal\u0131q yanacaq istehsal ed\u0259n \u00f6lk\u0259l\u0259rd\u0259n k\u00f6n\u00fcll\u00fc t\u00f6hf\u0259l\u0259r axtaracaq.<\/p>\n<p>M\u00fczakir\u0259l\u0259rl\u0259 tan\u0131\u015f olan dig\u0259r m\u0259nb\u0259l\u0259r \u201cReuters\u201d\u0259 deyibl\u0259r ki, neft v\u0259 qaz hasil ed\u0259n K\u00f6rf\u0259z \u00f6lk\u0259l\u0259ri y\u0131\u011f\u0131m\u0131n ilkin ideyas\u0131na qar\u015f\u0131 \u00e7\u0131x\u0131blar.<\/p>\n<p>COP29 m\u0259nb\u0259si s\u00f6yl\u0259yib ki, yenid\u0259n i\u015fl\u0259nmi\u015f t\u0259klif noyabr ay\u0131nda ke\u00e7iril\u0259c\u0259k COP29 sammiti zaman\u0131 fondun yarad\u0131lmas\u0131n\u0131 v\u0259 inki\u015faf etm\u0259kd\u0259 olan \u00f6lk\u0259l\u0259r\u0259 emissiyalar\u0131 azaltmaq v\u0259 pisl\u0259\u015f\u0259n iqlim d\u0259yi\u015fikliyi il\u0259 m\u00fcbariz\u0259 aparma\u011fa k\u00f6m\u0259k etm\u0259k m\u0259qs\u0259dil\u0259 investisiyalar\u0131n riskini azaltmaq \u00fc\u00e7\u00fcn d\u00f6vl\u0259t-\u00f6z\u0259l t\u0259r\u0259fda\u015fl\u0131qdan istifad\u0259 etm\u0259yi h\u0259d\u0259fl\u0259y\u0259c\u0259k.<\/p>\n<p>Yoxsul \u00f6lk\u0259l\u0259r y\u00fcks\u0259k faiz d\u0259r\u0259c\u0259l\u0259ri v\u0259 daxili borc y\u00fck\u00fc kimi probleml\u0259r\u0259 g\u00f6r\u0259 t\u0259miz enerjiy\u0259 investisiya c\u0259lb etm\u0259kd\u0259 \u00e7\u0259tinlik \u00e7\u0259kirl\u0259r. Beyn\u0259lxalq B\u0259rpa Olunan Enerji Agentliyinin m\u0259lumat\u0131na g\u00f6r\u0259, Afrika son iki onillikd\u0259 b\u0259rpa olunan enerjiy\u0259 qlobal investisiyalar\u0131n yaln\u0131z iki faizini al\u0131b.<\/p>\n<p>\u201cReuters\u201d qeyd edib ki, noyabrda ke\u00e7iril\u0259c\u0259k COP29 iqlim dan\u0131\u015f\u0131qlar\u0131nda maliyy\u0259 m\u0259s\u0259l\u0259si \u00fcst\u00fcnl\u00fck t\u0259\u015fkil ed\u0259c\u0259k v\u0259 burada \u00f6lk\u0259l\u0259r 2025-ci ild\u0259n z\u0259ngin d\u00f6vl\u0259tl\u0259rin h\u0259r il daha yoxsul \u00f6lk\u0259l\u0259r\u0259 k\u00f6\u00e7\u00fcr\u0259c\u0259kl\u0259ri iqlim maliyy\u0259si \u00fc\u00e7\u00fcn yeni qlobal h\u0259d\u0259fi raz\u0131la\u015fd\u0131rma\u011fa \u00e7al\u0131\u015facaqlar.<\/p>\n","protected":false},"excerpt":{"rendered":"<p>Az\u0259rbaycan yoxsul \u00f6lk\u0259l\u0259rd\u0259 ya\u015f\u0131l s\u0259rmay\u0259l\u0259r \u00fc\u00e7\u00fcn yeni fond yaratma\u011f\u0131 planla\u015fd\u0131r\u0131r. \u201cReport\u201d x\u0259b\u0259r verir ki, bu bar\u0259d\u0259 \u201cReuters\u201d\u0259 m\u0259nb\u0259 bildirib. \u201cBMT-nin COP29 iqlim sammitin\u0259 ev sahibliyi ed\u0259n Az\u0259rbaycan iqlim d\u0259yi\u015fikliyi il\u0259 ba\u011fl\u0131 maliyy\u0259l\u0259\u015fm\u0259ni art\u0131rmaq \u00fc\u00e7\u00fcn qal\u0131q yanacaq istehsal\u00e7\u0131lar\u0131na y\u0131\u011f\u0131m t\u0259tbiq etm\u0259k planlar\u0131ndan imtina edib v\u0259 bunun \u0259v\u0259zin\u0259 sammitd\u0259 daha yoxsul \u00f6lk\u0259l\u0259rd\u0259 ya\u015f\u0131l s\u0259rmay\u0259l\u0259r \u00fc\u00e7\u00fcn yeni fond yaratma\u011f\u0131 h\u0259d\u0259fl\u0259yib\u201d, \u2013 o qeyd edib. Anonimlik \u015f\u0259rti il\u0259 dan\u0131\u015fan m\u0259nb\u0259 bildirib ki, Az\u0259rbaycan iqlim d\u0259yi\u015fikliyi il\u0259 m\u00fcbariz\u0259y\u0259 v\u0259sait toplamaq \u00fc\u00e7\u00fcn ilkin olaraq qal\u0131q yanacaq istehsal\u0131na y\u0131\u011f\u0131m t\u0259tbiq etm\u0259k ideyas\u0131n\u0131 n\u0259z\u0259rd\u0259n ke\u00e7irs\u0259 d\u0259, bu m\u0259s\u0259l\u0259d\u0259&hellip;<\/p>\n","protected":false},"author":2,"featured_media":736340,"comment_status":"closed","ping_status":"closed","sticky":false,"template":"","format":"standard","meta":{"om_disable_all_campaigns":false,"_monsterinsights_skip_tracking":false,"_monsterinsights_sitenote_active":false,"_monsterinsights_sitenote_note":"","_monsterinsights_sitenote_category":0},"categories":[19],"tags":[],"aioseo_notices":[],"gutentor_comment":0,"rttpg_featured_image_url":{"full":["https:\/\/arantv.az\/wp-content\/uploads\/2024\/07\/4aed76ca379ef90f717e3e6e2dc45bb2.jpg",850,500,false],"landscape":["https:\/\/arantv.az\/wp-content\/uploads\/2024\/07\/4aed76ca379ef90f717e3e6e2dc45bb2.jpg",850,500,false],"portraits":["https:\/\/arantv.az\/wp-content\/uploads\/2024\/07\/4aed76ca379ef90f717e3e6e2dc45bb2.jpg",850,500,false],"thumbnail":["https:\/\/arantv.az\/wp-content\/uploads\/2024\/07\/4aed76ca379ef90f717e3e6e2dc45bb2-500x280.jpg",500,280,true],"medium":["https:\/\/arantv.az\/wp-content\/uploads\/2024\/07\/4aed76ca379ef90f717e3e6e2dc45bb2-621x365.jpg",621,365,true],"large":["https:\/\/arantv.az\/wp-content\/uploads\/2024\/07\/4aed76ca379ef90f717e3e6e2dc45bb2-840x494.jpg",640,376,true],"1536x1536":["https:\/\/arantv.az\/wp-content\/uploads\/2024\/07\/4aed76ca379ef90f717e3e6e2dc45bb2.jpg",850,500,false],"2048x2048":["https:\/\/arantv.az\/wp-content\/uploads\/2024\/07\/4aed76ca379ef90f717e3e6e2dc45bb2.jpg",850,500,false],"post-thumbnail":["https:\/\/arantv.az\/wp-content\/uploads\/2024\/07\/4aed76ca379ef90f717e3e6e2dc45bb2-240x172.jpg",240,172,true],"advps-thumb-one":["https:\/\/arantv.az\/wp-content\/uploads\/2024\/07\/4aed76ca379ef90f717e3e6e2dc45bb2.jpg",850,500,false]},"rttpg_author":{"display_name":"V\u00fcsal Rafiqo\u011flu","author_link":"https:\/\/arantv.az\/?author=2"},"rttpg_comment":0,"rttpg_category":"<a href=\"https:\/\/arantv.az\/?cat=19\" rel=\"category\">G\u00fcnd\u0259m<\/a>","rttpg_excerpt":"Az\u0259rbaycan yoxsul \u00f6lk\u0259l\u0259rd\u0259 ya\u015f\u0131l s\u0259rmay\u0259l\u0259r \u00fc\u00e7\u00fcn yeni fond yaratma\u011f\u0131 planla\u015fd\u0131r\u0131r. \u201cReport\u201d x\u0259b\u0259r verir ki, bu bar\u0259d\u0259 \u201cReuters\u201d\u0259 m\u0259nb\u0259 bildirib. \u201cBMT-nin COP29 iqlim sammitin\u0259 ev sahibliyi ed\u0259n Az\u0259rbaycan iqlim d\u0259yi\u015fikliyi il\u0259 ba\u011fl\u0131 maliyy\u0259l\u0259\u015fm\u0259ni art\u0131rmaq \u00fc\u00e7\u00fcn qal\u0131q yanacaq istehsal\u00e7\u0131lar\u0131na y\u0131\u011f\u0131m t\u0259tbiq etm\u0259k planlar\u0131ndan imtina edib v\u0259 bunun \u0259v\u0259zin\u0259 sammitd\u0259 daha yoxsul \u00f6lk\u0259l\u0259rd\u0259 ya\u015f\u0131l s\u0259rmay\u0259l\u0259r \u00fc\u00e7\u00fcn yeni fond&hellip;","_links":{"self":[{"href":"https:\/\/arantv.az\/index.php?rest_route=\/wp\/v2\/posts\/736339"}],"collection":[{"href":"https:\/\/arantv.az\/index.php?rest_route=\/wp\/v2\/posts"}],"about":[{"href":"https:\/\/arantv.az\/index.php?rest_route=\/wp\/v2\/types\/post"}],"author":[{"embeddable":true,"href":"https:\/\/arantv.az\/index.php?rest_route=\/wp\/v2\/users\/2"}],"replies":[{"embeddable":true,"href":"https:\/\/arantv.az\/index.php?rest_route=%2Fwp%2Fv2%2Fcomments&post=736339"}],"version-history":[{"count":0,"href":"https:\/\/arantv.az\/index.php?rest_route=\/wp\/v2\/posts\/736339\/revisions"}],"wp:featuredmedia":[{"embeddable":true,"href":"https:\/\/arantv.az\/index.php?rest_route=\/wp\/v2\/media\/736340"}],"wp:attachment":[{"href":"https:\/\/arantv.az\/index.php?rest_route=%2Fwp%2Fv2%2Fmedia&parent=736339"}],"wp:term":[{"taxonomy":"category","embeddable":true,"href":"https:\/\/arantv.az\/index.php?rest_route=%2Fwp%2Fv2%2Fcategories&post=736339"},{"taxonomy":"post_tag","embeddable":true,"href":"https:\/\/arantv.az\/index.php?rest_route=%2Fwp%2Fv2%2Ftags&post=736339"}],"curies":[{"name":"wp","href":"https:\/\/api.w.org\/{rel}","templated":true}]}}