{"id":736439,"date":"2024-07-11T11:49:09","date_gmt":"2024-07-11T07:49:09","guid":{"rendered":"https:\/\/arantv.az\/?p=736439"},"modified":"2024-07-11T11:49:09","modified_gmt":"2024-07-11T07:49:09","slug":"x%c9%99rc%c9%99ng%c9%99-tutulan-qazi-v%c9%99fat-etdi","status":"publish","type":"post","link":"https:\/\/arantv.az\/?p=736439","title":{"rendered":"X\u0259r\u00e7\u0259ng\u0259 tutulan qazi v\u0259fat etdi"},"content":{"rendered":"<p>\u00d6t\u0259n g\u00fcn haqq\u0131nda m\u0259lumat payla\u015fd\u0131\u011f\u0131m\u0131z k\u0259skin lemfoblast leykoz x\u0259st\u0259liyind\u0259n \u0259ziyy\u0259t \u00e7\u0259k\u0259n ke\u00e7mi\u015f h\u0259rb\u00e7i, Tovuz rayon Vahidli k\u0259nd sakini Aslanov S\u0259xav\u0259t Tahir o\u011flu v\u0259fat edib.<\/p>\n<p>Bu bar\u0259d\u0259 \u201cQafqazinfo\u201dya onun yax\u0131nlar\u0131 m\u0259lumat verib.<\/p>\n<p>Qeyd ed\u0259k ki, 31 ya\u015fl\u0131 S\u0259xav\u0259t evli idi v\u0259 3 \u00f6vlad\u0131 var. O, Tovuz rayon Qaraqaya y\u00fcks\u0259kliyi u\u011frunda ged\u0259n d\u00f6y\u00fc\u015fl\u0259rd\u0259, 44 g\u00fcnl\u00fck V\u0259t\u0259n m\u00fcharib\u0259sind\u0259 i\u015ftirak edib. \u201cV\u0259t\u0259n M\u00fcharib\u0259si \u0130\u015ftirak\u00e7\u0131s\u0131\u201d v\u0259 \u201cK\u0259lb\u0259c\u0259rin azad olunmas\u0131na g\u00f6r\u0259\u201d medallar\u0131 il\u0259 t\u0259ltif olunub.<\/p>\n","protected":false},"excerpt":{"rendered":"<p>\u00d6t\u0259n g\u00fcn haqq\u0131nda m\u0259lumat payla\u015fd\u0131\u011f\u0131m\u0131z k\u0259skin lemfoblast leykoz x\u0259st\u0259liyind\u0259n \u0259ziyy\u0259t \u00e7\u0259k\u0259n ke\u00e7mi\u015f h\u0259rb\u00e7i, Tovuz rayon Vahidli k\u0259nd sakini Aslanov S\u0259xav\u0259t Tahir o\u011flu v\u0259fat edib. Bu bar\u0259d\u0259 \u201cQafqazinfo\u201dya onun yax\u0131nlar\u0131 m\u0259lumat verib. Qeyd ed\u0259k ki, 31 ya\u015fl\u0131 S\u0259xav\u0259t evli idi v\u0259 3 \u00f6vlad\u0131 var. O, Tovuz rayon Qaraqaya y\u00fcks\u0259kliyi u\u011frunda ged\u0259n d\u00f6y\u00fc\u015fl\u0259rd\u0259, 44 g\u00fcnl\u00fck V\u0259t\u0259n m\u00fcharib\u0259sind\u0259 i\u015ftirak edib. \u201cV\u0259t\u0259n M\u00fcharib\u0259si \u0130\u015ftirak\u00e7\u0131s\u0131\u201d v\u0259 \u201cK\u0259lb\u0259c\u0259rin azad olunmas\u0131na g\u00f6r\u0259\u201d medallar\u0131 il\u0259 t\u0259ltif olunub.<\/p>\n","protected":false},"author":2,"featured_media":736440,"comment_status":"closed","ping_status":"closed","sticky":false,"template":"","format":"standard","meta":{"om_disable_all_campaigns":false,"_monsterinsights_skip_tracking":false,"_monsterinsights_sitenote_active":false,"_monsterinsights_sitenote_note":"","_monsterinsights_sitenote_category":0},"categories":[1],"tags":[],"aioseo_notices":[],"gutentor_comment":0,"rttpg_featured_image_url":{"full":["https:\/\/arantv.az\/wp-content\/uploads\/2024\/07\/419b0aabc26a6b85450d78666adfebbc.jpg",637,400,false],"landscape":["https:\/\/arantv.az\/wp-content\/uploads\/2024\/07\/419b0aabc26a6b85450d78666adfebbc.jpg",637,400,false],"portraits":["https:\/\/arantv.az\/wp-content\/uploads\/2024\/07\/419b0aabc26a6b85450d78666adfebbc.jpg",637,400,false],"thumbnail":["https:\/\/arantv.az\/wp-content\/uploads\/2024\/07\/419b0aabc26a6b85450d78666adfebbc-500x280.jpg",500,280,true],"medium":["https:\/\/arantv.az\/wp-content\/uploads\/2024\/07\/419b0aabc26a6b85450d78666adfebbc-581x365.jpg",581,365,true],"large":["https:\/\/arantv.az\/wp-content\/uploads\/2024\/07\/419b0aabc26a6b85450d78666adfebbc.jpg",637,400,false],"1536x1536":["https:\/\/arantv.az\/wp-content\/uploads\/2024\/07\/419b0aabc26a6b85450d78666adfebbc.jpg",637,400,false],"2048x2048":["https:\/\/arantv.az\/wp-content\/uploads\/2024\/07\/419b0aabc26a6b85450d78666adfebbc.jpg",637,400,false],"post-thumbnail":["https:\/\/arantv.az\/wp-content\/uploads\/2024\/07\/419b0aabc26a6b85450d78666adfebbc-240x172.jpg",240,172,true],"advps-thumb-one":["https:\/\/arantv.az\/wp-content\/uploads\/2024\/07\/419b0aabc26a6b85450d78666adfebbc.jpg",637,400,false]},"rttpg_author":{"display_name":"V\u00fcsal Rafiqo\u011flu","author_link":"https:\/\/arantv.az\/?author=2"},"rttpg_comment":0,"rttpg_category":"<a href=\"https:\/\/arantv.az\/?cat=1\" rel=\"category\">C\u0259miyy\u0259t<\/a>","rttpg_excerpt":"\u00d6t\u0259n g\u00fcn haqq\u0131nda m\u0259lumat payla\u015fd\u0131\u011f\u0131m\u0131z k\u0259skin lemfoblast leykoz x\u0259st\u0259liyind\u0259n \u0259ziyy\u0259t \u00e7\u0259k\u0259n ke\u00e7mi\u015f h\u0259rb\u00e7i, Tovuz rayon Vahidli k\u0259nd sakini Aslanov S\u0259xav\u0259t Tahir o\u011flu v\u0259fat edib. Bu bar\u0259d\u0259 \u201cQafqazinfo\u201dya onun yax\u0131nlar\u0131 m\u0259lumat verib. Qeyd ed\u0259k ki, 31 ya\u015fl\u0131 S\u0259xav\u0259t evli idi v\u0259 3 \u00f6vlad\u0131 var. O, Tovuz rayon Qaraqaya y\u00fcks\u0259kliyi u\u011frunda ged\u0259n d\u00f6y\u00fc\u015fl\u0259rd\u0259, 44 g\u00fcnl\u00fck V\u0259t\u0259n m\u00fcharib\u0259sind\u0259&hellip;","_links":{"self":[{"href":"https:\/\/arantv.az\/index.php?rest_route=\/wp\/v2\/posts\/736439"}],"collection":[{"href":"https:\/\/arantv.az\/index.php?rest_route=\/wp\/v2\/posts"}],"about":[{"href":"https:\/\/arantv.az\/index.php?rest_route=\/wp\/v2\/types\/post"}],"author":[{"embeddable":true,"href":"https:\/\/arantv.az\/index.php?rest_route=\/wp\/v2\/users\/2"}],"replies":[{"embeddable":true,"href":"https:\/\/arantv.az\/index.php?rest_route=%2Fwp%2Fv2%2Fcomments&post=736439"}],"version-history":[{"count":0,"href":"https:\/\/arantv.az\/index.php?rest_route=\/wp\/v2\/posts\/736439\/revisions"}],"wp:featuredmedia":[{"embeddable":true,"href":"https:\/\/arantv.az\/index.php?rest_route=\/wp\/v2\/media\/736440"}],"wp:attachment":[{"href":"https:\/\/arantv.az\/index.php?rest_route=%2Fwp%2Fv2%2Fmedia&parent=736439"}],"wp:term":[{"taxonomy":"category","embeddable":true,"href":"https:\/\/arantv.az\/index.php?rest_route=%2Fwp%2Fv2%2Fcategories&post=736439"},{"taxonomy":"post_tag","embeddable":true,"href":"https:\/\/arantv.az\/index.php?rest_route=%2Fwp%2Fv2%2Ftags&post=736439"}],"curies":[{"name":"wp","href":"https:\/\/api.w.org\/{rel}","templated":true}]}}