{"id":736445,"date":"2024-07-11T11:50:20","date_gmt":"2024-07-11T07:50:20","guid":{"rendered":"https:\/\/arantv.az\/?p=736445"},"modified":"2024-07-11T11:50:20","modified_gmt":"2024-07-11T07:50:20","slug":"%c9%99m%c9%99k-pensiyasi-il%c9%99-bagli-vacib-q%c9%99rar-h%c9%99r-k%c9%99s-oxusun","status":"publish","type":"post","link":"https:\/\/arantv.az\/?p=736445","title":{"rendered":"\u018fm\u0259k pensiyas\u0131 il\u0259 ba\u011fl\u0131 VAC\u0130B Q\u018fRAR- H\u0259r k\u0259s oxusun&#8230;"},"content":{"rendered":"<p>&#8220;Nazirl\u0259r Kabinetinin son q\u0259rar\u0131 &#8220;\u018fm\u0259k pensiyalar\u0131 haqq\u0131nda&#8221; Qanunda m\u00fczakir\u0259 edil\u0259n d\u0259yi\u015fiklikl\u0259r il\u0259 ba\u011fl\u0131d\u0131r v\u0259 bununla da pensiyalar\u0131n hesablanmas\u0131 qaydas\u0131na \u0259lav\u0259l\u0259r edilir&#8221;.<\/p>\n<p><b>ARANTV.AZ <\/b>x\u0259b\u0259r verir ki, bu fikirl\u0259ri VI \u00e7a\u011f\u0131r\u0131\u015f Milli M\u0259clisin deputat\u0131 V\u00fcqar Bayramov sosial media hesab\u0131nda bildirib:<\/p>\n<p>&#8220;Nazirl\u0259r Kabinetinin t\u0259sdiq etdiyi yeni qaydalar pensiyalar hesablanan zaman h\u0259rbi qulluq\u00e7ular\u0131m\u0131z \u00fc\u00e7\u00fcn xidm\u0259ti ya\u015f\u0131n\u0131n d\u0259yi\u015fdirilm\u0259sini n\u0259z\u0259rd\u0259 tutmaqla yana\u015f\u0131 qanunverici d\u0259yi\u015fiklikl\u0259r pensiya m\u0259bl\u0259\u011fl\u0259rinin hesablanmas\u0131 mexanizmini d\u0259 yenil\u0259yir.<\/p>\n<p>&#8220;\u018fm\u0259k pensiyalar\u0131 haqq\u0131nda&#8221; Qanunda edil\u0259n d\u0259yi\u015fiklikl\u0259r\u0259 \u0259sas\u0259n, minimum xidm\u0259t m\u00fcdd\u0259tin\u0259 g\u00f6r\u0259 qulluq staj\u0131na g\u00f6r\u0259 \u0259lav\u0259nin faizi 50-d\u0259n 65-\u0259 qald\u0131r\u0131l\u0131r. Eyni zamanda, 25 ild\u0259n yuxar\u0131 h\u0259rbi xidm\u0259tin h\u0259r ili \u00fc\u00e7\u00fcn m\u00fcvafiq t\u0259minat x\u0259rcliyinin &#8211; 2 faizi (m\u00fcdafi\u0259 sistemind\u0259 xidm\u0259t ed\u0259n \u015f\u0259xsl\u0259r \u00fczr\u0259 is\u0259 &#8211; 3 faizi) miqdar\u0131nda \u0259lav\u0259 olunacaq. Bu o dem\u0259kdir ki, \u0259g\u0259r \u0259vv\u0259lki qaydalar il\u0259 qulluq staj\u0131na g\u00f6r\u0259 \u0259lav\u0259nin 50 faizi g\u00f6t\u00fcr\u00fcl\u0259r\u0259k pensiya m\u0259bl\u0259\u011fi hesablan\u0131rd\u0131sa, yeni d\u0259yi\u015fiklikl\u0259r il\u0259 bu r\u0259q\u0259m 65 faiz olacaq. Bu da birba\u015fa pensiya m\u0259bl\u0259\u011finin artmas\u0131na xidm\u0259t ed\u0259c\u0259k. Bu o dem\u0259kdir, bu \u015f\u0259rtl\u0259rl\u0259 daxilind\u0259 pensiyaya \u00e7\u0131xan h\u0259rb\u00e7il\u0259rimizin pensiyalar\u0131nda art\u0131m olacaq.<\/p>\n<p>D\u0259yi\u015fiklikl\u0259r\u0259 \u0259sas\u0259n, 1 yanvar 2024-c\u00fc il\u0259d\u0259k xidm\u0259t m\u00fcdd\u0259tinin \u0259n az\u0131 17 il tamam olan h\u0259rb\u00e7il\u0259rimiz 20 il tamam olandan sonra pensiyaya \u00e7\u0131xa bil\u0259rl\u0259r. Y\u0259ni, \u0259g\u0259r h\u0259rb\u00e7imiz 17, 18 v\u0259 ya 19 il qulluq edibs\u0259 v\u0259 yeni d\u0259yi\u015fiklikl\u0259rd\u0259n sonra 25 deyil, 20 xidm\u0259t ilind\u0259n sonra pensiyaya \u00e7\u0131xmaq ist\u0259yirs\u0259, qanun buna imkan yaradacaq. Bu zaman h\u0259rb\u00e7imiz \u00f6z ist\u0259yind\u0259n as\u0131l\u0131 olaraq ya 20 xidm\u0259t ili tamam olanda da pensiyaya \u00e7\u0131xa v\u0259 ya 25 il qulluq edib daha y\u00fcks\u0259k m\u0259bl\u0259\u011f il\u0259 pensiya h\u00fcququ qazana bil\u0259r. Bununla da pensiyaya \u00e7\u0131xma\u011fa 3 ili qalan h\u0259rb\u00e7il\u0259rimiz \u00fc\u00e7\u00fcn se\u00e7im t\u0259klif olunur v\u0259 qulluq m\u00fcdd\u0259ti il\u0259 ba\u011fl\u0131 d\u0259yi\u015fiklikl\u0259r onlara t\u0259sir etmir&#8221;.<\/p>\n<p>Dig\u0259r t\u0259r\u0259fd\u0259n, m\u00fcdd\u0259td\u0259n art\u0131q h\u0259qiqi h\u0259rbi xidm\u0259t h\u0259rbi qulluq\u00e7ular\u0131, gizirl\u0259r v\u0259 mi\u00e7manlar \u00fc\u00e7\u00fcn dinc d\u00f6vrd\u0259 h\u0259qiqi h\u0259rbi xidm\u0259td\u0259 olma\u011f\u0131n son ya\u015f h\u0259ddinin 45-d\u0259n 48-\u0259 art\u0131r\u0131l\u0131r.<\/p>\n<p>Bu d\u0259yi\u015fikliyin \u0259sas m\u0259qs\u0259di ad\u0131\u00e7\u0259kil\u0259n h\u0259rbi qulluq\u00e7ular\u0131n h\u0259rbi qulluq\u00e7u kimi pensiyaya \u00e7\u0131xmaq \u00fc\u00e7\u00fcn minimum xidm\u0259tke\u00e7m\u0259 m\u00fcdd\u0259tind\u0259 (25 t\u0259qvim ili \u0259rzind\u0259) h\u0259rbi xidm\u0259td\u0259 olmalar\u0131n\u0131n t\u0259min edilm\u0259si, habel\u0259 onlar\u0131n t\u0259cr\u00fcb\u0259sind\u0259n daha s\u0259m\u0259r\u0259li v\u0259 uzun m\u00fcdd\u0259t yararlanmaqd\u0131r&#8221;.<\/p>\n","protected":false},"excerpt":{"rendered":"<p>&#8220;Nazirl\u0259r Kabinetinin son q\u0259rar\u0131 &#8220;\u018fm\u0259k pensiyalar\u0131 haqq\u0131nda&#8221; Qanunda m\u00fczakir\u0259 edil\u0259n d\u0259yi\u015fiklikl\u0259r il\u0259 ba\u011fl\u0131d\u0131r v\u0259 bununla da pensiyalar\u0131n hesablanmas\u0131 qaydas\u0131na \u0259lav\u0259l\u0259r edilir&#8221;. ARANTV.AZ x\u0259b\u0259r verir ki, bu fikirl\u0259ri VI \u00e7a\u011f\u0131r\u0131\u015f Milli M\u0259clisin deputat\u0131 V\u00fcqar Bayramov sosial media hesab\u0131nda bildirib: &#8220;Nazirl\u0259r Kabinetinin t\u0259sdiq etdiyi yeni qaydalar pensiyalar hesablanan zaman h\u0259rbi qulluq\u00e7ular\u0131m\u0131z \u00fc\u00e7\u00fcn xidm\u0259ti ya\u015f\u0131n\u0131n d\u0259yi\u015fdirilm\u0259sini n\u0259z\u0259rd\u0259 tutmaqla yana\u015f\u0131 qanunverici d\u0259yi\u015fiklikl\u0259r pensiya m\u0259bl\u0259\u011fl\u0259rinin hesablanmas\u0131 mexanizmini d\u0259 yenil\u0259yir. &#8220;\u018fm\u0259k pensiyalar\u0131 haqq\u0131nda&#8221; Qanunda edil\u0259n d\u0259yi\u015fiklikl\u0259r\u0259 \u0259sas\u0259n, minimum xidm\u0259t m\u00fcdd\u0259tin\u0259 g\u00f6r\u0259 qulluq staj\u0131na g\u00f6r\u0259 \u0259lav\u0259nin faizi 50-d\u0259n 65-\u0259 qald\u0131r\u0131l\u0131r. Eyni zamanda, 25 ild\u0259n yuxar\u0131 h\u0259rbi xidm\u0259tin&hellip;<\/p>\n","protected":false},"author":2,"featured_media":736446,"comment_status":"closed","ping_status":"closed","sticky":false,"template":"","format":"standard","meta":{"om_disable_all_campaigns":false,"_monsterinsights_skip_tracking":false,"_monsterinsights_sitenote_active":false,"_monsterinsights_sitenote_note":"","_monsterinsights_sitenote_category":0},"categories":[1],"tags":[],"aioseo_notices":[],"gutentor_comment":0,"rttpg_featured_image_url":{"full":["https:\/\/arantv.az\/wp-content\/uploads\/2024\/07\/b3a26420f9fe6dfbc69794a74889e243.jpg",870,500,false],"landscape":["https:\/\/arantv.az\/wp-content\/uploads\/2024\/07\/b3a26420f9fe6dfbc69794a74889e243.jpg",870,500,false],"portraits":["https:\/\/arantv.az\/wp-content\/uploads\/2024\/07\/b3a26420f9fe6dfbc69794a74889e243.jpg",870,500,false],"thumbnail":["https:\/\/arantv.az\/wp-content\/uploads\/2024\/07\/b3a26420f9fe6dfbc69794a74889e243-500x280.jpg",500,280,true],"medium":["https:\/\/arantv.az\/wp-content\/uploads\/2024\/07\/b3a26420f9fe6dfbc69794a74889e243-635x365.jpg",635,365,true],"large":["https:\/\/arantv.az\/wp-content\/uploads\/2024\/07\/b3a26420f9fe6dfbc69794a74889e243-840x483.jpg",640,368,true],"1536x1536":["https:\/\/arantv.az\/wp-content\/uploads\/2024\/07\/b3a26420f9fe6dfbc69794a74889e243.jpg",870,500,false],"2048x2048":["https:\/\/arantv.az\/wp-content\/uploads\/2024\/07\/b3a26420f9fe6dfbc69794a74889e243.jpg",870,500,false],"post-thumbnail":["https:\/\/arantv.az\/wp-content\/uploads\/2024\/07\/b3a26420f9fe6dfbc69794a74889e243-240x172.jpg",240,172,true],"advps-thumb-one":["https:\/\/arantv.az\/wp-content\/uploads\/2024\/07\/b3a26420f9fe6dfbc69794a74889e243.jpg",870,500,false]},"rttpg_author":{"display_name":"V\u00fcsal Rafiqo\u011flu","author_link":"https:\/\/arantv.az\/?author=2"},"rttpg_comment":0,"rttpg_category":"<a href=\"https:\/\/arantv.az\/?cat=1\" rel=\"category\">C\u0259miyy\u0259t<\/a>","rttpg_excerpt":"&#8220;Nazirl\u0259r Kabinetinin son q\u0259rar\u0131 &#8220;\u018fm\u0259k pensiyalar\u0131 haqq\u0131nda&#8221; Qanunda m\u00fczakir\u0259 edil\u0259n d\u0259yi\u015fiklikl\u0259r il\u0259 ba\u011fl\u0131d\u0131r v\u0259 bununla da pensiyalar\u0131n hesablanmas\u0131 qaydas\u0131na \u0259lav\u0259l\u0259r edilir&#8221;. ARANTV.AZ x\u0259b\u0259r verir ki, bu fikirl\u0259ri VI \u00e7a\u011f\u0131r\u0131\u015f Milli M\u0259clisin deputat\u0131 V\u00fcqar Bayramov sosial media hesab\u0131nda bildirib: &#8220;Nazirl\u0259r Kabinetinin t\u0259sdiq etdiyi yeni qaydalar pensiyalar hesablanan zaman h\u0259rbi qulluq\u00e7ular\u0131m\u0131z \u00fc\u00e7\u00fcn xidm\u0259ti ya\u015f\u0131n\u0131n d\u0259yi\u015fdirilm\u0259sini n\u0259z\u0259rd\u0259 tutmaqla&hellip;","_links":{"self":[{"href":"https:\/\/arantv.az\/index.php?rest_route=\/wp\/v2\/posts\/736445"}],"collection":[{"href":"https:\/\/arantv.az\/index.php?rest_route=\/wp\/v2\/posts"}],"about":[{"href":"https:\/\/arantv.az\/index.php?rest_route=\/wp\/v2\/types\/post"}],"author":[{"embeddable":true,"href":"https:\/\/arantv.az\/index.php?rest_route=\/wp\/v2\/users\/2"}],"replies":[{"embeddable":true,"href":"https:\/\/arantv.az\/index.php?rest_route=%2Fwp%2Fv2%2Fcomments&post=736445"}],"version-history":[{"count":0,"href":"https:\/\/arantv.az\/index.php?rest_route=\/wp\/v2\/posts\/736445\/revisions"}],"wp:featuredmedia":[{"embeddable":true,"href":"https:\/\/arantv.az\/index.php?rest_route=\/wp\/v2\/media\/736446"}],"wp:attachment":[{"href":"https:\/\/arantv.az\/index.php?rest_route=%2Fwp%2Fv2%2Fmedia&parent=736445"}],"wp:term":[{"taxonomy":"category","embeddable":true,"href":"https:\/\/arantv.az\/index.php?rest_route=%2Fwp%2Fv2%2Fcategories&post=736445"},{"taxonomy":"post_tag","embeddable":true,"href":"https:\/\/arantv.az\/index.php?rest_route=%2Fwp%2Fv2%2Ftags&post=736445"}],"curies":[{"name":"wp","href":"https:\/\/api.w.org\/{rel}","templated":true}]}}