{"id":736458,"date":"2024-07-11T11:55:15","date_gmt":"2024-07-11T07:55:15","guid":{"rendered":"https:\/\/arantv.az\/?p=736458"},"modified":"2024-07-11T11:55:15","modified_gmt":"2024-07-11T07:55:15","slug":"usaqlari-t%c9%99ziy%c9%99-m%c9%99clisl%c9%99rin%c9%99-aparmayin-r%c9%99smi-muraci%c9%99t","status":"publish","type":"post","link":"https:\/\/arantv.az\/?p=736458","title":{"rendered":"\u201cU\u015faqlar\u0131 t\u0259ziy\u0259 m\u0259clisl\u0259rin\u0259 aparmay\u0131n\u201d &#8211; R\u0259smi m\u00fcraci\u0259t"},"content":{"rendered":"<p>Daxili \u0130\u015fl\u0259r Nazirliyi v\u0259 Dini Qurumlarla \u0130\u015f \u00fczr\u0259 D\u00f6vl\u0259t Komit\u0259si v\u0259t\u0259nda\u015flara m\u00fcraci\u0259t edib.<\/p>\n<p>H\u0259r iki qurumdan\u00a0<strong>Musavat.com<\/strong>-a daxil olan birg\u0259 m\u00fcraci\u0259td\u0259 deyilir:<\/p>\n<p>&#8220;Dini etiqad azadl\u0131\u011f\u0131 haqq\u0131nda&#8221; Qanuna \u0259sas\u0259n dini m\u0259rasiml\u0259r yaln\u0131z m\u0259scid v\u0259 ziyar\u0259tgahlar\u0131n \u0259razisind\u0259 ke\u00e7irilm\u0259lidir.<\/p>\n<p>B\u00fct\u00fcn m\u0259rasiml\u0259r zaman\u0131, o c\u00fcml\u0259d\u0259n cari ilin iyulun 7-d\u0259n ba\u015flayan M\u0259h\u0259rr\u0259m ay\u0131nda dini ibad\u0259t yerl\u0259rind\u0259 t\u0259hl\u00fck\u0259sizliyin t\u0259min edilm\u0259si v\u0259 yollarda n\u0259qliyyat\u0131n h\u0259r\u0259k\u0259tinin t\u0259nziml\u0259nm\u0259si \u00fc\u00e7\u00fcn m\u00fcvafiq t\u0259dbirl\u0259r g\u00f6r\u00fcl\u00fcr.<\/p>\n<p>B\u0259zi hallarda valideynl\u0259rin azya\u015fl\u0131 u\u015faqlar\u0131n\u0131 dini ayinl\u0259rin icra olundu\u011fu m\u0259kanlara aparmas\u0131 hallar\u0131 m\u00fc\u015fahid\u0259 olunur. Valideynl\u0259rd\u0259n xahi\u015f edirik ki, k\u00fctl\u0259vi m\u0259rasiml\u0259rin ke\u00e7irildiyi yerl\u0259rd\u0259, o c\u00fcml\u0259d\u0259n t\u0259ziy\u0259 m\u0259clisl\u0259rind\u0259 azya\u015fl\u0131 u\u015faqlar\u0131n i\u015ftirak\u0131n\u0131n onlar\u0131n t\u0259hl\u00fck\u0259sizliyi v\u0259 sa\u011flaml\u0131\u011f\u0131 bax\u0131m\u0131ndan m\u0259qs\u0259d\u0259uy\u011fun olmad\u0131\u011f\u0131n\u0131 n\u0259z\u0259r\u0259 als\u0131nlar, habel\u0259 qanunvericilikl\u0259 icaz\u0259 verilm\u0259y\u0259n hallara yol verilm\u0259m\u0259sin\u0259 diqq\u0259tl\u0259 yana\u015fs\u0131nlar.<\/p>\n<p>H\u0259r bir \u015f\u0259xsin h\u0259yat\u0131n\u0131n, sa\u011flaml\u0131\u011f\u0131n\u0131n, h\u00fcquqlar\u0131n\u0131n, qanuni m\u0259nafel\u0259rinin qorunmas\u0131 m\u0259qs\u0259di da\u015f\u0131yan bu m\u00fcraci\u0259t\u0259 h\u0259ssas yana\u015faca\u011f\u0131n\u0131za \u00fcmid edir, anlay\u0131\u015f\u0131n\u0131za g\u00f6r\u0259 t\u0259\u015f\u0259kk\u00fcr edirik&#8221;.<\/p>\n","protected":false},"excerpt":{"rendered":"<p>Daxili \u0130\u015fl\u0259r Nazirliyi v\u0259 Dini Qurumlarla \u0130\u015f \u00fczr\u0259 D\u00f6vl\u0259t Komit\u0259si v\u0259t\u0259nda\u015flara m\u00fcraci\u0259t edib. H\u0259r iki qurumdan\u00a0Musavat.com-a daxil olan birg\u0259 m\u00fcraci\u0259td\u0259 deyilir: &#8220;Dini etiqad azadl\u0131\u011f\u0131 haqq\u0131nda&#8221; Qanuna \u0259sas\u0259n dini m\u0259rasiml\u0259r yaln\u0131z m\u0259scid v\u0259 ziyar\u0259tgahlar\u0131n \u0259razisind\u0259 ke\u00e7irilm\u0259lidir. B\u00fct\u00fcn m\u0259rasiml\u0259r zaman\u0131, o c\u00fcml\u0259d\u0259n cari ilin iyulun 7-d\u0259n ba\u015flayan M\u0259h\u0259rr\u0259m ay\u0131nda dini ibad\u0259t yerl\u0259rind\u0259 t\u0259hl\u00fck\u0259sizliyin t\u0259min edilm\u0259si v\u0259 yollarda n\u0259qliyyat\u0131n h\u0259r\u0259k\u0259tinin t\u0259nziml\u0259nm\u0259si \u00fc\u00e7\u00fcn m\u00fcvafiq t\u0259dbirl\u0259r g\u00f6r\u00fcl\u00fcr. B\u0259zi hallarda valideynl\u0259rin azya\u015fl\u0131 u\u015faqlar\u0131n\u0131 dini ayinl\u0259rin icra olundu\u011fu m\u0259kanlara aparmas\u0131 hallar\u0131 m\u00fc\u015fahid\u0259 olunur. Valideynl\u0259rd\u0259n xahi\u015f edirik ki, k\u00fctl\u0259vi m\u0259rasiml\u0259rin ke\u00e7irildiyi yerl\u0259rd\u0259, o c\u00fcml\u0259d\u0259n t\u0259ziy\u0259 m\u0259clisl\u0259rind\u0259 azya\u015fl\u0131 u\u015faqlar\u0131n&hellip;<\/p>\n","protected":false},"author":2,"featured_media":736459,"comment_status":"closed","ping_status":"closed","sticky":false,"template":"","format":"standard","meta":{"om_disable_all_campaigns":false,"_monsterinsights_skip_tracking":false,"_monsterinsights_sitenote_active":false,"_monsterinsights_sitenote_note":"","_monsterinsights_sitenote_category":0},"categories":[1],"tags":[],"aioseo_notices":[],"gutentor_comment":0,"rttpg_featured_image_url":{"full":["https:\/\/arantv.az\/wp-content\/uploads\/2024\/07\/78e82caa5548f00105c0cf0e1cc48ad6.jpg",561,400,false],"landscape":["https:\/\/arantv.az\/wp-content\/uploads\/2024\/07\/78e82caa5548f00105c0cf0e1cc48ad6.jpg",561,400,false],"portraits":["https:\/\/arantv.az\/wp-content\/uploads\/2024\/07\/78e82caa5548f00105c0cf0e1cc48ad6.jpg",561,400,false],"thumbnail":["https:\/\/arantv.az\/wp-content\/uploads\/2024\/07\/78e82caa5548f00105c0cf0e1cc48ad6-500x280.jpg",500,280,true],"medium":["https:\/\/arantv.az\/wp-content\/uploads\/2024\/07\/78e82caa5548f00105c0cf0e1cc48ad6-512x365.jpg",512,365,true],"large":["https:\/\/arantv.az\/wp-content\/uploads\/2024\/07\/78e82caa5548f00105c0cf0e1cc48ad6.jpg",561,400,false],"1536x1536":["https:\/\/arantv.az\/wp-content\/uploads\/2024\/07\/78e82caa5548f00105c0cf0e1cc48ad6.jpg",561,400,false],"2048x2048":["https:\/\/arantv.az\/wp-content\/uploads\/2024\/07\/78e82caa5548f00105c0cf0e1cc48ad6.jpg",561,400,false],"post-thumbnail":["https:\/\/arantv.az\/wp-content\/uploads\/2024\/07\/78e82caa5548f00105c0cf0e1cc48ad6-240x172.jpg",240,172,true],"advps-thumb-one":["https:\/\/arantv.az\/wp-content\/uploads\/2024\/07\/78e82caa5548f00105c0cf0e1cc48ad6.jpg",561,400,false]},"rttpg_author":{"display_name":"V\u00fcsal Rafiqo\u011flu","author_link":"https:\/\/arantv.az\/?author=2"},"rttpg_comment":0,"rttpg_category":"<a href=\"https:\/\/arantv.az\/?cat=1\" rel=\"category\">C\u0259miyy\u0259t<\/a>","rttpg_excerpt":"Daxili \u0130\u015fl\u0259r Nazirliyi v\u0259 Dini Qurumlarla \u0130\u015f \u00fczr\u0259 D\u00f6vl\u0259t Komit\u0259si v\u0259t\u0259nda\u015flara m\u00fcraci\u0259t edib. H\u0259r iki qurumdan\u00a0Musavat.com-a daxil olan birg\u0259 m\u00fcraci\u0259td\u0259 deyilir: &#8220;Dini etiqad azadl\u0131\u011f\u0131 haqq\u0131nda&#8221; Qanuna \u0259sas\u0259n dini m\u0259rasiml\u0259r yaln\u0131z m\u0259scid v\u0259 ziyar\u0259tgahlar\u0131n \u0259razisind\u0259 ke\u00e7irilm\u0259lidir. B\u00fct\u00fcn m\u0259rasiml\u0259r zaman\u0131, o c\u00fcml\u0259d\u0259n cari ilin iyulun 7-d\u0259n ba\u015flayan M\u0259h\u0259rr\u0259m ay\u0131nda dini ibad\u0259t yerl\u0259rind\u0259 t\u0259hl\u00fck\u0259sizliyin t\u0259min edilm\u0259si v\u0259 yollarda&hellip;","_links":{"self":[{"href":"https:\/\/arantv.az\/index.php?rest_route=\/wp\/v2\/posts\/736458"}],"collection":[{"href":"https:\/\/arantv.az\/index.php?rest_route=\/wp\/v2\/posts"}],"about":[{"href":"https:\/\/arantv.az\/index.php?rest_route=\/wp\/v2\/types\/post"}],"author":[{"embeddable":true,"href":"https:\/\/arantv.az\/index.php?rest_route=\/wp\/v2\/users\/2"}],"replies":[{"embeddable":true,"href":"https:\/\/arantv.az\/index.php?rest_route=%2Fwp%2Fv2%2Fcomments&post=736458"}],"version-history":[{"count":0,"href":"https:\/\/arantv.az\/index.php?rest_route=\/wp\/v2\/posts\/736458\/revisions"}],"wp:featuredmedia":[{"embeddable":true,"href":"https:\/\/arantv.az\/index.php?rest_route=\/wp\/v2\/media\/736459"}],"wp:attachment":[{"href":"https:\/\/arantv.az\/index.php?rest_route=%2Fwp%2Fv2%2Fmedia&parent=736458"}],"wp:term":[{"taxonomy":"category","embeddable":true,"href":"https:\/\/arantv.az\/index.php?rest_route=%2Fwp%2Fv2%2Fcategories&post=736458"},{"taxonomy":"post_tag","embeddable":true,"href":"https:\/\/arantv.az\/index.php?rest_route=%2Fwp%2Fv2%2Ftags&post=736458"}],"curies":[{"name":"wp","href":"https:\/\/api.w.org\/{rel}","templated":true}]}}