{"id":736631,"date":"2024-07-12T10:00:43","date_gmt":"2024-07-12T06:00:43","guid":{"rendered":"https:\/\/arantv.az\/?p=736631"},"modified":"2024-07-12T10:00:43","modified_gmt":"2024-07-12T06:00:43","slug":"asura-m%c9%99rasimi-hansi-m%c9%99scidl%c9%99rd%c9%99-keciril%c9%99c%c9%99k","status":"publish","type":"post","link":"https:\/\/arantv.az\/?p=736631","title":{"rendered":"A\u015fura m\u0259rasimi hans\u0131 m\u0259scidl\u0259rd\u0259 ke\u00e7iril\u0259c\u0259k?"},"content":{"rendered":"<p><strong>A\u015fura g\u00fcn\u00fc paytaxtda f\u0259aliyy\u0259t g\u00f6st\u0259r\u0259n b\u00fct\u00fcn ibad\u0259t evl\u0259rind\u0259 (m\u0259scidl\u0259rd\u0259) m\u0259rasiml\u0259r ke\u00e7iril\u0259c\u0259k.<\/strong><\/p>\n<p><b>ARANTV.AZ <\/b>x\u0259b\u0259r verir ki, bu bar\u0259d\u0259 Oxu.az-a Qafqaz M\u00fcs\u0259lmanlar\u0131 \u0130dar\u0259sinin (QM\u0130) s\u0259dr m\u00fcavini, Bak\u0131 \u0130slam Universitetinin dekan\u0131, ilahiyyat\u00e7\u0131 alim hac\u0131 Fuad Nurullayev deyib.<\/p>\n<p>O bildirib ki, regionlar\u0131n da \u0259ks\u0259riyy\u0259tind\u0259 A\u015fura m\u0259rasimi h\u0259r il ke\u00e7irilir:<\/p>\n<p>&#8220;Regionda yerl\u0259\u015f\u0259n ibad\u0259t evl\u0259rind\u0259 d\u0259 sakinl\u0259r qaydalara uy\u011fun olaraq K\u0259rb\u0259la \u015f\u0259hidl\u0259rinin \u0259ziz xatir\u0259sini yad ed\u0259c\u0259kl\u0259r&#8221;.<\/p>\n<p>Qeyd ed\u0259k ki, hicri-q\u0259m\u0259ri t\u0259qvimi il\u0259 1445-c\u00fc il ba\u015fa \u00e7at\u0131b, yeni 1446-c\u0131 ilin ba\u015flan\u011f\u0131c\u0131 &#8211; M\u0259h\u0259rr\u0259m ay\u0131n\u0131n 1-i miladi t\u0259qviml\u0259 2024-c\u00fc il iyul ay\u0131n\u0131n 7-n\u0259 t\u0259sad\u00fcf edib. A\u015fura g\u00fcn\u00fc is\u0259 iyul ay\u0131n\u0131n 16-da olacaq.<\/p>\n","protected":false},"excerpt":{"rendered":"<p>A\u015fura g\u00fcn\u00fc paytaxtda f\u0259aliyy\u0259t g\u00f6st\u0259r\u0259n b\u00fct\u00fcn ibad\u0259t evl\u0259rind\u0259 (m\u0259scidl\u0259rd\u0259) m\u0259rasiml\u0259r ke\u00e7iril\u0259c\u0259k. ARANTV.AZ x\u0259b\u0259r verir ki, bu bar\u0259d\u0259 Oxu.az-a Qafqaz M\u00fcs\u0259lmanlar\u0131 \u0130dar\u0259sinin (QM\u0130) s\u0259dr m\u00fcavini, Bak\u0131 \u0130slam Universitetinin dekan\u0131, ilahiyyat\u00e7\u0131 alim hac\u0131 Fuad Nurullayev deyib. O bildirib ki, regionlar\u0131n da \u0259ks\u0259riyy\u0259tind\u0259 A\u015fura m\u0259rasimi h\u0259r il ke\u00e7irilir: &#8220;Regionda yerl\u0259\u015f\u0259n ibad\u0259t evl\u0259rind\u0259 d\u0259 sakinl\u0259r qaydalara uy\u011fun olaraq K\u0259rb\u0259la \u015f\u0259hidl\u0259rinin \u0259ziz xatir\u0259sini yad ed\u0259c\u0259kl\u0259r&#8221;. Qeyd ed\u0259k ki, hicri-q\u0259m\u0259ri t\u0259qvimi il\u0259 1445-c\u00fc il ba\u015fa \u00e7at\u0131b, yeni 1446-c\u0131 ilin ba\u015flan\u011f\u0131c\u0131 &#8211; M\u0259h\u0259rr\u0259m ay\u0131n\u0131n 1-i miladi t\u0259qviml\u0259 2024-c\u00fc il iyul ay\u0131n\u0131n 7-n\u0259 t\u0259sad\u00fcf edib. A\u015fura g\u00fcn\u00fc is\u0259&hellip;<\/p>\n","protected":false},"author":2,"featured_media":736632,"comment_status":"closed","ping_status":"closed","sticky":false,"template":"","format":"standard","meta":{"om_disable_all_campaigns":false,"_monsterinsights_skip_tracking":false,"_monsterinsights_sitenote_active":false,"_monsterinsights_sitenote_note":"","_monsterinsights_sitenote_category":0},"categories":[1],"tags":[],"aioseo_notices":[],"gutentor_comment":0,"rttpg_featured_image_url":{"full":["https:\/\/arantv.az\/wp-content\/uploads\/2024\/07\/e0121568d304ee4ccab9c60afce91e8e.jpg",800,500,false],"landscape":["https:\/\/arantv.az\/wp-content\/uploads\/2024\/07\/e0121568d304ee4ccab9c60afce91e8e.jpg",800,500,false],"portraits":["https:\/\/arantv.az\/wp-content\/uploads\/2024\/07\/e0121568d304ee4ccab9c60afce91e8e.jpg",800,500,false],"thumbnail":["https:\/\/arantv.az\/wp-content\/uploads\/2024\/07\/e0121568d304ee4ccab9c60afce91e8e-500x280.jpg",500,280,true],"medium":["https:\/\/arantv.az\/wp-content\/uploads\/2024\/07\/e0121568d304ee4ccab9c60afce91e8e-584x365.jpg",584,365,true],"large":["https:\/\/arantv.az\/wp-content\/uploads\/2024\/07\/e0121568d304ee4ccab9c60afce91e8e.jpg",640,400,false],"1536x1536":["https:\/\/arantv.az\/wp-content\/uploads\/2024\/07\/e0121568d304ee4ccab9c60afce91e8e.jpg",800,500,false],"2048x2048":["https:\/\/arantv.az\/wp-content\/uploads\/2024\/07\/e0121568d304ee4ccab9c60afce91e8e.jpg",800,500,false],"post-thumbnail":["https:\/\/arantv.az\/wp-content\/uploads\/2024\/07\/e0121568d304ee4ccab9c60afce91e8e-240x172.jpg",240,172,true],"advps-thumb-one":["https:\/\/arantv.az\/wp-content\/uploads\/2024\/07\/e0121568d304ee4ccab9c60afce91e8e.jpg",800,500,false]},"rttpg_author":{"display_name":"V\u00fcsal Rafiqo\u011flu","author_link":"https:\/\/arantv.az\/?author=2"},"rttpg_comment":0,"rttpg_category":"<a href=\"https:\/\/arantv.az\/?cat=1\" rel=\"category\">C\u0259miyy\u0259t<\/a>","rttpg_excerpt":"A\u015fura g\u00fcn\u00fc paytaxtda f\u0259aliyy\u0259t g\u00f6st\u0259r\u0259n b\u00fct\u00fcn ibad\u0259t evl\u0259rind\u0259 (m\u0259scidl\u0259rd\u0259) m\u0259rasiml\u0259r ke\u00e7iril\u0259c\u0259k. ARANTV.AZ x\u0259b\u0259r verir ki, bu bar\u0259d\u0259 Oxu.az-a Qafqaz M\u00fcs\u0259lmanlar\u0131 \u0130dar\u0259sinin (QM\u0130) s\u0259dr m\u00fcavini, Bak\u0131 \u0130slam Universitetinin dekan\u0131, ilahiyyat\u00e7\u0131 alim hac\u0131 Fuad Nurullayev deyib. O bildirib ki, regionlar\u0131n da \u0259ks\u0259riyy\u0259tind\u0259 A\u015fura m\u0259rasimi h\u0259r il ke\u00e7irilir: &#8220;Regionda yerl\u0259\u015f\u0259n ibad\u0259t evl\u0259rind\u0259 d\u0259 sakinl\u0259r qaydalara uy\u011fun olaraq K\u0259rb\u0259la&hellip;","_links":{"self":[{"href":"https:\/\/arantv.az\/index.php?rest_route=\/wp\/v2\/posts\/736631"}],"collection":[{"href":"https:\/\/arantv.az\/index.php?rest_route=\/wp\/v2\/posts"}],"about":[{"href":"https:\/\/arantv.az\/index.php?rest_route=\/wp\/v2\/types\/post"}],"author":[{"embeddable":true,"href":"https:\/\/arantv.az\/index.php?rest_route=\/wp\/v2\/users\/2"}],"replies":[{"embeddable":true,"href":"https:\/\/arantv.az\/index.php?rest_route=%2Fwp%2Fv2%2Fcomments&post=736631"}],"version-history":[{"count":0,"href":"https:\/\/arantv.az\/index.php?rest_route=\/wp\/v2\/posts\/736631\/revisions"}],"wp:featuredmedia":[{"embeddable":true,"href":"https:\/\/arantv.az\/index.php?rest_route=\/wp\/v2\/media\/736632"}],"wp:attachment":[{"href":"https:\/\/arantv.az\/index.php?rest_route=%2Fwp%2Fv2%2Fmedia&parent=736631"}],"wp:term":[{"taxonomy":"category","embeddable":true,"href":"https:\/\/arantv.az\/index.php?rest_route=%2Fwp%2Fv2%2Fcategories&post=736631"},{"taxonomy":"post_tag","embeddable":true,"href":"https:\/\/arantv.az\/index.php?rest_route=%2Fwp%2Fv2%2Ftags&post=736631"}],"curies":[{"name":"wp","href":"https:\/\/api.w.org\/{rel}","templated":true}]}}