{"id":736810,"date":"2024-07-12T13:53:49","date_gmt":"2024-07-12T09:53:49","guid":{"rendered":"https:\/\/arantv.az\/?p=736810"},"modified":"2024-07-12T13:53:49","modified_gmt":"2024-07-12T09:53:49","slug":"namiz%c9%99dl%c9%99r-ucun-h%c9%99lledici-gun-baslayir","status":"publish","type":"post","link":"https:\/\/arantv.az\/?p=736810","title":{"rendered":"Namiz\u0259dl\u0259r \u00fc\u00e7\u00fcn h\u0259lledici g\u00fcn ba\u015flay\u0131r"},"content":{"rendered":"<p><strong>MSK m\u00fch\u00fcm t\u0259dbir ke\u00e7ir\u0259c\u0259k; YAP \u00f6z siyah\u0131s\u0131n\u0131 yekunla\u015fd\u0131rmaq \u00fczr\u0259dir<\/strong><\/p>\n<p>Milli M\u0259clis\u0259 se\u00e7kil\u0259rl\u0259 \u0259laq\u0259dar 12 iyul saat 10:00-da &#8220;Radisson&#8221; hoteld\u0259 deputatl\u0131\u011fa namiz\u0259dl\u0259rin qeydiyyat\u0131 prosesin\u0259 h\u0259sr olunan t\u0259dbir ke\u00e7iril\u0259c\u0259k. Bu bar\u0259d\u0259 M\u0259rk\u0259zi Se\u00e7ki Komissiyas\u0131 (MSK) Katibliyinin Media v\u0259 kommunikasiya \u015f\u00f6b\u0259sind\u0259n m\u0259lumat verilib.<\/p>\n<p>Qeyd ed\u0259k ki, sentyabr\u0131n 1-d\u0259 ke\u00e7iril\u0259c\u0259k n\u00f6vb\u0259d\u0259nk\u0259nar parlament se\u00e7kisinin t\u0259qvimin\u0259 g\u00f6r\u0259 namiz\u0259dliyin ir\u0259li s\u00fcr\u00fclm\u0259sinin t\u0259sdiq olunub-olunmamas\u0131 q\u0259rar\u0131 s\u0259n\u0259dl\u0259r dair\u0259 se\u00e7ki komissiyas\u0131na t\u0259qdim edil\u0259nd\u0259n sonra 5 g\u00fcn m\u00fcdd\u0259tind\u0259 \u00e7\u0131xar\u0131lmal\u0131, imza v\u0259r\u0259q\u0259l\u0259ri verilm\u0259lidir. 18 ya\u015f\u0131na \u00e7atm\u0131\u015f \u00f6lk\u0259 v\u0259t\u0259nda\u015f\u0131 parlamentin deputat\u0131 se\u00e7il\u0259 bil\u0259r.<\/p>\n<p>\u0130kili v\u0259t\u0259nda\u015fl\u0131\u011f\u0131, ba\u015fqa d\u00f6vl\u0259tl\u0259r qar\u015f\u0131s\u0131nda \u00f6hd\u0259liyi olan, icra v\u0259 ya m\u0259hk\u0259m\u0259 hakimiyy\u0259ti sisteml\u0259rind\u0259 qulluq ed\u0259n, elmi, pedaqoji v\u0259 yarad\u0131c\u0131l\u0131q f\u0259aliyy\u0259ti istisna olmaqla ba\u015fqa \u00f6d\u0259ni\u015fli f\u0259aliyy\u0259tl\u0259 m\u0259\u015f\u011ful \u015f\u0259xsl\u0259rin, din xadiml\u0259rinin, f\u0259aliyy\u0259t qabiliyy\u0259tsizliyi m\u0259hk\u0259m\u0259d\u0259 t\u0259sdiq edil\u0259n, a\u011f\u0131r cinay\u0259tl\u0259r\u0259 g\u00f6r\u0259 m\u0259hkum olunmu\u015f, m\u0259hk\u0259m\u0259nin qanuni q\u00fcvv\u0259y\u0259 minmi\u015f h\u00f6km\u00fc il\u0259 azadl\u0131qdan m\u0259hrumetm\u0259 yerl\u0259rind\u0259 c\u0259za \u00e7\u0259k\u0259n \u015f\u0259xsl\u0259rin se\u00e7ilm\u0259si yasaqd\u0131r. Namiz\u0259din m\u00fcdafi\u0259si \u00fc\u00e7\u00fcn onun ir\u0259li s\u00fcr\u00fcld\u00fcy\u00fc se\u00e7ki dair\u0259sinin \u0259razisind\u0259 se\u00e7icil\u0259rin az\u0131 450 imzas\u0131 toplanmal\u0131d\u0131r. Bir se\u00e7icinin bird\u0259n art\u0131q namiz\u0259din m\u00fcdafi\u0259si \u00fc\u00e7\u00fcn imza atmas\u0131 m\u00fcmk\u00fcnd\u00fcr.<\/p>\n<p>R\u0259smi qeydiyyat \u00fc\u00e7\u00fcn s\u0259n\u0259dl\u0259rin dair\u0259 se\u00e7ki komissiyas\u0131na t\u0259qdim edilm\u0259si iyulun 13-d\u0259 ba\u015flay\u0131r, avqustun 2-si saat 18-d\u0259 bitir. \u0130mza v\u0259r\u0259q\u0259l\u0259rinin v\u0259 ba\u015fqa s\u0259n\u0259dl\u0259rin yoxlanmas\u0131, namiz\u0259din qeyd\u0259 al\u0131n\u0131b-al\u0131nmamas\u0131 haqq\u0131nda q\u0259rar 7 g\u00fcn m\u00fcdd\u0259tind\u0259 q\u0259bul edilm\u0259lidir. S\u0259sverm\u0259 g\u00fcn\u00fcn\u0259 az\u0131 20 g\u00fcn qalanad\u0259k qeyd\u0259 al\u0131nm\u0131\u015f namiz\u0259dl\u0259rin se\u00e7ki dair\u0259l\u0259ri \u00fczr\u0259 siyah\u0131s\u0131 d\u0259rc edilm\u0259lidir.<\/p>\n<p><strong>Se\u00e7kiqaba\u011f\u0131 t\u0259\u015fviqat avqustun 9-da ba\u015flan\u0131r, avqustun 31-i saat s\u0259h\u0259r 8-d\u0259 dayand\u0131r\u0131l\u0131r.<\/strong><\/p>\n<p>MSK is\u0259 Milli M\u0259clis\u0259 se\u00e7kil\u0259rl\u0259 \u0259laq\u0259dar \u201cNamiz\u0259dl\u0259r \u00fc\u00e7\u00fcn yadda\u015f\u201d kitab\u00e7as\u0131 haz\u0131rlay\u0131b. M\u0259rk\u0259zi Se\u00e7ki Komissiyas\u0131 Katibliyinin Media v\u0259 kommunikasiya \u015f\u00f6b\u0259sind\u0259n \u201cYeni M\u00fcsavat\u201da veril\u0259n x\u0259b\u0259r\u0259 g\u00f6r\u0259, M\u0259rk\u0259zi Se\u00e7ki Komissiyas\u0131 2024-c\u00fc il sentyabr\u0131n 1-n\u0259 t\u0259yin edilmi\u015f Az\u0259rbaycan Respublikas\u0131n\u0131n Milli M\u0259clisin\u0259 n\u00f6vb\u0259d\u0259nk\u0259nar se\u00e7kil\u0259rl\u0259 \u0259laq\u0259dar m\u00fcxt\u0259lif statuslu se\u00e7ki subyektl\u0259rinin maarifl\u0259ndirilm\u0259si proqram\u0131 \u00e7\u0259r\u00e7iv\u0259sind\u0259 \u201cNamiz\u0259dl\u0259r \u00fc\u00e7\u00fcn yadda\u015f\u201d kitab\u00e7as\u0131 haz\u0131rlay\u0131b. Layih\u0259nin h\u0259yata ke\u00e7irilm\u0259sind\u0259 ba\u015fl\u0131ca m\u0259qs\u0259d, qar\u015f\u0131dan g\u0259l\u0259n se\u00e7kil\u0259rd\u0259 deputat se\u00e7ilm\u0259k niyy\u0259tind\u0259 olan v\u0259t\u0259nda\u015flar\u0131n m\u0259lumat\u0131n\u0131 art\u0131rmaq, passiv se\u00e7ki h\u00fcquqlar\u0131n\u0131n realla\u015fd\u0131r\u0131lmas\u0131nda onlara metodiki yard\u0131m g\u00f6st\u0259rm\u0259k v\u0259 f\u0259aliyy\u0259tl\u0259rinin daha da asanla\u015fd\u0131r\u0131lmas\u0131na imkan yaratmaqd\u0131r.<\/p>\n<p>N\u0259\u015frd\u0259 deputatl\u0131\u011fa namiz\u0259dliyin ir\u0259li s\u00fcr\u00fclm\u0259si v\u0259 qeyd\u0259 al\u0131nmas\u0131 il\u0259 ba\u011fl\u0131 qanunvericilikd\u0259 n\u0259z\u0259rd\u0259 tutulmu\u015f prosedurlar v\u0259 at\u0131las\u0131 add\u0131mlar, s\u0259n\u0259dl\u0259rin t\u0259qdim edilm\u0259si \u00fc\u00e7\u00fcn m\u00fc\u0259yy\u0259nl\u0259\u015fdirilmi\u015f m\u00fcdd\u0259tl\u0259r v\u0259 qaydalar, habel\u0259 namiz\u0259dl\u0259rin h\u00fcquq v\u0259 v\u0259zif\u0259l\u0259ri ayd\u0131n, \u0259trafl\u0131 \u015f\u0259kild\u0259 g\u00f6st\u0259rilib. Yadda\u015f kitab\u00e7as\u0131 Az\u0259rbaycan Respublikas\u0131n\u0131n Se\u00e7ki M\u0259c\u0259ll\u0259si v\u0259 M\u0259rk\u0259zi Se\u00e7ki Komissiyas\u0131n\u0131n t\u0259sdiq etdiyi normativ xarakterli aktlar \u0259sas\u0131nda haz\u0131rlan\u0131b.<\/p>\n<p>\u201cNamiz\u0259dl\u0259r \u00fc\u00e7\u00fcn yadda\u015f\u201d kitab\u00e7as\u0131n\u0131 a\u015fa\u011f\u0131 se\u00e7ki komissiyalar\u0131ndan, el\u0259c\u0259 d\u0259 M\u0259rk\u0259zi Se\u00e7ki Komissiyas\u0131n\u0131n r\u0259smi internet s\u0259hif\u0259sind\u0259n (www.msk.gov.az) \u0259ld\u0259 etm\u0259k olar.<\/p>\n<p><strong>Siyasi partiyalar\u0131n namiz\u0259d ir\u0259li s\u00fcrm\u0259si, h\u0259m\u00e7inin m\u00fcst\u0259qil namiz\u0259dl\u0259rin ir\u0259li s\u00fcr\u00fclm\u0259si prosesi is\u0259 davam edir. Yeni Az\u0259rbaycan Partiyas\u0131 (YAP) qar\u015f\u0131dak\u0131 g\u00fcnl\u0259rd\u0259 parlament se\u00e7kil\u0259rind\u0259 i\u015ftirak ed\u0259c\u0259k namiz\u0259dl\u0259rinin siyah\u0131s\u0131n\u0131 a\u00e7\u0131qlayacaq. \u201cAzPolitika\u201d x\u0259b\u0259r verir ki, hakim partiyan\u0131n namiz\u0259dl\u0259ri il\u0259 ba\u011fl\u0131 m\u00fczakir\u0259l\u0259r yekunla\u015fmaq \u00fczr\u0259dir.\u00a0<\/strong><\/p>\n<p>Qeyd olunur ki, haz\u0131rk\u0131 deputat korpusunda ciddi d\u0259yi\u015fiklikl\u0259r g\u00f6zl\u0259nilir, paytaxtda v\u0259 iri \u015f\u0259h\u0259rl\u0259rd\u0259 YAP yeni simalar\u0131n namiz\u0259dliyini ir\u0259li s\u00fcr\u0259c\u0259k. Hakim partiyan\u0131n v\u0259 \u00fcmumilikd\u0259 parlament t\u0259rkibinin t\u0259xmin\u0259n 30-40 faiz yenil\u0259n\u0259c\u0259yi g\u00f6zl\u0259nilir. MSK-n\u0131n d\u00fcn\u0259n a\u00e7\u0131qlad\u0131\u011f\u0131 m\u0259lumata g\u00f6r\u0259, c\u0259mi 156 \u015f\u0259xs namiz\u0259dliyini ir\u0259li s\u00fcrm\u0259k \u00fc\u00e7\u00fcn dair\u0259 se\u00e7ki komissiyalar\u0131na m\u00fcraci\u0259t edib.<\/p>\n<p><strong>Bu, se\u00e7kil\u0259r\u0259 50 g\u00fcn qald\u0131\u011f\u0131 m\u00fcdd\u0259td\u0259 olduqca ki\u00e7ik g\u00f6st\u0259ricidir. M\u0259lumdur ki, mill\u0259t v\u0259kili se\u00e7ilm\u0259k arzusunda olan bit\u0259r\u0259fl\u0259r, h\u0259tta \u00f6z\u00fcn\u00fc m\u00fcxalif\u0259t adland\u0131ran b\u0259zi partiyalar\u0131n n\u00fcmay\u0259nd\u0259l\u0259rinin \u0259ks\u0259riyy\u0259ti YAP-\u0131n namiz\u0259dl\u0259rinin a\u00e7\u0131qlanmas\u0131n\u0131 g\u00f6zl\u0259yir. Bu zaman hans\u0131 se\u00e7ki dair\u0259l\u0259rind\u0259 hakimiyy\u0259t \u00fc\u00e7\u00fcn prinsipial, yaxud \u201cqurbanl\u0131q\u201d namiz\u0259dl\u0259r oldu\u011funu t\u0259xmin etm\u0259k m\u00fcmk\u00fcn olacaq. Se\u00e7ki yar\u0131\u015f\u0131, bit\u0259r\u0259f namiz\u0259dl\u0259rin t\u0259birinc\u0259 des\u0259k, hakim partiyan\u0131n \u201cbo\u015f buraxd\u0131\u011f\u0131\u201d dair\u0259l\u0259rd\u0259n se\u00e7ilm\u0259k u\u011frunda ged\u0259c\u0259k.<\/strong><\/p>\n<p>Sayt\u0131n yazd\u0131\u011f\u0131na g\u00f6r\u0259, bu bax\u0131mdan da \u0259sas g\u00f6zl\u0259ntil\u0259r iqtidar partiyas\u0131n\u0131n namiz\u0259dl\u0259r siyah\u0131s\u0131 il\u0259 ba\u011fl\u0131d\u0131r. YAP \u00f6t\u0259n se\u00e7kil\u0259rd\u0259 Milli M\u0259clisd\u0259 68-75 deputatla t\u0259msil olunub. Hakim partiya \u00fc\u00e7\u00fcn prinsipial m\u0259s\u0259l\u0259 \u0259sas qanunlar\u0131n q\u0259bul olunmas\u0131 \u00fc\u00e7\u00fcn t\u0259l\u0259b olunan 63 s\u0259s\u0259 malik olmaqd\u0131r. Bu, hakimiyy\u0259t \u00fc\u00e7\u00fcn vacib baryerdir, onun t\u0259min olunmas\u0131ndan sonra qalan se\u00e7ki dair\u0259l\u0259rind\u0259 partiya r\u0259hb\u0259rliyinin m\u0259qbul bildiyi m\u00fcst\u0259qil namiz\u0259dl\u0259r\u0259 \u015f\u0259rait yarad\u0131l\u0131r.<\/p>\n<p><strong>Etibar SEY\u0130DA\u011eA,<br \/>\n\u201cYeni M\u00fcsavat\u201d<\/strong><\/p>\n","protected":false},"excerpt":{"rendered":"<p>MSK m\u00fch\u00fcm t\u0259dbir ke\u00e7ir\u0259c\u0259k; YAP \u00f6z siyah\u0131s\u0131n\u0131 yekunla\u015fd\u0131rmaq \u00fczr\u0259dir Milli M\u0259clis\u0259 se\u00e7kil\u0259rl\u0259 \u0259laq\u0259dar 12 iyul saat 10:00-da &#8220;Radisson&#8221; hoteld\u0259 deputatl\u0131\u011fa namiz\u0259dl\u0259rin qeydiyyat\u0131 prosesin\u0259 h\u0259sr olunan t\u0259dbir ke\u00e7iril\u0259c\u0259k. Bu bar\u0259d\u0259 M\u0259rk\u0259zi Se\u00e7ki Komissiyas\u0131 (MSK) Katibliyinin Media v\u0259 kommunikasiya \u015f\u00f6b\u0259sind\u0259n m\u0259lumat verilib. Qeyd ed\u0259k ki, sentyabr\u0131n 1-d\u0259 ke\u00e7iril\u0259c\u0259k n\u00f6vb\u0259d\u0259nk\u0259nar parlament se\u00e7kisinin t\u0259qvimin\u0259 g\u00f6r\u0259 namiz\u0259dliyin ir\u0259li s\u00fcr\u00fclm\u0259sinin t\u0259sdiq olunub-olunmamas\u0131 q\u0259rar\u0131 s\u0259n\u0259dl\u0259r dair\u0259 se\u00e7ki komissiyas\u0131na t\u0259qdim edil\u0259nd\u0259n sonra 5 g\u00fcn m\u00fcdd\u0259tind\u0259 \u00e7\u0131xar\u0131lmal\u0131, imza v\u0259r\u0259q\u0259l\u0259ri verilm\u0259lidir. 18 ya\u015f\u0131na \u00e7atm\u0131\u015f \u00f6lk\u0259 v\u0259t\u0259nda\u015f\u0131 parlamentin deputat\u0131 se\u00e7il\u0259 bil\u0259r. \u0130kili v\u0259t\u0259nda\u015fl\u0131\u011f\u0131, ba\u015fqa d\u00f6vl\u0259tl\u0259r qar\u015f\u0131s\u0131nda \u00f6hd\u0259liyi olan, icra v\u0259 ya&hellip;<\/p>\n","protected":false},"author":2,"featured_media":736811,"comment_status":"closed","ping_status":"closed","sticky":false,"template":"","format":"standard","meta":{"om_disable_all_campaigns":false,"_monsterinsights_skip_tracking":false,"_monsterinsights_sitenote_active":false,"_monsterinsights_sitenote_note":"","_monsterinsights_sitenote_category":0},"categories":[4],"tags":[],"aioseo_notices":[],"gutentor_comment":0,"rttpg_featured_image_url":{"full":["https:\/\/arantv.az\/wp-content\/uploads\/2024\/07\/55115f4f19045d7e2cf7cb5f800ea1ad.jpg",740,493,false],"landscape":["https:\/\/arantv.az\/wp-content\/uploads\/2024\/07\/55115f4f19045d7e2cf7cb5f800ea1ad.jpg",740,493,false],"portraits":["https:\/\/arantv.az\/wp-content\/uploads\/2024\/07\/55115f4f19045d7e2cf7cb5f800ea1ad.jpg",740,493,false],"thumbnail":["https:\/\/arantv.az\/wp-content\/uploads\/2024\/07\/55115f4f19045d7e2cf7cb5f800ea1ad-500x280.jpg",500,280,true],"medium":["https:\/\/arantv.az\/wp-content\/uploads\/2024\/07\/55115f4f19045d7e2cf7cb5f800ea1ad-548x365.jpg",548,365,true],"large":["https:\/\/arantv.az\/wp-content\/uploads\/2024\/07\/55115f4f19045d7e2cf7cb5f800ea1ad.jpg",640,426,false],"1536x1536":["https:\/\/arantv.az\/wp-content\/uploads\/2024\/07\/55115f4f19045d7e2cf7cb5f800ea1ad.jpg",740,493,false],"2048x2048":["https:\/\/arantv.az\/wp-content\/uploads\/2024\/07\/55115f4f19045d7e2cf7cb5f800ea1ad.jpg",740,493,false],"post-thumbnail":["https:\/\/arantv.az\/wp-content\/uploads\/2024\/07\/55115f4f19045d7e2cf7cb5f800ea1ad-240x172.jpg",240,172,true],"advps-thumb-one":["https:\/\/arantv.az\/wp-content\/uploads\/2024\/07\/55115f4f19045d7e2cf7cb5f800ea1ad.jpg",740,493,false]},"rttpg_author":{"display_name":"V\u00fcsal Rafiqo\u011flu","author_link":"https:\/\/arantv.az\/?author=2"},"rttpg_comment":0,"rttpg_category":"<a href=\"https:\/\/arantv.az\/?cat=4\" rel=\"category\">Siyas\u0259t<\/a>","rttpg_excerpt":"MSK m\u00fch\u00fcm t\u0259dbir ke\u00e7ir\u0259c\u0259k; YAP \u00f6z siyah\u0131s\u0131n\u0131 yekunla\u015fd\u0131rmaq \u00fczr\u0259dir Milli M\u0259clis\u0259 se\u00e7kil\u0259rl\u0259 \u0259laq\u0259dar 12 iyul saat 10:00-da &#8220;Radisson&#8221; hoteld\u0259 deputatl\u0131\u011fa namiz\u0259dl\u0259rin qeydiyyat\u0131 prosesin\u0259 h\u0259sr olunan t\u0259dbir ke\u00e7iril\u0259c\u0259k. Bu bar\u0259d\u0259 M\u0259rk\u0259zi Se\u00e7ki Komissiyas\u0131 (MSK) Katibliyinin Media v\u0259 kommunikasiya \u015f\u00f6b\u0259sind\u0259n m\u0259lumat verilib. Qeyd ed\u0259k ki, sentyabr\u0131n 1-d\u0259 ke\u00e7iril\u0259c\u0259k n\u00f6vb\u0259d\u0259nk\u0259nar parlament se\u00e7kisinin t\u0259qvimin\u0259 g\u00f6r\u0259 namiz\u0259dliyin ir\u0259li s\u00fcr\u00fclm\u0259sinin t\u0259sdiq&hellip;","_links":{"self":[{"href":"https:\/\/arantv.az\/index.php?rest_route=\/wp\/v2\/posts\/736810"}],"collection":[{"href":"https:\/\/arantv.az\/index.php?rest_route=\/wp\/v2\/posts"}],"about":[{"href":"https:\/\/arantv.az\/index.php?rest_route=\/wp\/v2\/types\/post"}],"author":[{"embeddable":true,"href":"https:\/\/arantv.az\/index.php?rest_route=\/wp\/v2\/users\/2"}],"replies":[{"embeddable":true,"href":"https:\/\/arantv.az\/index.php?rest_route=%2Fwp%2Fv2%2Fcomments&post=736810"}],"version-history":[{"count":0,"href":"https:\/\/arantv.az\/index.php?rest_route=\/wp\/v2\/posts\/736810\/revisions"}],"wp:featuredmedia":[{"embeddable":true,"href":"https:\/\/arantv.az\/index.php?rest_route=\/wp\/v2\/media\/736811"}],"wp:attachment":[{"href":"https:\/\/arantv.az\/index.php?rest_route=%2Fwp%2Fv2%2Fmedia&parent=736810"}],"wp:term":[{"taxonomy":"category","embeddable":true,"href":"https:\/\/arantv.az\/index.php?rest_route=%2Fwp%2Fv2%2Fcategories&post=736810"},{"taxonomy":"post_tag","embeddable":true,"href":"https:\/\/arantv.az\/index.php?rest_route=%2Fwp%2Fv2%2Ftags&post=736810"}],"curies":[{"name":"wp","href":"https:\/\/api.w.org\/{rel}","templated":true}]}}