{"id":736884,"date":"2024-07-12T18:20:05","date_gmt":"2024-07-12T14:20:05","guid":{"rendered":"https:\/\/arantv.az\/?p=736884"},"modified":"2024-07-12T18:20:05","modified_gmt":"2024-07-12T14:20:05","slug":"bu-s%c9%99xsl%c9%99r%c9%99-sad-x%c9%99b%c9%99r-n%c9%99qliyyatda-guz%c9%99st-olunacaq","status":"publish","type":"post","link":"https:\/\/arantv.az\/?p=736884","title":{"rendered":"Bu \u015f\u0259xsl\u0259r\u0259 \u015fad x\u0259b\u0259r &#8211; N\u0259qliyyatda g\u00fcz\u0259\u015ft olunacaq"},"content":{"rendered":"<p><strong>Yeni t\u0259dris ilind\u0259 ali t\u0259hsil m\u00fc\u0259ssis\u0259l\u0259rind\u0259 t\u0259hsil alan t\u0259l\u0259b\u0259l\u0259r \u00fc\u00e7\u00fcn bir s\u0131ra g\u00fcz\u0259\u015ftl\u0259r n\u0259z\u0259rd\u0259 tutulur.<\/strong><\/p>\n<p>Bunu T\u0259hsilin \u0130nki\u015faf\u0131 Fondunun \u0130dar\u0259 Hey\u0259tinin s\u0259dri Elnur N\u0259sibov jurnalistl\u0259r\u0259 a\u00e7\u0131qlamas\u0131nda deyib.<\/p>\n<p>&#8220;Yeni t\u0259dris ilind\u0259 biz ali t\u0259hsil m\u00fc\u0259ssis\u0259l\u0259ri il\u0259 dan\u0131\u015f\u0131b raz\u0131la\u015fd\u0131rm\u0131\u015f\u0131q. Vahid t\u0259l\u0259b\u0259 kart\u0131 il\u0259 ba\u011fl\u0131 m\u00fcxt\u0259lif h\u0259m \u00f6d\u0259m\u0259 sistemi, h\u0259m giri\u015f kart\u0131, h\u0259m n\u0259qliyyat, k\u0259\u015fb\u0259k sistemi v\u0259 s. endiriml\u0259rin t\u0259min olunmas\u0131 yenilik olacaq&#8221;, &#8211; dey\u0259 o \u0259lav\u0259 edib.\/referans<\/p>\n","protected":false},"excerpt":{"rendered":"<p>Yeni t\u0259dris ilind\u0259 ali t\u0259hsil m\u00fc\u0259ssis\u0259l\u0259rind\u0259 t\u0259hsil alan t\u0259l\u0259b\u0259l\u0259r \u00fc\u00e7\u00fcn bir s\u0131ra g\u00fcz\u0259\u015ftl\u0259r n\u0259z\u0259rd\u0259 tutulur. Bunu T\u0259hsilin \u0130nki\u015faf\u0131 Fondunun \u0130dar\u0259 Hey\u0259tinin s\u0259dri Elnur N\u0259sibov jurnalistl\u0259r\u0259 a\u00e7\u0131qlamas\u0131nda deyib. &#8220;Yeni t\u0259dris ilind\u0259 biz ali t\u0259hsil m\u00fc\u0259ssis\u0259l\u0259ri il\u0259 dan\u0131\u015f\u0131b raz\u0131la\u015fd\u0131rm\u0131\u015f\u0131q. Vahid t\u0259l\u0259b\u0259 kart\u0131 il\u0259 ba\u011fl\u0131 m\u00fcxt\u0259lif h\u0259m \u00f6d\u0259m\u0259 sistemi, h\u0259m giri\u015f kart\u0131, h\u0259m n\u0259qliyyat, k\u0259\u015fb\u0259k sistemi v\u0259 s. endiriml\u0259rin t\u0259min olunmas\u0131 yenilik olacaq&#8221;, &#8211; dey\u0259 o \u0259lav\u0259 edib.\/referans<\/p>\n","protected":false},"author":2,"featured_media":736885,"comment_status":"closed","ping_status":"closed","sticky":false,"template":"","format":"standard","meta":{"om_disable_all_campaigns":false,"_monsterinsights_skip_tracking":false,"_monsterinsights_sitenote_active":false,"_monsterinsights_sitenote_note":"","_monsterinsights_sitenote_category":0},"categories":[1],"tags":[],"aioseo_notices":[],"gutentor_comment":0,"rttpg_featured_image_url":{"full":["https:\/\/arantv.az\/wp-content\/uploads\/2024\/07\/3a526b2d1a4bdf0f1a9f94c659dda8a9.jpg",734,412,false],"landscape":["https:\/\/arantv.az\/wp-content\/uploads\/2024\/07\/3a526b2d1a4bdf0f1a9f94c659dda8a9.jpg",734,412,false],"portraits":["https:\/\/arantv.az\/wp-content\/uploads\/2024\/07\/3a526b2d1a4bdf0f1a9f94c659dda8a9.jpg",734,412,false],"thumbnail":["https:\/\/arantv.az\/wp-content\/uploads\/2024\/07\/3a526b2d1a4bdf0f1a9f94c659dda8a9-500x280.jpg",500,280,true],"medium":["https:\/\/arantv.az\/wp-content\/uploads\/2024\/07\/3a526b2d1a4bdf0f1a9f94c659dda8a9-650x365.jpg",650,365,true],"large":["https:\/\/arantv.az\/wp-content\/uploads\/2024\/07\/3a526b2d1a4bdf0f1a9f94c659dda8a9.jpg",640,359,false],"1536x1536":["https:\/\/arantv.az\/wp-content\/uploads\/2024\/07\/3a526b2d1a4bdf0f1a9f94c659dda8a9.jpg",734,412,false],"2048x2048":["https:\/\/arantv.az\/wp-content\/uploads\/2024\/07\/3a526b2d1a4bdf0f1a9f94c659dda8a9.jpg",734,412,false],"post-thumbnail":["https:\/\/arantv.az\/wp-content\/uploads\/2024\/07\/3a526b2d1a4bdf0f1a9f94c659dda8a9-240x172.jpg",240,172,true],"advps-thumb-one":["https:\/\/arantv.az\/wp-content\/uploads\/2024\/07\/3a526b2d1a4bdf0f1a9f94c659dda8a9.jpg",734,412,false]},"rttpg_author":{"display_name":"V\u00fcsal Rafiqo\u011flu","author_link":"https:\/\/arantv.az\/?author=2"},"rttpg_comment":0,"rttpg_category":"<a href=\"https:\/\/arantv.az\/?cat=1\" rel=\"category\">C\u0259miyy\u0259t<\/a>","rttpg_excerpt":"Yeni t\u0259dris ilind\u0259 ali t\u0259hsil m\u00fc\u0259ssis\u0259l\u0259rind\u0259 t\u0259hsil alan t\u0259l\u0259b\u0259l\u0259r \u00fc\u00e7\u00fcn bir s\u0131ra g\u00fcz\u0259\u015ftl\u0259r n\u0259z\u0259rd\u0259 tutulur. Bunu T\u0259hsilin \u0130nki\u015faf\u0131 Fondunun \u0130dar\u0259 Hey\u0259tinin s\u0259dri Elnur N\u0259sibov jurnalistl\u0259r\u0259 a\u00e7\u0131qlamas\u0131nda deyib. &#8220;Yeni t\u0259dris ilind\u0259 biz ali t\u0259hsil m\u00fc\u0259ssis\u0259l\u0259ri il\u0259 dan\u0131\u015f\u0131b raz\u0131la\u015fd\u0131rm\u0131\u015f\u0131q. Vahid t\u0259l\u0259b\u0259 kart\u0131 il\u0259 ba\u011fl\u0131 m\u00fcxt\u0259lif h\u0259m \u00f6d\u0259m\u0259 sistemi, h\u0259m giri\u015f kart\u0131, h\u0259m n\u0259qliyyat, k\u0259\u015fb\u0259k sistemi v\u0259 s.&hellip;","_links":{"self":[{"href":"https:\/\/arantv.az\/index.php?rest_route=\/wp\/v2\/posts\/736884"}],"collection":[{"href":"https:\/\/arantv.az\/index.php?rest_route=\/wp\/v2\/posts"}],"about":[{"href":"https:\/\/arantv.az\/index.php?rest_route=\/wp\/v2\/types\/post"}],"author":[{"embeddable":true,"href":"https:\/\/arantv.az\/index.php?rest_route=\/wp\/v2\/users\/2"}],"replies":[{"embeddable":true,"href":"https:\/\/arantv.az\/index.php?rest_route=%2Fwp%2Fv2%2Fcomments&post=736884"}],"version-history":[{"count":0,"href":"https:\/\/arantv.az\/index.php?rest_route=\/wp\/v2\/posts\/736884\/revisions"}],"wp:featuredmedia":[{"embeddable":true,"href":"https:\/\/arantv.az\/index.php?rest_route=\/wp\/v2\/media\/736885"}],"wp:attachment":[{"href":"https:\/\/arantv.az\/index.php?rest_route=%2Fwp%2Fv2%2Fmedia&parent=736884"}],"wp:term":[{"taxonomy":"category","embeddable":true,"href":"https:\/\/arantv.az\/index.php?rest_route=%2Fwp%2Fv2%2Fcategories&post=736884"},{"taxonomy":"post_tag","embeddable":true,"href":"https:\/\/arantv.az\/index.php?rest_route=%2Fwp%2Fv2%2Ftags&post=736884"}],"curies":[{"name":"wp","href":"https:\/\/api.w.org\/{rel}","templated":true}]}}