{"id":736890,"date":"2024-07-12T18:21:54","date_gmt":"2024-07-12T14:21:54","guid":{"rendered":"https:\/\/arantv.az\/?p=736890"},"modified":"2024-07-12T18:21:54","modified_gmt":"2024-07-12T14:21:54","slug":"cahangir-haciyev-yuks%c9%99k-v%c9%99zif%c9%99y%c9%99-t%c9%99yin-olundu-foto","status":"publish","type":"post","link":"https:\/\/arantv.az\/?p=736890","title":{"rendered":"Cahangir Hac\u0131yev Y\u00dcKS\u018fK V\u018fZ\u0130F\u018fY\u018f t\u0259yin olundu &#8211; FOTO"},"content":{"rendered":"<div class=\"text-content\" data-id=\"\" data-url=\"\">\n<p><strong>\u018fdliyy\u0259 Nazirliyinin \u0130nsan resurslar\u0131 idar\u0259sin\u0259 r\u0259is t\u0259yin olunub.<\/strong><\/p>\n<p><strong>ARANTV.AZ <\/strong>\u00a0x\u0259b\u0259r verir ki, \u0259dliyy\u0259 nazirinin m\u00fcvafiq \u0259mri il\u0259 Cahangir Hac\u0131yev Nazirliyin \u0130nsan resurslar\u0131 idar\u0259sin\u0259 r\u0259is t\u0259yin edilib.<\/p>\n<p>Cahangir Hac\u0131yev 1978-ci ild\u0259 anadan olub. Bak\u0131 D\u00f6vl\u0259t Universitetini h\u00fcquq\u015f\u00fcnasl\u0131q ixtisas\u0131 \u00fczr\u0259 2000-ci ild\u0259 bakalavr, 2002-ci ild\u0259 magistr d\u0259r\u0259c\u0259l\u0259rini f\u0259rql\u0259nm\u0259 diplomu il\u0259 bitirib.<\/p>\n<p>1994-c\u00fc ild\u0259 \u0259m\u0259k f\u0259aliyy\u0259tin\u0259 ba\u015flayan Cahangir Hac\u0131yev m\u00fcxt\u0259lif ill\u0259rd\u0259 Az\u0259rbaycan Respublikas\u0131n\u0131n Prezidenti yan\u0131nda D\u00f6vl\u0259t \u0130dar\u0259\u00e7ilik Akademiyas\u0131nda YUNESKO m\u0259rk\u0259zinin m\u00fcdiri, R\u0259hb\u0259r kadrlar\u0131n ixtisas\u0131n\u0131n art\u0131r\u0131lmas\u0131 fak\u00fclt\u0259sinin dekan m\u00fcavini v\u0259zif\u0259l\u0259rind\u0259 \u00e7al\u0131\u015f\u0131b. 2005-2009-cu ill\u0259rd\u0259 Bak\u0131 D\u00f6vl\u0259t Universitetind\u0259 v\u0259 D\u00f6vl\u0259t \u0130dar\u0259\u00e7ilik Akademiyas\u0131nda pedaqoji f\u0259aliyy\u0259tl\u0259 m\u0259\u015f\u011ful olub.<\/p>\n<p>2012-ci ild\u0259n bu v\u0259zif\u0259y\u0259 t\u0259yin olunanad\u0259k Az\u0259rbaycan Respublikas\u0131n\u0131n Prezidenti yan\u0131nda V\u0259t\u0259nda\u015flara Xidm\u0259t v\u0259 Sosial \u0130nnovasiyalar \u00fczr\u0259 D\u00f6vl\u0259t Agentliyinin Sosial innovasiyalar v\u0259 strateji ara\u015fd\u0131rmalar, \u0130nsan resurslar\u0131n\u0131n idar\u0259edilm\u0259si, Elektron s\u0259n\u0259d d\u00f6vriyy\u0259si \u015f\u00f6b\u0259l\u0259rind\u0259 m\u00fcdir m\u00fcavini v\u0259zif\u0259l\u0259rind\u0259 \u00e7al\u0131\u015f\u0131b.<\/p>\n<p>Az\u0259rbaycan Respublikas\u0131 Prezidentinin 27 dekabr 2018-ci il tarixli S\u0259r\u0259ncam\u0131 il\u0259 \u201cT\u0259r\u0259qqi\u201d, 10 may 2023-c\u00fc il tarixd\u0259 is\u0259 \u201cAz\u0259rbaycan Respublikas\u0131n\u0131n Prezidenti yan\u0131nda V\u0259t\u0259nda\u015flara Xidm\u0259t v\u0259 Sosial \u0130nnovasiyalar \u00fczr\u0259 D\u00f6vl\u0259t Agentliyinin 10 illiyi\u201d yubiley medallar\u0131 il\u0259 t\u0259ltif edilib.<\/p>\n<\/div>\n<div>\n<div class=\"form-group\"><img class=\"img-responsive\" src=\"https:\/\/cdn.musavat.com\/news\/images\/Ayten\/LEMAN.jpeg\" \/><\/div>\n<\/div>\n","protected":false},"excerpt":{"rendered":"<p>\u018fdliyy\u0259 Nazirliyinin \u0130nsan resurslar\u0131 idar\u0259sin\u0259 r\u0259is t\u0259yin olunub. ARANTV.AZ \u00a0x\u0259b\u0259r verir ki, \u0259dliyy\u0259 nazirinin m\u00fcvafiq \u0259mri il\u0259 Cahangir Hac\u0131yev Nazirliyin \u0130nsan resurslar\u0131 idar\u0259sin\u0259 r\u0259is t\u0259yin edilib. Cahangir Hac\u0131yev 1978-ci ild\u0259 anadan olub. Bak\u0131 D\u00f6vl\u0259t Universitetini h\u00fcquq\u015f\u00fcnasl\u0131q ixtisas\u0131 \u00fczr\u0259 2000-ci ild\u0259 bakalavr, 2002-ci ild\u0259 magistr d\u0259r\u0259c\u0259l\u0259rini f\u0259rql\u0259nm\u0259 diplomu il\u0259 bitirib. 1994-c\u00fc ild\u0259 \u0259m\u0259k f\u0259aliyy\u0259tin\u0259 ba\u015flayan Cahangir Hac\u0131yev m\u00fcxt\u0259lif ill\u0259rd\u0259 Az\u0259rbaycan Respublikas\u0131n\u0131n Prezidenti yan\u0131nda D\u00f6vl\u0259t \u0130dar\u0259\u00e7ilik Akademiyas\u0131nda YUNESKO m\u0259rk\u0259zinin m\u00fcdiri, R\u0259hb\u0259r kadrlar\u0131n ixtisas\u0131n\u0131n art\u0131r\u0131lmas\u0131 fak\u00fclt\u0259sinin dekan m\u00fcavini v\u0259zif\u0259l\u0259rind\u0259 \u00e7al\u0131\u015f\u0131b. 2005-2009-cu ill\u0259rd\u0259 Bak\u0131 D\u00f6vl\u0259t Universitetind\u0259 v\u0259 D\u00f6vl\u0259t \u0130dar\u0259\u00e7ilik Akademiyas\u0131nda pedaqoji f\u0259aliyy\u0259tl\u0259 m\u0259\u015f\u011ful olub.&hellip;<\/p>\n","protected":false},"author":2,"featured_media":736891,"comment_status":"closed","ping_status":"closed","sticky":false,"template":"","format":"standard","meta":{"om_disable_all_campaigns":false,"_monsterinsights_skip_tracking":false,"_monsterinsights_sitenote_active":false,"_monsterinsights_sitenote_note":"","_monsterinsights_sitenote_category":0},"categories":[1],"tags":[],"aioseo_notices":[],"gutentor_comment":0,"rttpg_featured_image_url":{"full":["https:\/\/arantv.az\/wp-content\/uploads\/2024\/07\/44397da37da7852c6a59ae6457607a4f.jpg",850,500,false],"landscape":["https:\/\/arantv.az\/wp-content\/uploads\/2024\/07\/44397da37da7852c6a59ae6457607a4f.jpg",850,500,false],"portraits":["https:\/\/arantv.az\/wp-content\/uploads\/2024\/07\/44397da37da7852c6a59ae6457607a4f.jpg",850,500,false],"thumbnail":["https:\/\/arantv.az\/wp-content\/uploads\/2024\/07\/44397da37da7852c6a59ae6457607a4f-500x280.jpg",500,280,true],"medium":["https:\/\/arantv.az\/wp-content\/uploads\/2024\/07\/44397da37da7852c6a59ae6457607a4f-621x365.jpg",621,365,true],"large":["https:\/\/arantv.az\/wp-content\/uploads\/2024\/07\/44397da37da7852c6a59ae6457607a4f-840x494.jpg",640,376,true],"1536x1536":["https:\/\/arantv.az\/wp-content\/uploads\/2024\/07\/44397da37da7852c6a59ae6457607a4f.jpg",850,500,false],"2048x2048":["https:\/\/arantv.az\/wp-content\/uploads\/2024\/07\/44397da37da7852c6a59ae6457607a4f.jpg",850,500,false],"post-thumbnail":["https:\/\/arantv.az\/wp-content\/uploads\/2024\/07\/44397da37da7852c6a59ae6457607a4f-240x172.jpg",240,172,true],"advps-thumb-one":["https:\/\/arantv.az\/wp-content\/uploads\/2024\/07\/44397da37da7852c6a59ae6457607a4f.jpg",850,500,false]},"rttpg_author":{"display_name":"V\u00fcsal Rafiqo\u011flu","author_link":"https:\/\/arantv.az\/?author=2"},"rttpg_comment":0,"rttpg_category":"<a href=\"https:\/\/arantv.az\/?cat=1\" rel=\"category\">C\u0259miyy\u0259t<\/a>","rttpg_excerpt":"\u018fdliyy\u0259 Nazirliyinin \u0130nsan resurslar\u0131 idar\u0259sin\u0259 r\u0259is t\u0259yin olunub. ARANTV.AZ \u00a0x\u0259b\u0259r verir ki, \u0259dliyy\u0259 nazirinin m\u00fcvafiq \u0259mri il\u0259 Cahangir Hac\u0131yev Nazirliyin \u0130nsan resurslar\u0131 idar\u0259sin\u0259 r\u0259is t\u0259yin edilib. Cahangir Hac\u0131yev 1978-ci ild\u0259 anadan olub. Bak\u0131 D\u00f6vl\u0259t Universitetini h\u00fcquq\u015f\u00fcnasl\u0131q ixtisas\u0131 \u00fczr\u0259 2000-ci ild\u0259 bakalavr, 2002-ci ild\u0259 magistr d\u0259r\u0259c\u0259l\u0259rini f\u0259rql\u0259nm\u0259 diplomu il\u0259 bitirib. 1994-c\u00fc ild\u0259 \u0259m\u0259k f\u0259aliyy\u0259tin\u0259 ba\u015flayan Cahangir&hellip;","_links":{"self":[{"href":"https:\/\/arantv.az\/index.php?rest_route=\/wp\/v2\/posts\/736890"}],"collection":[{"href":"https:\/\/arantv.az\/index.php?rest_route=\/wp\/v2\/posts"}],"about":[{"href":"https:\/\/arantv.az\/index.php?rest_route=\/wp\/v2\/types\/post"}],"author":[{"embeddable":true,"href":"https:\/\/arantv.az\/index.php?rest_route=\/wp\/v2\/users\/2"}],"replies":[{"embeddable":true,"href":"https:\/\/arantv.az\/index.php?rest_route=%2Fwp%2Fv2%2Fcomments&post=736890"}],"version-history":[{"count":0,"href":"https:\/\/arantv.az\/index.php?rest_route=\/wp\/v2\/posts\/736890\/revisions"}],"wp:featuredmedia":[{"embeddable":true,"href":"https:\/\/arantv.az\/index.php?rest_route=\/wp\/v2\/media\/736891"}],"wp:attachment":[{"href":"https:\/\/arantv.az\/index.php?rest_route=%2Fwp%2Fv2%2Fmedia&parent=736890"}],"wp:term":[{"taxonomy":"category","embeddable":true,"href":"https:\/\/arantv.az\/index.php?rest_route=%2Fwp%2Fv2%2Fcategories&post=736890"},{"taxonomy":"post_tag","embeddable":true,"href":"https:\/\/arantv.az\/index.php?rest_route=%2Fwp%2Fv2%2Ftags&post=736890"}],"curies":[{"name":"wp","href":"https:\/\/api.w.org\/{rel}","templated":true}]}}