{"id":736893,"date":"2024-07-12T18:22:47","date_gmt":"2024-07-12T14:22:47","guid":{"rendered":"https:\/\/arantv.az\/?p=736893"},"modified":"2024-07-12T18:22:47","modified_gmt":"2024-07-12T14:22:47","slug":"bu-q%c9%99d%c9%99hl%c9%99ri-d%c9%99-qaldiraq-blinken-az%c9%99rbaycanla-s%c9%99rh%c9%99d%c9%99-g%c9%99lir","status":"publish","type":"post","link":"https:\/\/arantv.az\/?p=736893","title":{"rendered":"Bu q\u0259d\u0259hl\u0259ri d\u0259 qald\u0131raq!.. Blinken Az\u0259rbaycanla s\u0259rh\u0259d\u0259 g\u0259lir?"},"content":{"rendered":"<p><strong>D\u00fcn\u0259n AB\u015e-\u0131n Erm\u0259nistandak\u0131 s\u0259firi Krsitina Kvin Az\u0259rbaycanla \u015f\u0259rti s\u0259rh\u0259dd\u0259 peyda olub, Avropa Birliyinin (AB) yar\u0131m-casus m\u00fc\u015fahid\u0259 missiyas\u0131n\u0131n \u00fczvl\u0259ri il\u0259 birg\u0259 biz t\u0259r\u0259fi seyr edib. Q\u0259rb missionerl\u0259ri s\u0259rh\u0259dd\u0259 n\u0259 axtar\u0131r, n\u0259 itiribl\u0259r bilinmir&#8230;<\/strong><\/p>\n<p>M\u0259lumata g\u00f6r\u0259, s\u0259firin Erm\u0259nistana bu reverans\u0131 Qafanda (Q\u0259rbi Z\u0259ng\u0259zur) Birl\u0259\u015fmi\u015f \u015etatlar\u0131n M\u00fcst\u0259qillik G\u00fcn\u00fcn\u0259 h\u0259sr olunan t\u0259dbir \u00e7\u0259r\u00e7iv\u0259sind\u0259 edilib. Kristina Kvin qubernator Robert Qukasyanla da g\u00f6r\u00fc\u015f\u00fcb, \u201cAB\u015e-Erm\u0259nistan \u0259m\u0259kda\u015fl\u0131\u011f\u0131n\u0131 d\u0259rinl\u0259\u015fdirm\u0259yin m\u00fcmk\u00fcn yollar\u0131 v\u0259 \u00f6lk\u0259sinin Erm\u0259nistan\u0131n suverenliyi, \u0259razi b\u00fct\u00f6vl\u00fcy\u00fc v\u0259 rifah\u0131na d\u0259st\u0259yini\u201d m\u00fczakir\u0259 edib. \u00dcst\u0259g\u0259l, Qaraba\u011f\u0131n erm\u0259ni k\u00f6\u00e7k\u00fcnl\u0259ri il\u0259 bir araya g\u0259lib.<\/p>\n<p>AB\u015e-\u0131n \u0130r\u0259vandak\u0131 s\u0259firliyinin Facebook s\u0259hif\u0259sind\u0259 Kvinin s\u0259rh\u0259d ziyar\u0259ti il\u0259 ba\u011fl\u0131 x\u0259b\u0259rd\u0259 is\u0259 deyilir: \u201cBirl\u0259\u015fmi\u015f \u015etatlar davaml\u0131 v\u0259 l\u0259yaq\u0259tli s\u00fclh\u00fcn b\u0259rq\u0259rar edilm\u0259si istiqam\u0259tind\u0259 Erm\u0259nistan v\u0259 Az\u0259rbaycan\u0131n \u0259ld\u0259 etdiyi ir\u0259lil\u0259yi\u015fi alq\u0131\u015flay\u0131r\u201d&#8230;<\/p>\n<p><strong>G\u00f6r\u0259s\u0259n s\u00fclhp\u0259rv\u0259r \u201c\u00e7uxas\u0131\u201dnda bu s\u00f6zl\u0259ri izhar etm\u0259k \u00fc\u00e7\u00fcn s\u0259firin Az\u0259rbaycanla \u015f\u0259rti s\u0259rh\u0259d\u0259 g\u0259lm\u0259sin\u0259 n\u0259 l\u00fczum?<\/strong>\u00a0Ax\u0131 bu q\u0259bil gedi\u015fl\u0259r Bak\u0131ya m\u00fcnasib\u0259td\u0259 xo\u015f m\u0259ram g\u00fcdm\u00fcr v\u0259 \u0259n \u0259vv\u0259l o anlama g\u0259lir ki, \u201cbiz Az\u0259rbaycan t\u0259r\u0259fd\u0259n Erm\u0259nistana h\u00fccum t\u0259hl\u00fck\u0259si ehtimal\u0131n\u0131 h\u0259l\u0259 d\u0259 ciddi q\u0259bul edirik\u201d.<\/p>\n<p>Bu, doyas\u0131yla h\u0259m d\u0259 erm\u0259ni radikal-revan\u015fistl\u0259rd\u0259 v\u0259 \u201cm\u00fcharib\u0259 partiyas\u0131\u201dnda \u0259lav\u0259 v\u0259 yersiz stimul yaratmaq, anti-T\u00fcrk ovqat\u0131n\u0131 k\u00f6r\u00fckl\u0259m\u0259kdir. O zaman \u201co n\u0259 p\u0259hriz, bu n\u0259 tur\u015fu\u201d?<\/p>\n<p>Y\u0259ni AB\u015e r\u0259smil\u0259ri ger\u00e7\u0259kd\u0259n d\u0259 iki qon\u015fu xalq\u0131n bar\u0131\u015f\u0131\u011f\u0131n\u0131 v\u0259 s\u00fclh m\u00fcqavil\u0259sinin tezlikl\u0259 imzalanmas\u0131n\u0131 ist\u0259yirl\u0259rs\u0259, onun yolu bu deyil ax\u0131. Bar\u0131 s\u00fclh prosesin\u0259 p\u0259l vurmas\u0131nlar&#8230;<\/p>\n<p>M\u0259xsus\u0259n xan\u0131m s\u0259firin diqq\u0259tin\u0259: Bak\u0131-\u0130r\u0259van s\u00fclh m\u00fcqavil\u0259sin\u0259 \u0259n b\u00f6y\u00fck \u0259ng\u0259l b\u0259lli &#8211; Erm\u0259nistan\u0131n m\u00fcharib\u0259 qoxulu m\u0259nfur konstitusiyas\u0131! Amma n\u0259d\u0259ns\u0259 biz K.K. daxil, AB\u015e r\u0259smil\u0259rinin bu y\u00f6nd\u0259 hans\u0131sa narahatl\u0131\u011f\u0131n\u0131, \u0259ndi\u015f\u0259sini g\u00f6rm\u0259dik.<\/p>\n<p>Bunun ba\u011fl\u0131 qap\u0131lar arxas\u0131nda edildiyin\u0259, \u0130r\u0259van\u0131n \u201cqula\u011f\u0131na\u201d \u201c\u00f6z\u00fcn\u00fc a\u011f\u0131ll\u0131 apar\u201d mesaj\u0131 p\u0131\u00e7\u0131ldad\u0131qlar\u0131na da \u0259sla inanm\u0131r\u0131q. H\u0259r halda amerikal\u0131 s\u0259firin erm\u0259ni qubernatorla q\u0259d\u0259h toqqu\u015fdurmas\u0131 bizd\u0259 bel\u0259 nikbin t\u0259\u0259ss\u00fcrat do\u011furmur. \u018fksin\u0259.<\/p>\n<p><strong>M\u0259g\u0259r AB\u015e f\u0259rqind\u0259 deyil ki, Erm\u0259nistan konstitusiyas\u0131nda Az\u0259rbaycan v\u0259 T\u00fcrkiy\u0259y\u0259 qar\u015f\u0131 \u0259sass\u0131z \u0259razi iddialar\u0131 qald\u0131qca bu \u201cizqoy\u201d (dalan) \u00f6lk\u0259 n\u0259inki rifaha qovu\u015fmayacaq v\u0259 t\u0259hl\u00fck\u0259sizlikd\u0259 olmayacaq, onun \u0259razi b\u00fct\u00f6vl\u00fcy\u00fc d\u0259 daim t\u0259hdid alt\u0131nda qalacaq?!.<\/strong><\/p>\n<p>Bu minvalla s\u0259rh\u0259d\u0259 g\u0259lib Az\u0259rbaycan \u0259razisini sanki d\u00fc\u015fm\u0259n \u00f6lk\u0259 olaraq m\u00fc\u015fahid\u0259 el\u0259m\u0259y\u0259 birc\u0259 Kvinin m\u00fcdiri E.Blinken \u00e7atm\u0131r.<\/p>\n<p>O ki qald\u0131 diplomat\u0131n Z\u0259ng\u0259zurda erm\u0259ni k\u00f6\u00e7k\u00fcnl\u0259rl\u0259 g\u00f6r\u00fc\u015f\u00fcn\u0259, n\u0259d\u0259ns\u0259 bel\u0259 siyasi sentimentall\u0131\u011f\u0131 35 il \u0259rzind\u0259 Bak\u0131dak\u0131 AB\u015e s\u0259firind\u0259n az\u0259rbaycanl\u0131 qa\u00e7q\u0131n-k\u00f6\u00e7k\u00fcnl\u0259r\u0259 m\u00fcnasib\u0259td\u0259 g\u00f6rm\u0259dik. Ona g\u00f6r\u0259 ki, biz erm\u0259ni yox, t\u00fcrk-m\u00fcs\u0259lman\u0131q?<\/p>\n<p>Yeri g\u0259lmi\u015fk\u0259n, i\u015f\u011fal\u0131 d\u00f6vr\u00fcnd\u0259 AB\u015e Qaraba\u011fdak\u0131 separat\u00e7\u0131-kriminal-xunta rejimin\u0259 h\u0259r il d\u00f6vl\u0259t s\u0259viyy\u0259sind\u0259 (!!) maliyy\u0259 yard\u0131m\u0131 ay\u0131ran yegan\u0259 \u00f6lk\u0259 olub. Bunu h\u0259tta Rusiya, Fransa da etm\u0259yib. Yard\u0131mlar indi d\u0259 davam edir. Amma k\u00f6\u00e7k\u00fcnl\u0259r\u0259 k\u00f6m\u0259k ad\u0131 il\u0259.<\/p>\n<p><strong>H\u0259r\u00e7\u0259nd g\u00fcn kimi ayd\u0131nd\u0131r ki, bel\u0259 k\u00f6m\u0259klikl\u0259r m\u00fcst\u0259sna olaraq erm\u0259ni separatizmini ayaqda saxlama\u011fa y\u00f6n\u0259lib.<\/strong>\u00a0Lap d\u0259qiqi, g\u00fcn\u00fcn birind\u0259 \u201cerm\u0259ni k\u00f6\u00e7k\u00fcnl\u0259ri\u201d kart\u0131ndan Az\u0259rbaycana qar\u015f\u0131 t\u0259zyiq al\u0259ti qismind\u0259 istifad\u0259 olunaca\u011f\u0131 istisna deyil. \u00dcmum\u0259n on ill\u0259rdir ma\u015fa kimi istifad\u0259 edil\u0259n erm\u0259ni toplumu, Erm\u0259nistan kimi.<\/p>\n<p>Erm\u0259ni d\u0259 el\u0259 bilir ki, t\u0259l\u0259d\u0259ki havay\u0131 pendir onun qara qa\u015f-g\u00f6z\u00fcn\u0259 g\u00f6r\u0259 qoyulub&#8230;<\/p>\n<p><strong>Z.S\u018fF\u018fRO\u011eLU<\/strong><\/p>\n","protected":false},"excerpt":{"rendered":"<p>D\u00fcn\u0259n AB\u015e-\u0131n Erm\u0259nistandak\u0131 s\u0259firi Krsitina Kvin Az\u0259rbaycanla \u015f\u0259rti s\u0259rh\u0259dd\u0259 peyda olub, Avropa Birliyinin (AB) yar\u0131m-casus m\u00fc\u015fahid\u0259 missiyas\u0131n\u0131n \u00fczvl\u0259ri il\u0259 birg\u0259 biz t\u0259r\u0259fi seyr edib. Q\u0259rb missionerl\u0259ri s\u0259rh\u0259dd\u0259 n\u0259 axtar\u0131r, n\u0259 itiribl\u0259r bilinmir&#8230; M\u0259lumata g\u00f6r\u0259, s\u0259firin Erm\u0259nistana bu reverans\u0131 Qafanda (Q\u0259rbi Z\u0259ng\u0259zur) Birl\u0259\u015fmi\u015f \u015etatlar\u0131n M\u00fcst\u0259qillik G\u00fcn\u00fcn\u0259 h\u0259sr olunan t\u0259dbir \u00e7\u0259r\u00e7iv\u0259sind\u0259 edilib. Kristina Kvin qubernator Robert Qukasyanla da g\u00f6r\u00fc\u015f\u00fcb, \u201cAB\u015e-Erm\u0259nistan \u0259m\u0259kda\u015fl\u0131\u011f\u0131n\u0131 d\u0259rinl\u0259\u015fdirm\u0259yin m\u00fcmk\u00fcn yollar\u0131 v\u0259 \u00f6lk\u0259sinin Erm\u0259nistan\u0131n suverenliyi, \u0259razi b\u00fct\u00f6vl\u00fcy\u00fc v\u0259 rifah\u0131na d\u0259st\u0259yini\u201d m\u00fczakir\u0259 edib. \u00dcst\u0259g\u0259l, Qaraba\u011f\u0131n erm\u0259ni k\u00f6\u00e7k\u00fcnl\u0259ri il\u0259 bir araya g\u0259lib. AB\u015e-\u0131n \u0130r\u0259vandak\u0131 s\u0259firliyinin Facebook s\u0259hif\u0259sind\u0259 Kvinin s\u0259rh\u0259d ziyar\u0259ti il\u0259&hellip;<\/p>\n","protected":false},"author":2,"featured_media":736894,"comment_status":"closed","ping_status":"closed","sticky":false,"template":"","format":"standard","meta":{"om_disable_all_campaigns":false,"_monsterinsights_skip_tracking":false,"_monsterinsights_sitenote_active":false,"_monsterinsights_sitenote_note":"","_monsterinsights_sitenote_category":0},"categories":[19],"tags":[],"aioseo_notices":[],"gutentor_comment":0,"rttpg_featured_image_url":{"full":["https:\/\/arantv.az\/wp-content\/uploads\/2024\/07\/6bc097c1c7de105fac9573f2686ad30d.jpg",870,500,false],"landscape":["https:\/\/arantv.az\/wp-content\/uploads\/2024\/07\/6bc097c1c7de105fac9573f2686ad30d.jpg",870,500,false],"portraits":["https:\/\/arantv.az\/wp-content\/uploads\/2024\/07\/6bc097c1c7de105fac9573f2686ad30d.jpg",870,500,false],"thumbnail":["https:\/\/arantv.az\/wp-content\/uploads\/2024\/07\/6bc097c1c7de105fac9573f2686ad30d-500x280.jpg",500,280,true],"medium":["https:\/\/arantv.az\/wp-content\/uploads\/2024\/07\/6bc097c1c7de105fac9573f2686ad30d-635x365.jpg",635,365,true],"large":["https:\/\/arantv.az\/wp-content\/uploads\/2024\/07\/6bc097c1c7de105fac9573f2686ad30d-840x483.jpg",640,368,true],"1536x1536":["https:\/\/arantv.az\/wp-content\/uploads\/2024\/07\/6bc097c1c7de105fac9573f2686ad30d.jpg",870,500,false],"2048x2048":["https:\/\/arantv.az\/wp-content\/uploads\/2024\/07\/6bc097c1c7de105fac9573f2686ad30d.jpg",870,500,false],"post-thumbnail":["https:\/\/arantv.az\/wp-content\/uploads\/2024\/07\/6bc097c1c7de105fac9573f2686ad30d-240x172.jpg",240,172,true],"advps-thumb-one":["https:\/\/arantv.az\/wp-content\/uploads\/2024\/07\/6bc097c1c7de105fac9573f2686ad30d.jpg",870,500,false]},"rttpg_author":{"display_name":"V\u00fcsal Rafiqo\u011flu","author_link":"https:\/\/arantv.az\/?author=2"},"rttpg_comment":0,"rttpg_category":"<a href=\"https:\/\/arantv.az\/?cat=19\" rel=\"category\">G\u00fcnd\u0259m<\/a>","rttpg_excerpt":"D\u00fcn\u0259n AB\u015e-\u0131n Erm\u0259nistandak\u0131 s\u0259firi Krsitina Kvin Az\u0259rbaycanla \u015f\u0259rti s\u0259rh\u0259dd\u0259 peyda olub, Avropa Birliyinin (AB) yar\u0131m-casus m\u00fc\u015fahid\u0259 missiyas\u0131n\u0131n \u00fczvl\u0259ri il\u0259 birg\u0259 biz t\u0259r\u0259fi seyr edib. Q\u0259rb missionerl\u0259ri s\u0259rh\u0259dd\u0259 n\u0259 axtar\u0131r, n\u0259 itiribl\u0259r bilinmir&#8230; M\u0259lumata g\u00f6r\u0259, s\u0259firin Erm\u0259nistana bu reverans\u0131 Qafanda (Q\u0259rbi Z\u0259ng\u0259zur) Birl\u0259\u015fmi\u015f \u015etatlar\u0131n M\u00fcst\u0259qillik G\u00fcn\u00fcn\u0259 h\u0259sr olunan t\u0259dbir \u00e7\u0259r\u00e7iv\u0259sind\u0259 edilib. Kristina Kvin qubernator Robert Qukasyanla&hellip;","_links":{"self":[{"href":"https:\/\/arantv.az\/index.php?rest_route=\/wp\/v2\/posts\/736893"}],"collection":[{"href":"https:\/\/arantv.az\/index.php?rest_route=\/wp\/v2\/posts"}],"about":[{"href":"https:\/\/arantv.az\/index.php?rest_route=\/wp\/v2\/types\/post"}],"author":[{"embeddable":true,"href":"https:\/\/arantv.az\/index.php?rest_route=\/wp\/v2\/users\/2"}],"replies":[{"embeddable":true,"href":"https:\/\/arantv.az\/index.php?rest_route=%2Fwp%2Fv2%2Fcomments&post=736893"}],"version-history":[{"count":0,"href":"https:\/\/arantv.az\/index.php?rest_route=\/wp\/v2\/posts\/736893\/revisions"}],"wp:featuredmedia":[{"embeddable":true,"href":"https:\/\/arantv.az\/index.php?rest_route=\/wp\/v2\/media\/736894"}],"wp:attachment":[{"href":"https:\/\/arantv.az\/index.php?rest_route=%2Fwp%2Fv2%2Fmedia&parent=736893"}],"wp:term":[{"taxonomy":"category","embeddable":true,"href":"https:\/\/arantv.az\/index.php?rest_route=%2Fwp%2Fv2%2Fcategories&post=736893"},{"taxonomy":"post_tag","embeddable":true,"href":"https:\/\/arantv.az\/index.php?rest_route=%2Fwp%2Fv2%2Ftags&post=736893"}],"curies":[{"name":"wp","href":"https:\/\/api.w.org\/{rel}","templated":true}]}}