{"id":736901,"date":"2024-07-12T18:24:32","date_gmt":"2024-07-12T14:24:32","guid":{"rendered":"https:\/\/arantv.az\/?p=736901"},"modified":"2024-07-12T18:24:32","modified_gmt":"2024-07-12T14:24:32","slug":"dagliq-rayonlara-leysan-yagacaq-b%c9%99zi-caylardan-sel-kec%c9%99c%c9%99k-x%c9%99b%c9%99rdarliq","status":"publish","type":"post","link":"https:\/\/arantv.az\/?p=736901","title":{"rendered":"Da\u011fl\u0131q rayonlara leysan ya\u011facaq, b\u0259zi \u00e7aylardan sel ke\u00e7\u0259c\u0259k &#8211; X\u018fB\u018fRDARLIQ"},"content":{"rendered":"<p>Az\u0259rbaycan\u0131n rayonlar\u0131nda iyulun 13-15-d\u0259 \u0259sas\u0259n g\u00fcnd\u00fcz saatlar\u0131nda b\u0259zi da\u011fl\u0131q v\u0259 da\u011f\u0259t\u0259yi rayonlarda arabir ya\u011f\u0131\u015f ya\u011faca\u011f\u0131 g\u00f6zl\u0259nilir.<\/p>\n<p>Milli Hidrometeorologiya Xidm\u0259tind\u0259n\u00a0\u201c\u0130ki sahil&#8221;\u0259 veril\u0259n m\u0259lumata g\u00f6r\u0259, ayr\u0131-ayr\u0131 yerl\u0259rd\u0259 q\u0131sam\u00fcdd\u0259tli leysan xarakterli olaca\u011f\u0131, \u015fim\u015f\u0259k \u00e7axaca\u011f\u0131, dolu d\u00fc\u015f\u0259c\u0259yi ehtimal\u0131 var.<\/p>\n<p>\u00c7aylarda sululu\u011fun artaca\u011f\u0131, B\u00f6y\u00fck v\u0259 Ki\u00e7ik Qafqaz\u0131n b\u0259zi \u00e7aylar\u0131ndan q\u0131sam\u00fcdd\u0259tli da\u015fq\u0131n v\u0259 sel ke\u00e7\u0259c\u0259yi g\u00f6zl\u0259nilir.<\/p>\n","protected":false},"excerpt":{"rendered":"<p>Az\u0259rbaycan\u0131n rayonlar\u0131nda iyulun 13-15-d\u0259 \u0259sas\u0259n g\u00fcnd\u00fcz saatlar\u0131nda b\u0259zi da\u011fl\u0131q v\u0259 da\u011f\u0259t\u0259yi rayonlarda arabir ya\u011f\u0131\u015f ya\u011faca\u011f\u0131 g\u00f6zl\u0259nilir. Milli Hidrometeorologiya Xidm\u0259tind\u0259n\u00a0\u201c\u0130ki sahil&#8221;\u0259 veril\u0259n m\u0259lumata g\u00f6r\u0259, ayr\u0131-ayr\u0131 yerl\u0259rd\u0259 q\u0131sam\u00fcdd\u0259tli leysan xarakterli olaca\u011f\u0131, \u015fim\u015f\u0259k \u00e7axaca\u011f\u0131, dolu d\u00fc\u015f\u0259c\u0259yi ehtimal\u0131 var. \u00c7aylarda sululu\u011fun artaca\u011f\u0131, B\u00f6y\u00fck v\u0259 Ki\u00e7ik Qafqaz\u0131n b\u0259zi \u00e7aylar\u0131ndan q\u0131sam\u00fcdd\u0259tli da\u015fq\u0131n v\u0259 sel ke\u00e7\u0259c\u0259yi g\u00f6zl\u0259nilir.<\/p>\n","protected":false},"author":2,"featured_media":736902,"comment_status":"closed","ping_status":"closed","sticky":false,"template":"","format":"standard","meta":{"om_disable_all_campaigns":false,"_monsterinsights_skip_tracking":false,"_monsterinsights_sitenote_active":false,"_monsterinsights_sitenote_note":"","_monsterinsights_sitenote_category":0},"categories":[22],"tags":[],"aioseo_notices":[],"gutentor_comment":0,"rttpg_featured_image_url":{"full":["https:\/\/arantv.az\/wp-content\/uploads\/2024\/07\/f10f2da9169030829999126923710466546-1.jpg",975,540,false],"landscape":["https:\/\/arantv.az\/wp-content\/uploads\/2024\/07\/f10f2da9169030829999126923710466546-1.jpg",975,540,false],"portraits":["https:\/\/arantv.az\/wp-content\/uploads\/2024\/07\/f10f2da9169030829999126923710466546-1.jpg",975,540,false],"thumbnail":["https:\/\/arantv.az\/wp-content\/uploads\/2024\/07\/f10f2da9169030829999126923710466546-1-500x280.jpg",500,280,true],"medium":["https:\/\/arantv.az\/wp-content\/uploads\/2024\/07\/f10f2da9169030829999126923710466546-1-660x365.jpg",660,365,true],"large":["https:\/\/arantv.az\/wp-content\/uploads\/2024\/07\/f10f2da9169030829999126923710466546-1-840x465.jpg",640,354,true],"1536x1536":["https:\/\/arantv.az\/wp-content\/uploads\/2024\/07\/f10f2da9169030829999126923710466546-1.jpg",975,540,false],"2048x2048":["https:\/\/arantv.az\/wp-content\/uploads\/2024\/07\/f10f2da9169030829999126923710466546-1.jpg",975,540,false],"post-thumbnail":["https:\/\/arantv.az\/wp-content\/uploads\/2024\/07\/f10f2da9169030829999126923710466546-1-240x172.jpg",240,172,true],"advps-thumb-one":["https:\/\/arantv.az\/wp-content\/uploads\/2024\/07\/f10f2da9169030829999126923710466546-1.jpg",975,540,false]},"rttpg_author":{"display_name":"V\u00fcsal Rafiqo\u011flu","author_link":"https:\/\/arantv.az\/?author=2"},"rttpg_comment":0,"rttpg_category":"<a href=\"https:\/\/arantv.az\/?cat=22\" rel=\"category\">Hava<\/a>","rttpg_excerpt":"Az\u0259rbaycan\u0131n rayonlar\u0131nda iyulun 13-15-d\u0259 \u0259sas\u0259n g\u00fcnd\u00fcz saatlar\u0131nda b\u0259zi da\u011fl\u0131q v\u0259 da\u011f\u0259t\u0259yi rayonlarda arabir ya\u011f\u0131\u015f ya\u011faca\u011f\u0131 g\u00f6zl\u0259nilir. Milli Hidrometeorologiya Xidm\u0259tind\u0259n\u00a0\u201c\u0130ki sahil&#8221;\u0259 veril\u0259n m\u0259lumata g\u00f6r\u0259, ayr\u0131-ayr\u0131 yerl\u0259rd\u0259 q\u0131sam\u00fcdd\u0259tli leysan xarakterli olaca\u011f\u0131, \u015fim\u015f\u0259k \u00e7axaca\u011f\u0131, dolu d\u00fc\u015f\u0259c\u0259yi ehtimal\u0131 var. \u00c7aylarda sululu\u011fun artaca\u011f\u0131, B\u00f6y\u00fck v\u0259 Ki\u00e7ik Qafqaz\u0131n b\u0259zi \u00e7aylar\u0131ndan q\u0131sam\u00fcdd\u0259tli da\u015fq\u0131n v\u0259 sel ke\u00e7\u0259c\u0259yi g\u00f6zl\u0259nilir.","_links":{"self":[{"href":"https:\/\/arantv.az\/index.php?rest_route=\/wp\/v2\/posts\/736901"}],"collection":[{"href":"https:\/\/arantv.az\/index.php?rest_route=\/wp\/v2\/posts"}],"about":[{"href":"https:\/\/arantv.az\/index.php?rest_route=\/wp\/v2\/types\/post"}],"author":[{"embeddable":true,"href":"https:\/\/arantv.az\/index.php?rest_route=\/wp\/v2\/users\/2"}],"replies":[{"embeddable":true,"href":"https:\/\/arantv.az\/index.php?rest_route=%2Fwp%2Fv2%2Fcomments&post=736901"}],"version-history":[{"count":0,"href":"https:\/\/arantv.az\/index.php?rest_route=\/wp\/v2\/posts\/736901\/revisions"}],"wp:featuredmedia":[{"embeddable":true,"href":"https:\/\/arantv.az\/index.php?rest_route=\/wp\/v2\/media\/736902"}],"wp:attachment":[{"href":"https:\/\/arantv.az\/index.php?rest_route=%2Fwp%2Fv2%2Fmedia&parent=736901"}],"wp:term":[{"taxonomy":"category","embeddable":true,"href":"https:\/\/arantv.az\/index.php?rest_route=%2Fwp%2Fv2%2Fcategories&post=736901"},{"taxonomy":"post_tag","embeddable":true,"href":"https:\/\/arantv.az\/index.php?rest_route=%2Fwp%2Fv2%2Ftags&post=736901"}],"curies":[{"name":"wp","href":"https:\/\/api.w.org\/{rel}","templated":true}]}}