{"id":736904,"date":"2024-07-12T18:25:12","date_gmt":"2024-07-12T14:25:12","guid":{"rendered":"https:\/\/arantv.az\/?p=736904"},"modified":"2024-07-12T18:25:12","modified_gmt":"2024-07-12T14:25:12","slug":"siyas%c9%99tidar-kolg%c9%99li-k%c9%99rimli","status":"publish","type":"post","link":"https:\/\/arantv.az\/?p=736904","title":{"rendered":"Siyas\u0259t(i)dar  k\u00f6lg\u018fli K\u0259rimli"},"content":{"rendered":"<h5>Niy\u0259 k\u00f6lg\u018fL\u0130 K\u0259rimli? Ona g\u00f6r\u0259 ki, adam b\u00fct\u00fcn proses v\u0259 hadis\u0259l\u0259ri qara g\u00f6r\u00fcr, \u00fcz\u0259rin\u0259 k\u00f6lg\u0259 salma\u011fa \u00e7al\u0131\u015f\u0131r. Siyas\u0259t(i)dar indi d\u0259 d\u00fc\u015f\u00fcb ki, b\u0259s, Az\u0259rbaycan\u0131n BRICS-\u0259 \u00fczv olmas\u0131 C\u00fcmhuriyy\u0259t\u0259 x\u0259yan\u0259tdir, demokratikl\u0259\u015fm\u0259y\u0259 qar\u015f\u0131d\u0131r, ay daha n\u0259l\u0259r. BRICS he\u00e7 d\u0259 siyasi t\u0259yinatl\u0131 birlik deyil. Bu birlik \u0259sas\u0259n iqtisadi \u0259laq\u0259l\u0259r\u0259 \u0259saslan\u0131r. Bir halda ki, d\u00fcnya \u00f6lk\u0259l\u0259rinin \u0259ks\u0259riyy\u0259ti t\u0259r\u0259find\u0259n bu birliy\u0259 b\u00f6y\u00fck maraq var, o zaman \u018fli K\u0259rimli Az\u0259rbaycan\u0131n BRICS-\u0259 \u00fczv olmaq a\u00e7\u0131qlamas\u0131n\u0131 n\u0259 \u00fc\u00e7\u00fcn q\u0259rib\u00e7ily\u0259 salma\u011fa \u00e7al\u0131\u015f\u0131r?<\/h5>\n<p>Az\u0259rbaycan m\u00fcst\u0259qil siyas\u0259t y\u00fcr\u00fcd\u0259n \u00f6lk\u0259dir v\u0259 he\u00e7 bir\u00a0 dair\u0259 v\u0259 ya d\u00f6vl\u0259tin dikt\u0259si il\u0259 h\u0259r\u0259k\u0259t etmir. \u00d6lk\u0259miz iqtisadi-ticari m\u00fcnasib\u0259tl\u0259rin inki\u015faf\u0131nda v\u0259 kommunikasiyalar\u0131n\u00a0 yarad\u0131lmas\u0131nda maraql\u0131d\u0131r. BRICS-\u0259 daxil olan \u00f6lk\u0259l\u0259r is\u0259 bu sah\u0259d\u0259 b\u00f6y\u00fck imkanlara malikdirl\u0259r. N\u0259 is\u0259 \u00e7ox da d\u0259rin\u0259 getm\u0259yin \u018fli K\u0259rimli \u00fc\u00e7\u00fcn he\u00e7 bir m\u0259nas\u0131 yoxdur. Siyas\u0259t(i)dar perspektivl\u0259ri he\u00e7 bir zaman g\u00f6r\u0259 v\u0259 qiym\u0259tl\u0259ndir\u0259 bilm\u0259yib. Ba\u015fqa s\u00f6zl\u0259 des\u0259k, he\u00e7 vaxt \u201cq\u0259r\u0259z \u00e7ana\u011f\u0131\u201dndan \u00e7\u0131xa bilm\u0259yib. \u018fli K\u0259rimli bir vaxtlar \u00f6lk\u0259mizin Qo\u015fulmama H\u0259r\u0259kat\u0131ndak\u0131 f\u0259aliyy\u0259tin\u0259 \u00a0d\u0259 k\u00f6lg\u0259 sal\u0131r, H\u0259r\u0259kat \u00f6lk\u0259l\u0259rini \u201c\u00e7\u0131rtdan\u201d, \u201cgeriqal\u0131m\u0131\u015f\u201d v\u0259 sair formada m\u0259sx\u0259r\u0259y\u0259 qoyma\u011fa \u00e7al\u0131\u015frd\u0131. Zaman g\u0259ldi, Qo\u015fulmama H\u0259r\u0259kat\u0131 Az\u0259rbaycan\u0131n haqq i\u015finin diplomatik m\u00fcst\u0259vid\u0259 q\u0259l\u0259b\u0259 qazanmas\u0131na ciddi d\u0259st\u0259k oldu.\u00a0 \u0130ndi d\u0259 BRICS haqq\u0131nda s\u0259rs\u0259m fikirl\u0259r s\u0259sl\u0259ndirir.\u00a0 Bir siyas\u0259t\u00e7inin ki, n\u00fcmun\u0259si, etalonu Erm\u0259nistan ola! Adam yen\u0259 d\u0259 Erm\u0259nistan\u0131 n\u00fcmun\u0259 \u00e7\u0259kir ki, b\u0259s A\u0130-na inteqrasiya edir, Q\u0259rb\u0259 meyll\u0259nir, AB\u015e-a s\u0131\u011f\u0131n\u0131r. \u0130ddia edir ki, bununla da Erm\u0259nistan inki\u015faf ed\u0259c\u0259k. A\u0130, AB\u015e hans\u0131 \u00f6lk\u0259nin inki\u015faf\u0131na hans\u0131 t\u00f6hf\u0259ni verib, dey\u0259 \u018fli K\u0259rimlid\u0259n soru\u015fmaq laz\u0131md\u0131r. Olmaya, AB\u015e-\u0131n, A\u0130-nin \u201cd\u0259st\u0259k\u201d verdiyi Ukraynan\u0131n \u201cinki\u015faf model\u201dini n\u0259z\u0259rd\u0259 tutur?!<\/p>\n<p>Olsun ki, \u018fli K\u0259rimli BRICS haqq\u0131nda \u00e7ox da m\u0259lumatl\u0131 deyil v\u0259 internetd\u0259 axtar\u0131\u015f ver\u0259nd\u0259 d\u0259 BRICS abreviaturas\u0131n\u0131 s\u0259sl\u0259ndirdiyi kimi \u201cbricks\u201d formas\u0131nda yaz\u0131b. T\u0259rslikd\u0259n bu s\u00f6z d\u0259 ingilis dilind\u0259 m\u00f6vcuddur v\u0259 \u201ck\u0259rpicl\u0259r\u201d m\u0259nas\u0131n\u0131 verir. Onun \u00fc\u00e7\u00fcn adam \u0259l\u0259\u015f\u0259ni-k\u00fcl\u0259\u015f\u0259n\u0259 qar\u0131\u015fd\u0131r\u0131b.<\/p>\n<p><strong>Anar \u015eahmurad,<\/strong><\/p>\n<p><em>\u0130ctimai-siyasi f\u0259al<\/em><\/p>\n","protected":false},"excerpt":{"rendered":"<p>Niy\u0259 k\u00f6lg\u018fL\u0130 K\u0259rimli? Ona g\u00f6r\u0259 ki, adam b\u00fct\u00fcn proses v\u0259 hadis\u0259l\u0259ri qara g\u00f6r\u00fcr, \u00fcz\u0259rin\u0259 k\u00f6lg\u0259 salma\u011fa \u00e7al\u0131\u015f\u0131r. Siyas\u0259t(i)dar indi d\u0259 d\u00fc\u015f\u00fcb ki, b\u0259s, Az\u0259rbaycan\u0131n BRICS-\u0259 \u00fczv olmas\u0131 C\u00fcmhuriyy\u0259t\u0259 x\u0259yan\u0259tdir, demokratikl\u0259\u015fm\u0259y\u0259 qar\u015f\u0131d\u0131r, ay daha n\u0259l\u0259r. BRICS he\u00e7 d\u0259 siyasi t\u0259yinatl\u0131 birlik deyil. Bu birlik \u0259sas\u0259n iqtisadi \u0259laq\u0259l\u0259r\u0259 \u0259saslan\u0131r. Bir halda ki, d\u00fcnya \u00f6lk\u0259l\u0259rinin \u0259ks\u0259riyy\u0259ti t\u0259r\u0259find\u0259n bu birliy\u0259 b\u00f6y\u00fck maraq var, o zaman \u018fli K\u0259rimli Az\u0259rbaycan\u0131n BRICS-\u0259 \u00fczv olmaq a\u00e7\u0131qlamas\u0131n\u0131 n\u0259 \u00fc\u00e7\u00fcn q\u0259rib\u00e7ily\u0259 salma\u011fa \u00e7al\u0131\u015f\u0131r? Az\u0259rbaycan m\u00fcst\u0259qil siyas\u0259t y\u00fcr\u00fcd\u0259n \u00f6lk\u0259dir v\u0259 he\u00e7 bir\u00a0 dair\u0259 v\u0259 ya d\u00f6vl\u0259tin dikt\u0259si il\u0259 h\u0259r\u0259k\u0259t etmir. \u00d6lk\u0259miz&hellip;<\/p>\n","protected":false},"author":2,"featured_media":736905,"comment_status":"closed","ping_status":"closed","sticky":false,"template":"","format":"standard","meta":{"om_disable_all_campaigns":false,"_monsterinsights_skip_tracking":false,"_monsterinsights_sitenote_active":false,"_monsterinsights_sitenote_note":"","_monsterinsights_sitenote_category":0},"categories":[19],"tags":[],"aioseo_notices":[],"gutentor_comment":0,"rttpg_featured_image_url":{"full":["https:\/\/arantv.az\/wp-content\/uploads\/2024\/07\/78631a4b172079213017062379410525200.jpg",975,540,false],"landscape":["https:\/\/arantv.az\/wp-content\/uploads\/2024\/07\/78631a4b172079213017062379410525200.jpg",975,540,false],"portraits":["https:\/\/arantv.az\/wp-content\/uploads\/2024\/07\/78631a4b172079213017062379410525200.jpg",975,540,false],"thumbnail":["https:\/\/arantv.az\/wp-content\/uploads\/2024\/07\/78631a4b172079213017062379410525200-500x280.jpg",500,280,true],"medium":["https:\/\/arantv.az\/wp-content\/uploads\/2024\/07\/78631a4b172079213017062379410525200-660x365.jpg",660,365,true],"large":["https:\/\/arantv.az\/wp-content\/uploads\/2024\/07\/78631a4b172079213017062379410525200-840x465.jpg",640,354,true],"1536x1536":["https:\/\/arantv.az\/wp-content\/uploads\/2024\/07\/78631a4b172079213017062379410525200.jpg",975,540,false],"2048x2048":["https:\/\/arantv.az\/wp-content\/uploads\/2024\/07\/78631a4b172079213017062379410525200.jpg",975,540,false],"post-thumbnail":["https:\/\/arantv.az\/wp-content\/uploads\/2024\/07\/78631a4b172079213017062379410525200-240x172.jpg",240,172,true],"advps-thumb-one":["https:\/\/arantv.az\/wp-content\/uploads\/2024\/07\/78631a4b172079213017062379410525200.jpg",975,540,false]},"rttpg_author":{"display_name":"V\u00fcsal Rafiqo\u011flu","author_link":"https:\/\/arantv.az\/?author=2"},"rttpg_comment":0,"rttpg_category":"<a href=\"https:\/\/arantv.az\/?cat=19\" rel=\"category\">G\u00fcnd\u0259m<\/a>","rttpg_excerpt":"Niy\u0259 k\u00f6lg\u018fL\u0130 K\u0259rimli? Ona g\u00f6r\u0259 ki, adam b\u00fct\u00fcn proses v\u0259 hadis\u0259l\u0259ri qara g\u00f6r\u00fcr, \u00fcz\u0259rin\u0259 k\u00f6lg\u0259 salma\u011fa \u00e7al\u0131\u015f\u0131r. Siyas\u0259t(i)dar indi d\u0259 d\u00fc\u015f\u00fcb ki, b\u0259s, Az\u0259rbaycan\u0131n BRICS-\u0259 \u00fczv olmas\u0131 C\u00fcmhuriyy\u0259t\u0259 x\u0259yan\u0259tdir, demokratikl\u0259\u015fm\u0259y\u0259 qar\u015f\u0131d\u0131r, ay daha n\u0259l\u0259r. BRICS he\u00e7 d\u0259 siyasi t\u0259yinatl\u0131 birlik deyil. Bu birlik \u0259sas\u0259n iqtisadi \u0259laq\u0259l\u0259r\u0259 \u0259saslan\u0131r. Bir halda ki, d\u00fcnya \u00f6lk\u0259l\u0259rinin \u0259ks\u0259riyy\u0259ti t\u0259r\u0259find\u0259n bu&hellip;","_links":{"self":[{"href":"https:\/\/arantv.az\/index.php?rest_route=\/wp\/v2\/posts\/736904"}],"collection":[{"href":"https:\/\/arantv.az\/index.php?rest_route=\/wp\/v2\/posts"}],"about":[{"href":"https:\/\/arantv.az\/index.php?rest_route=\/wp\/v2\/types\/post"}],"author":[{"embeddable":true,"href":"https:\/\/arantv.az\/index.php?rest_route=\/wp\/v2\/users\/2"}],"replies":[{"embeddable":true,"href":"https:\/\/arantv.az\/index.php?rest_route=%2Fwp%2Fv2%2Fcomments&post=736904"}],"version-history":[{"count":0,"href":"https:\/\/arantv.az\/index.php?rest_route=\/wp\/v2\/posts\/736904\/revisions"}],"wp:featuredmedia":[{"embeddable":true,"href":"https:\/\/arantv.az\/index.php?rest_route=\/wp\/v2\/media\/736905"}],"wp:attachment":[{"href":"https:\/\/arantv.az\/index.php?rest_route=%2Fwp%2Fv2%2Fmedia&parent=736904"}],"wp:term":[{"taxonomy":"category","embeddable":true,"href":"https:\/\/arantv.az\/index.php?rest_route=%2Fwp%2Fv2%2Fcategories&post=736904"},{"taxonomy":"post_tag","embeddable":true,"href":"https:\/\/arantv.az\/index.php?rest_route=%2Fwp%2Fv2%2Ftags&post=736904"}],"curies":[{"name":"wp","href":"https:\/\/api.w.org\/{rel}","templated":true}]}}