{"id":736907,"date":"2024-07-12T18:26:00","date_gmt":"2024-07-12T14:26:00","guid":{"rendered":"https:\/\/arantv.az\/?p=736907"},"modified":"2024-07-12T18:26:00","modified_gmt":"2024-07-12T14:26:00","slug":"32-ild%c9%99n-sonra-zabux-k%c9%99ndind%c9%99-ilk-usaq-bagcasinin-acilisi-olub","status":"publish","type":"post","link":"https:\/\/arantv.az\/?p=736907","title":{"rendered":"32 ild\u0259n sonra Zabux k\u0259ndind\u0259 ilk u\u015faq ba\u011f\u00e7as\u0131n\u0131n a\u00e7\u0131l\u0131\u015f\u0131 olub"},"content":{"rendered":"<p>32 ild\u0259n sonra La\u00e7\u0131n rayonunun Zabux k\u0259ndind\u0259 ilk u\u015faq ba\u011f\u00e7as\u0131n\u0131n a\u00e7\u0131l\u0131\u015f\u0131 oldu.<\/p>\n<p><strong>ARANTV.AZ x\u0259b\u0259r verir ki,<\/strong>\u00a0m\u0259rasimd\u0259 La\u00e7\u0131n rayonunda B\u0259rpa, Tikinti v\u0259 \u0130dar\u0259etm\u0259 Xidm\u0259tinin \u0259m\u0259kda\u015flar\u0131, La\u00e7\u0131n rayonunda Az\u0259rbaycan Respublikas\u0131 Prezidentinin x\u00fcsusi n\u00fcmay\u0259nd\u0259liyinin r\u0259smisi H\u00fcseyn Quliyev, La\u00e7\u0131n rayonunda B\u0259rpa, Tikinti v\u0259 \u0130dar\u0259etm\u0259 Xidm\u0259tinin \u0259m\u0259kda\u015flar\u0131, Elm v\u0259 T\u0259hsil Nazirliyi yan\u0131nda M\u0259kt\u0259b\u0259q\u0259d\u0259r v\u0259 \u00dcmumi T\u0259hsil \u00fczr\u0259 D\u00f6vl\u0259t Agentliyinin direktor m\u00fcavini Mehriban V\u0259liyeva, \u015e\u0259rqi Z\u0259ng\u0259zur Regional T\u0259hsil \u0130dar\u0259sinin m\u00fcdiri Fuad B\u0259d\u0259lov, La\u00e7\u0131n rayonu \u00fczr\u0259 t\u0259hsil sektorunun m\u00fcdiri Nicat H\u0259s\u0259nov, el\u0259c\u0259 d\u0259 La\u00e7\u0131n \u015f\u0259h\u0259r 1 n\u00f6mr\u0259li v\u0259 \u015f\u0259hid \u018fdal\u0259t M\u0259mm\u0259dov ad\u0131na Zabux k\u0259nd tam orta m\u0259kt\u0259bl\u0259rin m\u00fc\u0259llim v\u0259 \u015fagird hey\u0259ti, \u015f\u0259hid C\u0259bray\u0131l V\u0259liyevin ail\u0259si, k\u0259nd sakinl\u0259ri v\u0259 ziyal\u0131lar i\u015ftirak edib.<\/p>\n<p>Sonra m\u0259rasim i\u015ftirak\u00e7\u0131lar\u0131 u\u015faq ba\u011f\u00e7as\u0131nda yarad\u0131lm\u0131\u015f \u015f\u0259raitl\u0259 tan\u0131\u015f olublar.<\/p>\n","protected":false},"excerpt":{"rendered":"<p>32 ild\u0259n sonra La\u00e7\u0131n rayonunun Zabux k\u0259ndind\u0259 ilk u\u015faq ba\u011f\u00e7as\u0131n\u0131n a\u00e7\u0131l\u0131\u015f\u0131 oldu. ARANTV.AZ x\u0259b\u0259r verir ki,\u00a0m\u0259rasimd\u0259 La\u00e7\u0131n rayonunda B\u0259rpa, Tikinti v\u0259 \u0130dar\u0259etm\u0259 Xidm\u0259tinin \u0259m\u0259kda\u015flar\u0131, La\u00e7\u0131n rayonunda Az\u0259rbaycan Respublikas\u0131 Prezidentinin x\u00fcsusi n\u00fcmay\u0259nd\u0259liyinin r\u0259smisi H\u00fcseyn Quliyev, La\u00e7\u0131n rayonunda B\u0259rpa, Tikinti v\u0259 \u0130dar\u0259etm\u0259 Xidm\u0259tinin \u0259m\u0259kda\u015flar\u0131, Elm v\u0259 T\u0259hsil Nazirliyi yan\u0131nda M\u0259kt\u0259b\u0259q\u0259d\u0259r v\u0259 \u00dcmumi T\u0259hsil \u00fczr\u0259 D\u00f6vl\u0259t Agentliyinin direktor m\u00fcavini Mehriban V\u0259liyeva, \u015e\u0259rqi Z\u0259ng\u0259zur Regional T\u0259hsil \u0130dar\u0259sinin m\u00fcdiri Fuad B\u0259d\u0259lov, La\u00e7\u0131n rayonu \u00fczr\u0259 t\u0259hsil sektorunun m\u00fcdiri Nicat H\u0259s\u0259nov, el\u0259c\u0259 d\u0259 La\u00e7\u0131n \u015f\u0259h\u0259r 1 n\u00f6mr\u0259li v\u0259 \u015f\u0259hid \u018fdal\u0259t M\u0259mm\u0259dov ad\u0131na Zabux k\u0259nd tam orta m\u0259kt\u0259bl\u0259rin&hellip;<\/p>\n","protected":false},"author":2,"featured_media":736909,"comment_status":"closed","ping_status":"closed","sticky":false,"template":"","format":"standard","meta":{"om_disable_all_campaigns":false,"_monsterinsights_skip_tracking":false,"_monsterinsights_sitenote_active":false,"_monsterinsights_sitenote_note":"","_monsterinsights_sitenote_category":0},"categories":[1],"tags":[],"aioseo_notices":[],"gutentor_comment":0,"rttpg_featured_image_url":{"full":["https:\/\/arantv.az\/wp-content\/uploads\/2024\/07\/d2849eee172079268423417545111052411-1.jpg",975,540,false],"landscape":["https:\/\/arantv.az\/wp-content\/uploads\/2024\/07\/d2849eee172079268423417545111052411-1.jpg",975,540,false],"portraits":["https:\/\/arantv.az\/wp-content\/uploads\/2024\/07\/d2849eee172079268423417545111052411-1.jpg",975,540,false],"thumbnail":["https:\/\/arantv.az\/wp-content\/uploads\/2024\/07\/d2849eee172079268423417545111052411-1-500x280.jpg",500,280,true],"medium":["https:\/\/arantv.az\/wp-content\/uploads\/2024\/07\/d2849eee172079268423417545111052411-1-660x365.jpg",660,365,true],"large":["https:\/\/arantv.az\/wp-content\/uploads\/2024\/07\/d2849eee172079268423417545111052411-1-840x465.jpg",640,354,true],"1536x1536":["https:\/\/arantv.az\/wp-content\/uploads\/2024\/07\/d2849eee172079268423417545111052411-1.jpg",975,540,false],"2048x2048":["https:\/\/arantv.az\/wp-content\/uploads\/2024\/07\/d2849eee172079268423417545111052411-1.jpg",975,540,false],"post-thumbnail":["https:\/\/arantv.az\/wp-content\/uploads\/2024\/07\/d2849eee172079268423417545111052411-1-240x172.jpg",240,172,true],"advps-thumb-one":["https:\/\/arantv.az\/wp-content\/uploads\/2024\/07\/d2849eee172079268423417545111052411-1.jpg",975,540,false]},"rttpg_author":{"display_name":"V\u00fcsal Rafiqo\u011flu","author_link":"https:\/\/arantv.az\/?author=2"},"rttpg_comment":0,"rttpg_category":"<a href=\"https:\/\/arantv.az\/?cat=1\" rel=\"category\">C\u0259miyy\u0259t<\/a>","rttpg_excerpt":"32 ild\u0259n sonra La\u00e7\u0131n rayonunun Zabux k\u0259ndind\u0259 ilk u\u015faq ba\u011f\u00e7as\u0131n\u0131n a\u00e7\u0131l\u0131\u015f\u0131 oldu. ARANTV.AZ x\u0259b\u0259r verir ki,\u00a0m\u0259rasimd\u0259 La\u00e7\u0131n rayonunda B\u0259rpa, Tikinti v\u0259 \u0130dar\u0259etm\u0259 Xidm\u0259tinin \u0259m\u0259kda\u015flar\u0131, La\u00e7\u0131n rayonunda Az\u0259rbaycan Respublikas\u0131 Prezidentinin x\u00fcsusi n\u00fcmay\u0259nd\u0259liyinin r\u0259smisi H\u00fcseyn Quliyev, La\u00e7\u0131n rayonunda B\u0259rpa, Tikinti v\u0259 \u0130dar\u0259etm\u0259 Xidm\u0259tinin \u0259m\u0259kda\u015flar\u0131, Elm v\u0259 T\u0259hsil Nazirliyi yan\u0131nda M\u0259kt\u0259b\u0259q\u0259d\u0259r v\u0259 \u00dcmumi T\u0259hsil \u00fczr\u0259 D\u00f6vl\u0259t Agentliyinin direktor&hellip;","_links":{"self":[{"href":"https:\/\/arantv.az\/index.php?rest_route=\/wp\/v2\/posts\/736907"}],"collection":[{"href":"https:\/\/arantv.az\/index.php?rest_route=\/wp\/v2\/posts"}],"about":[{"href":"https:\/\/arantv.az\/index.php?rest_route=\/wp\/v2\/types\/post"}],"author":[{"embeddable":true,"href":"https:\/\/arantv.az\/index.php?rest_route=\/wp\/v2\/users\/2"}],"replies":[{"embeddable":true,"href":"https:\/\/arantv.az\/index.php?rest_route=%2Fwp%2Fv2%2Fcomments&post=736907"}],"version-history":[{"count":0,"href":"https:\/\/arantv.az\/index.php?rest_route=\/wp\/v2\/posts\/736907\/revisions"}],"wp:featuredmedia":[{"embeddable":true,"href":"https:\/\/arantv.az\/index.php?rest_route=\/wp\/v2\/media\/736909"}],"wp:attachment":[{"href":"https:\/\/arantv.az\/index.php?rest_route=%2Fwp%2Fv2%2Fmedia&parent=736907"}],"wp:term":[{"taxonomy":"category","embeddable":true,"href":"https:\/\/arantv.az\/index.php?rest_route=%2Fwp%2Fv2%2Fcategories&post=736907"},{"taxonomy":"post_tag","embeddable":true,"href":"https:\/\/arantv.az\/index.php?rest_route=%2Fwp%2Fv2%2Ftags&post=736907"}],"curies":[{"name":"wp","href":"https:\/\/api.w.org\/{rel}","templated":true}]}}