{"id":737038,"date":"2024-07-13T10:36:19","date_gmt":"2024-07-13T06:36:19","guid":{"rendered":"https:\/\/arantv.az\/?p=737038"},"modified":"2024-07-13T10:36:19","modified_gmt":"2024-07-13T06:36:19","slug":"prezidentin-pakistana-s%c9%99f%c9%99ri-strateji-munasib%c9%99tl%c9%99rimizin-mohk%c9%99ml%c9%99nm%c9%99si-baximindan-muhum-%c9%99h%c9%99miyy%c9%99t-k%c9%99sb-edir-s%c9%99rh","status":"publish","type":"post","link":"https:\/\/arantv.az\/?p=737038","title":{"rendered":"Prezidentin Pakistana s\u0259f\u0259ri strateji m\u00fcnasib\u0259tl\u0259rimizin m\u00f6hk\u0259ml\u0259nm\u0259si bax\u0131m\u0131ndan m\u00fch\u00fcm \u0259h\u0259miyy\u0259t k\u0259sb edir -\u015e\u018fRH"},"content":{"rendered":"<p>Son ill\u0259r \u0259rzind\u0259 Az\u0259rbaycan\u0131n d\u00fcnyada n\u00fcfuzunun artmas\u0131, m\u00f6vqeyinin g\u00fccl\u0259nm\u0259si respublikam\u0131z\u0131n m\u00fcnasib\u0259tl\u0259rini strateji t\u0259r\u0259fda\u015fl\u0131q s\u0259viyy\u0259sin\u0259 y\u00fcks\u0259ltmi\u015fdir. Az\u0259rbaycan\u0131n h\u0259m Avropan\u0131n, h\u0259m d\u0259 Asiyan\u0131n m\u00fcxt\u0259lif regionlar\u0131nda yerl\u0259\u015f\u0259n d\u00f6vl\u0259tl\u0259rl\u0259 \u0259laq\u0259l\u0259ri daha da inki\u015faf etmi\u015f v\u0259 geni\u015fl\u0259nmi\u015fdir. \u00d6lk\u0259mizin s\u0131x dostluq v\u0259 qarda\u015fl\u0131q \u0259laq\u0259l\u0259ri qurdu\u011fu, qar\u015f\u0131l\u0131ql\u0131 m\u00fcnasib\u0259tl\u0259ri strateji t\u0259r\u0259fda\u015fl\u0131q s\u0259viyy\u0259sin\u0259 y\u00fcks\u0259lmi\u015f d\u00f6vl\u0259tl\u0259rd\u0259n biri d\u0259 qarda\u015f Pakistand\u0131r. \u0130ki \u00f6lk\u0259 aras\u0131nda m\u00f6hk\u0259m dostluq v\u0259 qarda\u015fl\u0131q t\u0259m\u0259ll\u0259ri \u00fcz\u0259rind\u0259 qurulmu\u015f strateji t\u0259r\u0259fda\u015fl\u0131q m\u00fcnasib\u0259tl\u0259ri m\u00f6vcuddur. \u00d6lk\u0259l\u0259rimiz h\u0259m ikit\u0259r\u0259fli, h\u0259m d\u0259 \u00e7oxt\u0259r\u0259fli platformalarda bir-birin\u0259 daim d\u0259st\u0259k verir v\u0259 \u0259laq\u0259l\u0259rimiz b\u00fct\u00fcn sah\u0259l\u0259rd\u0259 s\u00fcr\u0259tl\u0259 inki\u015faf edir. \u018fminlikl\u0259 dey\u0259 bil\u0259rik ki, bu g\u00fcn Az\u0259rbaycan-Pakistan m\u00fcnasib\u0259tl\u0259ri h\u0259r iki \u00f6lk\u0259nin d\u00f6vl\u0259t r\u0259hb\u0259rl\u0259rinin s\u0259yl\u0259ri n\u0259tic\u0259sind\u0259 \u00f6z\u00fcn\u00fcn \u0259n y\u00fcks\u0259k inki\u015faf d\u00f6vr\u00fcn\u00fc ya\u015fay\u0131r.<\/p>\n<p>Bu fikirl\u0259ri\u00a0<a class=\"azertac-link\" href=\"https:\/\/azertag.az\/\" target=\"_blank\" rel=\"noopener\">AZ\u018fRTAC<\/a>-a a\u00e7\u0131qlamas\u0131nda Demokratiya v\u0259 \u0130nsan H\u00fcquqlar\u0131 Komit\u0259sinin s\u0259dri, h\u00fcquq \u00fczr\u0259 f\u0259ls\u0259f\u0259 doktoru \u00c7ingiz Q\u0259nizad\u0259 bildirib.<\/p>\n<p>H\u00fcquq m\u00fcdafi\u0259\u00e7isi deyib ki, Az\u0259rbaycan v\u0259 Pakistan aras\u0131ndak\u0131 \u0259laq\u0259l\u0259r tarixi k\u00f6kl\u0259r\u0259, ortaq dini d\u0259y\u0259rl\u0259r\u0259 v\u0259 qarda\u015fl\u0131q m\u00fcnasib\u0259tl\u0259rin\u0259 \u0259saslan\u0131r. Bu \u0259laq\u0259l\u0259r siyasi, iqtisadi, h\u0259rbi v\u0259 geosiyasi sah\u0259l\u0259rd\u0259 m\u00fcxt\u0259lif formatlarda \u00f6z\u00fcn\u00fc g\u00f6st\u0259rir. \u0130ki \u00f6lk\u0259nin strateji m\u00f6vqeyi v\u0259 regional t\u0259siri onlar\u0131n qar\u015f\u0131l\u0131ql\u0131 \u0259laq\u0259l\u0259rinin daha da inki\u015faf etm\u0259sin\u0259 z\u0259min yarad\u0131r. Az\u0259rbaycan\u0131n m\u00fcst\u0259qilliyinin ilk g\u00fcnl\u0259rind\u0259n etibar\u0259n Pakistan\u0131n d\u0259st\u0259yi v\u0259 bug\u00fcnk\u00fc \u0259m\u0259kda\u015fl\u0131q platformalar\u0131 bu \u0259laq\u0259l\u0259rin n\u0259 q\u0259d\u0259r d\u0259rin v\u0259 m\u00f6hk\u0259m oldu\u011funu g\u00f6st\u0259rir.<\/p>\n<p><img loading=\"lazy\" src=\"https:\/\/cdn.musavat.com\/news\/video\/NewFolder\/ali-fotolar\/17208416494677515870_1200x630.jpg\" alt=\"17208416494677515870_1200x630.jpg (88 KB)\" width=\"750\" height=\"512\" \/><\/p>\n<p>\u00dcmummilli Lider Heyd\u0259r \u018fliyevin 1994-c\u00fc ilin dekabr\u0131nda beyn\u0259lxalq t\u0259dbir \u00e7\u0259r\u00e7iv\u0259sind\u0259 h\u0259min vaxt Pakistan\u0131n Ba\u015f naziri olmu\u015f Benazir Bhutto il\u0259 g\u00f6r\u00fc\u015f\u00fcn\u00fc xat\u0131rladan \u00c7ingiz Q\u0259nizad\u0259 qeyd edib ki, m\u0259hz bundan sonra t\u0259maslar v\u0259 qar\u015f\u0131l\u0131ql\u0131 s\u0259f\u0259rl\u0259r intensivl\u0259\u015fdi, ikit\u0259r\u0259fli \u0259laq\u0259l\u0259r yeni m\u0259rh\u0259l\u0259y\u0259 q\u0259d\u0259m qoydu. 1995-ci ild\u0259 Pakistan\u0131n ovaxtk\u0131 prezidentinin \u00f6lk\u0259miz\u0259, 1996-c\u0131 ild\u0259 is\u0259 Ulu \u00d6nd\u0259r Heyd\u0259r \u018fliyevin qarda\u015f \u00f6lk\u0259y\u0259 r\u0259smi s\u0259f\u0259ri \u0259laq\u0259l\u0259rimizd\u0259 yeni s\u0259hif\u0259l\u0259r a\u00e7d\u0131. D\u00f6vl\u0259timizin ba\u015f\u00e7\u0131s\u0131 \u0130lham \u018fliyev ilk d\u0259f\u0259 Prezident se\u00e7ildikd\u0259n sonra da Pakistanla \u0259laq\u0259l\u0259r \u00f6lk\u0259mizin xarici siyas\u0259tind\u0259 prioritet olub, y\u00fcks\u0259k s\u0259viyy\u0259li m\u00fcnasib\u0259tl\u0259r davam etdirilib. Qar\u015f\u0131l\u0131ql\u0131 r\u0259smi v\u0259 i\u015fg\u00fczar s\u0259f\u0259rl\u0259r, el\u0259c\u0259 d\u0259 beyn\u0259lxalq t\u0259dbirl\u0259r \u00e7\u0259r\u00e7iv\u0259sind\u0259 d\u00f6vl\u0259t v\u0259 h\u00f6kum\u0259t ba\u015f\u00e7\u0131lar\u0131 s\u0259viyy\u0259sind\u0259 ba\u015f tutan g\u00f6r\u00fc\u015fl\u0259r, faydal\u0131 \u0259m\u0259kda\u015fl\u0131\u011fa dair apar\u0131lan m\u00fczakir\u0259l\u0259r m\u00fcnasib\u0259tl\u0259rin dinamikas\u0131na t\u0259kan verib, bir \u00e7ox sah\u0259 \u00fczr\u0259 \u0259m\u0259kda\u015fl\u0131\u011f\u0131n geni\u015fl\u0259nm\u0259sin\u0259 \u015f\u0259rait yarad\u0131b.<\/p>\n<p>H\u00fcquq m\u00fcdafi\u0259\u00e7isi bildirib ki, Prezident \u0130lham \u018fliyevin bu il iyulun 11-12-d\u0259 Pakistana d\u00f6vl\u0259t s\u0259f\u0259ri \u00f6lk\u0259l\u0259rimiz aras\u0131ndak\u0131 ikit\u0259r\u0259fli m\u00fcnasib\u0259tl\u0259r\u0259 yeni m\u0259zmun v\u0259 keyfiyy\u0259t g\u0259tir\u0259r\u0259k, qar\u015f\u0131l\u0131ql\u0131 \u0259m\u0259kda\u015fl\u0131\u011f\u0131n daha geni\u015f sah\u0259l\u0259ri \u0259hat\u0259 etm\u0259sini v\u0259 uzunm\u00fcdd\u0259tli perspektivd\u0259 d\u0259rinl\u0259\u015fm\u0259sini t\u0259min ed\u0259c\u0259k. Bu s\u0259f\u0259r dost, qarda\u015f \u00f6lk\u0259l\u0259rimizin m\u00fcnasib\u0259tl\u0259rinin d\u00fcn\u0259ni v\u0259 bu g\u00fcn\u00fc \u0259sas\u0131nda yeni prioritetl\u0259rin m\u00fc\u0259yy\u0259nl\u0259\u015fdirilm\u0259sin\u0259 geni\u015f imkanlar a\u00e7acaq. \u201cBizim qarda\u015fl\u0131\u011f\u0131m\u0131z xalqlar\u0131m\u0131z\u0131n \u0259srl\u0259rl\u0259 bundan \u0259vv\u0259l\u0259 t\u0259sad\u00fcf ed\u0259n, bir-birin\u0259 olan d\u0259rin hissl\u0259rin\u0259 \u0259saslan\u0131r\u201d dey\u0259n d\u00f6vl\u0259timizin ba\u015f\u00e7\u0131s\u0131 Pakistan il\u0259 Az\u0259rbaycan\u0131n h\u0259r i\u015fd\u0259, ist\u0259nil\u0259n beyn\u0259lxalq t\u0259sisat daxilind\u0259, h\u0259r beyn\u0259lxalq m\u0259s\u0259l\u0259d\u0259 bir-birini d\u0259st\u0259kl\u0259diyini bildirib.<\/p>\n<p>\u00c7ingiz Q\u0259nizad\u0259 deyib ki, Az\u0259rbaycan v\u0259 Pakistan aras\u0131ndak\u0131 qarda\u015fl\u0131q v\u0259 m\u00fctt\u0259fiqlik m\u00fcnasib\u0259tl\u0259ri regional geosiyas\u0259t\u0259 d\u0259 m\u00fch\u00fcm t\u0259sir g\u00f6st\u0259rir. H\u0259r iki \u00f6lk\u0259 strateji m\u00f6vqel\u0259rd\u0259 yerl\u0259\u015fir v\u0259 regional t\u0259hl\u00fck\u0259sizlik v\u0259 sabitliy\u0259 t\u00f6hf\u0259 verir. Az\u0259rbaycan\u0131n \u0259razil\u0259rini i\u015f\u011fal etdiyin\u0259 g\u00f6r\u0259 Pakistan bu g\u00fcn\u0259 kimi Erm\u0259nistanla diplomatik \u0259laq\u0259l\u0259r qurmayan v\u0259 bu \u00f6lk\u0259nin m\u00fcst\u0259qilliyini tan\u0131mayan d\u00f6vl\u0259tl\u0259rd\u0259n biridir. Bu ill\u0259r \u0259rzind\u0259 m\u00fcxt\u0259lif vaxtlarda Pakistan Prezidenti, Ba\u015f naziri, parlament v\u0259 dig\u0259r d\u00f6vl\u0259t qurumlar\u0131, el\u0259c\u0259 d\u0259 ordu r\u0259hb\u0259rliyi, ictimai v\u0259 siyasi xadiml\u0259r Erm\u0259nistan\u0131n Az\u0259rbaycana qar\u015f\u0131 t\u0259cav\u00fcz\u00fcn\u00fc q\u0259tiyy\u0259tl\u0259 pisl\u0259y\u0259n v\u0259 \u00f6lk\u0259mizin beyn\u0259lxalq s\u0259viyy\u0259d\u0259 tan\u0131nm\u0131\u015f s\u0259rh\u0259dl\u0259r \u00e7\u0259r\u00e7iv\u0259sind\u0259 \u0259razi b\u00fct\u00f6vl\u00fcy\u00fcn\u00fc d\u0259st\u0259kl\u0259y\u0259n, d\u00f6vl\u0259timiz v\u0259 xalq\u0131m\u0131zla h\u0259mr\u0259y oldu\u011funu \u0259ks etdir\u0259n m\u00fcvafiq q\u0259tnam\u0259l\u0259r q\u0259bul edib, b\u0259yanatlar yay\u0131blar. Pakistan Senat\u0131 2022-ci il may\u0131n 30-da Xocal\u0131 soyq\u0131r\u0131m\u0131n\u0131 pisl\u0259y\u0259n q\u0259tnam\u0259 q\u0259bul edib. Az\u0259rbaycan\u0131n C\u0259mmu v\u0259 K\u0259\u015fmir m\u0259s\u0259l\u0259si il\u0259 ba\u011fl\u0131 prinsipial m\u00f6vqeyi bu problemin beyn\u0259lxalq h\u00fcququn norma v\u0259 prinsipl\u0259ri v\u0259 Birl\u0259\u015fmi\u015f Mill\u0259tl\u0259r T\u0259\u015fkilat\u0131 T\u0259hl\u00fck\u0259sizlik \u015euras\u0131n\u0131n m\u00fcvafiq q\u0259tnam\u0259l\u0259rin\u0259 uy\u011fun olaraq, habel\u0259 beyn\u0259lxalq humanitar h\u00fcquqa tam h\u00f6rm\u0259tl\u0259 yana\u015f\u0131lmaqla s\u00fclh yolu il\u0259 h\u0259llinin d\u0259st\u0259kl\u0259nm\u0259sin\u0259 \u0259saslan\u0131r. \u00d6lk\u0259l\u0259rimiz m\u00fcvafiq beyn\u0259lxalq t\u0259\u015fkilatlar, o c\u00fcml\u0259d\u0259n BMT, Qo\u015fulmama H\u0259r\u0259kat\u0131, \u0130slam \u018fm\u0259kda\u015fl\u0131q T\u0259\u015fkilat\u0131, \u0130qtisadi \u018fm\u0259kda\u015fl\u0131q T\u0259\u015fkilat\u0131, Asiya Parlament Assambleyas\u0131, habel\u0259 Asiyada Qar\u015f\u0131l\u0131ql\u0131 F\u0259aliyy\u0259t v\u0259 Etimad T\u0259dbirl\u0259ri \u00fczr\u0259 Konfrans \u00e7\u0259r\u00e7iv\u0259sind\u0259 d\u0259 u\u011furla \u0259m\u0259kda\u015fl\u0131q edir, bir-birin\u0259 d\u0259st\u0259k verir. Prezident \u0130lham \u018fliyev Pakistan\u0131n Ba\u015f naziri M\u0259h\u0259mm\u0259d \u015eahbaz \u015e\u0259rif il\u0259 g\u00f6r\u00fc\u015fd\u0259 bu m\u0259qamlara bir daha diqq\u0259ti y\u00f6n\u0259ld\u0259r\u0259k bildirdi ki, t\u0259r\u0259fda\u015fl\u0131\u011f\u0131m\u0131z\u0131n t\u0259m\u0259lini bizim qarda\u015fl\u0131\u011f\u0131m\u0131z, Pakistan v\u0259 Az\u0259rbaycan xalqlar\u0131n\u0131n bir-birin\u0259 m\u00fcnasib\u0259td\u0259 qarda\u015fl\u0131q hissl\u0259ri t\u0259\u015fkil edir. Biz h\u0259mi\u015f\u0259 \u00e7\u0259tin zamanlarda bir-birimizin yan\u0131nda olmu\u015fuq. \u018flb\u0259tt\u0259, 2020-ci ild\u0259 V\u0259t\u0259n m\u00fcharib\u0259si zaman\u0131 Pakistan \u00f6z b\u0259yanatlar\u0131 il\u0259 Az\u0259rbaycana a\u00e7\u0131q \u015f\u0259kild\u0259 siyasi d\u0259st\u0259k ver\u0259n \u00f6lk\u0259l\u0259rd\u0259n biri idi v\u0259 Az\u0259rbaycan\u0131n \u0259razi b\u00fct\u00f6vl\u00fcy\u00fc il\u0259 ba\u011fl\u0131 m\u00f6vqeyini birm\u0259nal\u0131 \u015f\u0259kild\u0259 ifad\u0259 edirdi. Az\u0259rbaycan\u0131n C\u0259mmu v\u0259 K\u0259\u015fmirl\u0259 ba\u011fl\u0131 m\u00f6vqeyi m\u0259lumdur. \u0130slam \u018fm\u0259kda\u015fl\u0131q T\u0259\u015fkilat\u0131n\u0131n T\u0259mas Qrupunun \u00fczvl\u0259riyik. Biz C\u0259mmu v\u0259 K\u0259\u015fmir \u0259halisinin h\u00fcquqlar\u0131n\u0131 v\u0259 \u0259lb\u0259tt\u0259 ki, BMT T\u0259hl\u00fck\u0259sizlik \u015euras\u0131n\u0131n q\u0259tnam\u0259l\u0259rinin yerin\u0259 yetirilm\u0259sini d\u0259st\u0259kl\u0259yirik. Bel\u0259likl\u0259, haqq, \u0259dal\u0259t, beyn\u0259lxalq h\u00fcquq Pakistan\u0131n t\u0259r\u0259find\u0259dir. Az\u0259rbaycan \u00f6z m\u00f6vqeyini birm\u0259nal\u0131 \u015f\u0259kild\u0259 ifad\u0259 ed\u0259n v\u0259 \u00f6z m\u00f6vqeyini m\u00fcdafi\u0259 ed\u0259n \u00f6lk\u0259l\u0259rd\u0259n biridir.<\/p>\n<p>\u00c7ingiz Q\u0259nizad\u0259 vur\u011fulay\u0131b ki, h\u0259r bir s\u0259f\u0259rin \u0259h\u0259miyy\u0259tini n\u00fcmayi\u015f etdir\u0259n m\u00fch\u00fcm m\u0259qamlardan biri d\u0259 \u0259m\u0259kda\u015fl\u0131\u011f\u0131n m\u00fcxt\u0259lif sah\u0259l\u0259rini \u0259hat\u0259 ed\u0259n s\u0259n\u0259dl\u0259rin imzalanmas\u0131d\u0131r. D\u00f6vl\u0259timizin ba\u015f\u00e7\u0131s\u0131n\u0131n Pakistana d\u00f6vl\u0259t s\u0259f\u0259ri \u00e7\u0259r\u00e7iv\u0259sind\u0259 10-dan art\u0131q s\u0259n\u0259d imzaland\u0131. M\u00f6hk\u0259m qarda\u015fl\u0131q \u0259laq\u0259l\u0259ri h\u0259r iki \u00f6lk\u0259nin iqtisadi inki\u015faf\u0131na m\u00fch\u00fcm t\u00f6hf\u0259 verir. S\u0259f\u0259r zaman\u0131 imzalanm\u0131\u015f s\u0259n\u0259dl\u0259r ticar\u0259t, investisiya, tranzit, ki\u00e7ik v\u0259 orta biznesin inki\u015faf\u0131, turizm v\u0259 dig\u0259r sah\u0259l\u0259rd\u0259 qar\u015f\u0131l\u0131ql\u0131 faydal\u0131 \u0259m\u0259kda\u015fl\u0131\u011f\u0131n yeni s\u0259viyy\u0259sin\u0259 \u00e7atmaq \u00fc\u00e7\u00fcn z\u0259min yarad\u0131r. Prezident \u0130lham \u018fliyev v\u0259 Pakistan\u0131n Ba\u015f naziri M\u0259h\u0259mm\u0259d \u015eahbaz \u015e\u0259rif m\u0259tbuata b\u0259yanatlar\u0131nda da qar\u015f\u0131l\u0131ql\u0131 ticar\u0259tin h\u0259cminin birm\u0259nal\u0131 olaraq art\u0131r\u0131laca\u011f\u0131n\u0131 bildiribl\u0259r. S\u0259f\u0259r zaman\u0131 enerji, infrastruktur v\u0259 dig\u0259r sektorlarda 2 milyard dollar m\u0259bl\u0259\u011find\u0259 ilkin investisiyalara dair apar\u0131lan m\u00fczakir\u0259l\u0259r h\u0259r iki \u00f6lk\u0259d\u0259 iqtisadi inki\u015faf\u0131 stimulla\u015fd\u0131rmaq v\u0259 birg\u0259 m\u00fc\u0259ssis\u0259l\u0259r yaratmaq m\u0259qs\u0259di da\u015f\u0131y\u0131r. Elmi v\u0259 texnoloji \u0259m\u0259kda\u015fl\u0131q haqq\u0131nda raz\u0131la\u015fmalar is\u0259 innovasiya v\u0259 t\u0259dqiqat sah\u0259sini inki\u015faf etdir\u0259r\u0259k, yeni iqtisadi imkanlar yaratma\u011f\u0131 h\u0259d\u0259fl\u0259yir. Bel\u0259likl\u0259, Az\u0259rbaycan-Pakistan \u0259m\u0259kda\u015fl\u0131\u011f\u0131n\u0131n \u015fax\u0259l\u0259ndirilm\u0259si \u00f6lk\u0259mizin regional iqtisadi inteqrasiyada rolunu g\u00fccl\u0259ndirir. Bu \u0259laq\u0259l\u0259r t\u00fcrk d\u00f6vl\u0259tl\u0259ri \u00fc\u00e7\u00fcn d\u0259 sabitlik v\u0259 iqtisadi inki\u015faf\u0131n t\u0259\u015fviqi bax\u0131m\u0131ndan \u0259h\u0259miyy\u0259tlidir.<\/p>\n<p>H\u00fcquq m\u00fcdafi\u0259\u00e7isinin s\u00f6zl\u0259rin\u0259 g\u00f6r\u0259, Az\u0259rbaycan v\u0259 Pakistan b\u00fct\u00fcn sah\u0259l\u0259rd\u0259 oldu\u011fu kimi, humanitar sah\u0259d\u0259 \u0259m\u0259kda\u015fl\u0131\u011fa da b\u00f6y\u00fck \u00f6n\u0259m verir. Az\u0259rbaycan H\u00f6kum\u0259ti Pakistanda f\u00f6vq\u0259lad\u0259 hallar\u0131n yaratd\u0131\u011f\u0131 f\u0259lak\u0259tl\u0259rin n\u0259tic\u0259l\u0259rinin aradan qald\u0131r\u0131lmas\u0131 m\u0259qs\u0259dil\u0259 indiy\u0259 q\u0259d\u0259r 9 milyon dollardan \u00e7ox yard\u0131m edib. \u0130ki \u00f6lk\u0259 aras\u0131nda humanitar sah\u0259d\u0259 \u0259m\u0259kda\u015fl\u0131qda, he\u00e7 \u015f\u00fcbh\u0259siz, Heyd\u0259r \u018fliyev Fondu b\u00f6y\u00fck rol oynay\u0131r. Heyd\u0259r \u018fliyev Fondu t\u0259r\u0259find\u0259n Pakistanda bir \u00e7ox sosialy\u00f6n\u00fcml\u00fc humanitar layih\u0259 h\u0259yata ke\u00e7irilib. Fondun t\u0259\u015f\u0259bb\u00fcs\u00fc v\u0259 d\u0259st\u0259yi il\u0259 qarda\u015f \u00f6lk\u0259d\u0259 pulsuz tibbi diaqnostika v\u0259 \u0259m\u0259liyyatlar h\u0259yata ke\u00e7irilib, d\u0259f\u0259l\u0259rl\u0259 xeyriyy\u0259 t\u0259dbirl\u0259ri t\u0259\u015fkil olunub, tibbi m\u00fc\u0259ssis\u0259l\u0259rin v\u0259 su t\u0259chizat\u0131 sisteml\u0259rinin tikintisin\u0259 t\u00f6hf\u0259 verilib.<\/p>\n<p>\u201cBel\u0259likl\u0259, Prezident \u0130lham \u018fliyevin d\u00f6vl\u0259t s\u0259f\u0259ri Az\u0259rbaycan v\u0259 Pakistan aras\u0131ndak\u0131 strateji t\u0259r\u0259fda\u015fl\u0131q m\u00fcnasib\u0259tl\u0259rinin daha da g\u00fccl\u0259ndirilm\u0259si v\u0259 b\u00fct\u00fcn sah\u0259l\u0259r \u00fczr\u0259 \u0259m\u0259kda\u015fl\u0131\u011f\u0131n h\u0259rt\u0259r\u0259fli geni\u015fl\u0259ndirilm\u0259si bax\u0131m\u0131ndan tarixi \u0259h\u0259miyy\u0259t k\u0259sb edir. S\u0259f\u0259r \u00e7\u0259r\u00e7iv\u0259sind\u0259 ke\u00e7iril\u0259n g\u00f6r\u00fc\u015fl\u0259r, apar\u0131lan m\u00fczakir\u0259l\u0259r, imzalanan s\u0259n\u0259dl\u0259r ikit\u0259r\u0259fli \u0259laq\u0259l\u0259rin m\u00f6hk\u0259ml\u0259nm\u0259sin\u0259, strateji t\u0259r\u0259fda\u015fl\u0131\u011f\u0131n geni\u015fl\u0259nm\u0259sin\u0259 v\u0259 inki\u015faf\u0131na ciddi t\u0259sir ed\u0259c\u0259k. Tam \u0259minlikl\u0259 dem\u0259k olar ki, qar\u015f\u0131l\u0131ql\u0131 etimad v\u0259 s\u0259mimiyy\u0259t \u00fcz\u0259rind\u0259 qurulan Az\u0259rbaycan-Pakistan \u0259laq\u0259l\u0259ri yeni inki\u015faf d\u00f6vr\u00fcn\u00fc ya\u015fay\u0131r, \u0259laq\u0259l\u0259rin g\u0259l\u0259c\u0259k perspektivl\u0259ri olduqca \u00fcmidvericidir. \u018flaq\u0259l\u0259rimiz bundan sonra daha dinamik \u015f\u0259kild\u0259 inki\u015faf ed\u0259c\u0259k\u201d, &#8211; dey\u0259 \u00c7ingiz Q\u0259nizad\u0259 bildirib.<\/p>\n","protected":false},"excerpt":{"rendered":"<p>Son ill\u0259r \u0259rzind\u0259 Az\u0259rbaycan\u0131n d\u00fcnyada n\u00fcfuzunun artmas\u0131, m\u00f6vqeyinin g\u00fccl\u0259nm\u0259si respublikam\u0131z\u0131n m\u00fcnasib\u0259tl\u0259rini strateji t\u0259r\u0259fda\u015fl\u0131q s\u0259viyy\u0259sin\u0259 y\u00fcks\u0259ltmi\u015fdir. Az\u0259rbaycan\u0131n h\u0259m Avropan\u0131n, h\u0259m d\u0259 Asiyan\u0131n m\u00fcxt\u0259lif regionlar\u0131nda yerl\u0259\u015f\u0259n d\u00f6vl\u0259tl\u0259rl\u0259 \u0259laq\u0259l\u0259ri daha da inki\u015faf etmi\u015f v\u0259 geni\u015fl\u0259nmi\u015fdir. \u00d6lk\u0259mizin s\u0131x dostluq v\u0259 qarda\u015fl\u0131q \u0259laq\u0259l\u0259ri qurdu\u011fu, qar\u015f\u0131l\u0131ql\u0131 m\u00fcnasib\u0259tl\u0259ri strateji t\u0259r\u0259fda\u015fl\u0131q s\u0259viyy\u0259sin\u0259 y\u00fcks\u0259lmi\u015f d\u00f6vl\u0259tl\u0259rd\u0259n biri d\u0259 qarda\u015f Pakistand\u0131r. \u0130ki \u00f6lk\u0259 aras\u0131nda m\u00f6hk\u0259m dostluq v\u0259 qarda\u015fl\u0131q t\u0259m\u0259ll\u0259ri \u00fcz\u0259rind\u0259 qurulmu\u015f strateji t\u0259r\u0259fda\u015fl\u0131q m\u00fcnasib\u0259tl\u0259ri m\u00f6vcuddur. \u00d6lk\u0259l\u0259rimiz h\u0259m ikit\u0259r\u0259fli, h\u0259m d\u0259 \u00e7oxt\u0259r\u0259fli platformalarda bir-birin\u0259 daim d\u0259st\u0259k verir v\u0259 \u0259laq\u0259l\u0259rimiz b\u00fct\u00fcn sah\u0259l\u0259rd\u0259 s\u00fcr\u0259tl\u0259 inki\u015faf edir. \u018fminlikl\u0259 dey\u0259 bil\u0259rik ki, bu g\u00fcn Az\u0259rbaycan-Pakistan m\u00fcnasib\u0259tl\u0259ri&hellip;<\/p>\n","protected":false},"author":2,"featured_media":737039,"comment_status":"closed","ping_status":"closed","sticky":false,"template":"","format":"standard","meta":{"om_disable_all_campaigns":false,"_monsterinsights_skip_tracking":false,"_monsterinsights_sitenote_active":false,"_monsterinsights_sitenote_note":"","_monsterinsights_sitenote_category":0},"categories":[4],"tags":[],"aioseo_notices":[],"gutentor_comment":0,"rttpg_featured_image_url":{"full":["https:\/\/arantv.az\/wp-content\/uploads\/2024\/07\/f5f2aea1dc35aad4ca1b07e023389f5b.jpg",870,500,false],"landscape":["https:\/\/arantv.az\/wp-content\/uploads\/2024\/07\/f5f2aea1dc35aad4ca1b07e023389f5b.jpg",870,500,false],"portraits":["https:\/\/arantv.az\/wp-content\/uploads\/2024\/07\/f5f2aea1dc35aad4ca1b07e023389f5b.jpg",870,500,false],"thumbnail":["https:\/\/arantv.az\/wp-content\/uploads\/2024\/07\/f5f2aea1dc35aad4ca1b07e023389f5b-500x280.jpg",500,280,true],"medium":["https:\/\/arantv.az\/wp-content\/uploads\/2024\/07\/f5f2aea1dc35aad4ca1b07e023389f5b-635x365.jpg",635,365,true],"large":["https:\/\/arantv.az\/wp-content\/uploads\/2024\/07\/f5f2aea1dc35aad4ca1b07e023389f5b-840x483.jpg",640,368,true],"1536x1536":["https:\/\/arantv.az\/wp-content\/uploads\/2024\/07\/f5f2aea1dc35aad4ca1b07e023389f5b.jpg",870,500,false],"2048x2048":["https:\/\/arantv.az\/wp-content\/uploads\/2024\/07\/f5f2aea1dc35aad4ca1b07e023389f5b.jpg",870,500,false],"post-thumbnail":["https:\/\/arantv.az\/wp-content\/uploads\/2024\/07\/f5f2aea1dc35aad4ca1b07e023389f5b-240x172.jpg",240,172,true],"advps-thumb-one":["https:\/\/arantv.az\/wp-content\/uploads\/2024\/07\/f5f2aea1dc35aad4ca1b07e023389f5b.jpg",870,500,false]},"rttpg_author":{"display_name":"V\u00fcsal Rafiqo\u011flu","author_link":"https:\/\/arantv.az\/?author=2"},"rttpg_comment":0,"rttpg_category":"<a href=\"https:\/\/arantv.az\/?cat=4\" rel=\"category\">Siyas\u0259t<\/a>","rttpg_excerpt":"Son ill\u0259r \u0259rzind\u0259 Az\u0259rbaycan\u0131n d\u00fcnyada n\u00fcfuzunun artmas\u0131, m\u00f6vqeyinin g\u00fccl\u0259nm\u0259si respublikam\u0131z\u0131n m\u00fcnasib\u0259tl\u0259rini strateji t\u0259r\u0259fda\u015fl\u0131q s\u0259viyy\u0259sin\u0259 y\u00fcks\u0259ltmi\u015fdir. Az\u0259rbaycan\u0131n h\u0259m Avropan\u0131n, h\u0259m d\u0259 Asiyan\u0131n m\u00fcxt\u0259lif regionlar\u0131nda yerl\u0259\u015f\u0259n d\u00f6vl\u0259tl\u0259rl\u0259 \u0259laq\u0259l\u0259ri daha da inki\u015faf etmi\u015f v\u0259 geni\u015fl\u0259nmi\u015fdir. \u00d6lk\u0259mizin s\u0131x dostluq v\u0259 qarda\u015fl\u0131q \u0259laq\u0259l\u0259ri qurdu\u011fu, qar\u015f\u0131l\u0131ql\u0131 m\u00fcnasib\u0259tl\u0259ri strateji t\u0259r\u0259fda\u015fl\u0131q s\u0259viyy\u0259sin\u0259 y\u00fcks\u0259lmi\u015f d\u00f6vl\u0259tl\u0259rd\u0259n biri d\u0259 qarda\u015f Pakistand\u0131r. \u0130ki \u00f6lk\u0259 aras\u0131nda m\u00f6hk\u0259m dostluq&hellip;","_links":{"self":[{"href":"https:\/\/arantv.az\/index.php?rest_route=\/wp\/v2\/posts\/737038"}],"collection":[{"href":"https:\/\/arantv.az\/index.php?rest_route=\/wp\/v2\/posts"}],"about":[{"href":"https:\/\/arantv.az\/index.php?rest_route=\/wp\/v2\/types\/post"}],"author":[{"embeddable":true,"href":"https:\/\/arantv.az\/index.php?rest_route=\/wp\/v2\/users\/2"}],"replies":[{"embeddable":true,"href":"https:\/\/arantv.az\/index.php?rest_route=%2Fwp%2Fv2%2Fcomments&post=737038"}],"version-history":[{"count":0,"href":"https:\/\/arantv.az\/index.php?rest_route=\/wp\/v2\/posts\/737038\/revisions"}],"wp:featuredmedia":[{"embeddable":true,"href":"https:\/\/arantv.az\/index.php?rest_route=\/wp\/v2\/media\/737039"}],"wp:attachment":[{"href":"https:\/\/arantv.az\/index.php?rest_route=%2Fwp%2Fv2%2Fmedia&parent=737038"}],"wp:term":[{"taxonomy":"category","embeddable":true,"href":"https:\/\/arantv.az\/index.php?rest_route=%2Fwp%2Fv2%2Fcategories&post=737038"},{"taxonomy":"post_tag","embeddable":true,"href":"https:\/\/arantv.az\/index.php?rest_route=%2Fwp%2Fv2%2Ftags&post=737038"}],"curies":[{"name":"wp","href":"https:\/\/api.w.org\/{rel}","templated":true}]}}