{"id":737047,"date":"2024-07-13T11:44:45","date_gmt":"2024-07-13T07:44:45","guid":{"rendered":"https:\/\/arantv.az\/?p=737047"},"modified":"2024-07-13T11:44:45","modified_gmt":"2024-07-13T07:44:45","slug":"n%c9%99yi-ediriks%c9%99-d%c9%99qiqlikl%c9%99-edirik-s%c9%99rh","status":"publish","type":"post","link":"https:\/\/arantv.az\/?p=737047","title":{"rendered":"N\u0259yi ediriks\u0259, d\u0259qiqlikl\u0259 edirik! &#8211; \u015e\u018fRH"},"content":{"rendered":"<p><em><strong>\u0130yulun 10-da Va\u015finqtonda AB\u015e D\u00f6vl\u0259t katibi Antoni Blinkenin t\u0259\u015f\u0259bb\u00fcs\u00fc v\u0259 i\u015ftirak\u0131 il\u0259 Az\u0259rbaycan Xarici i\u015fl\u0259r naziri Ceyhun Bayramov v\u0259 Erm\u0259nistan xarici i\u015fl\u0259r naziri Ararat Mirzoyan aras\u0131nda NATO-nun 75 illiyin\u0259 h\u0259sr olunmu\u015f Zirv\u0259 g\u00f6r\u00fc\u015f\u00fc \u00e7\u0259r\u00e7iv\u0259sind\u0259 g\u00f6r\u00fc\u015f ke\u00e7irildi. T\u0259r\u0259fl\u0259r Az\u0259rbaycan v\u0259 Erm\u0259nistan\u0131n s\u00fclh v\u0259 d\u00f6vl\u0259tl\u0259raras\u0131 m\u00fcnasib\u0259tl\u0259rin qurulmas\u0131 haqq\u0131nda tarixi sazi\u015fin yekunla\u015fd\u0131r\u0131lmas\u0131 istiqam\u0259tind\u0259 \u0259ld\u0259 olunmu\u015f ir\u0259lil\u0259yi\u015fi vur\u011fulayaraq, bu istiqam\u0259td\u0259 i\u015fi davam etdirm\u0259y\u0259 raz\u0131la\u015f\u0131blar.<\/strong><\/em><\/p>\n<p>Amma bu g\u00f6r\u00fc\u015fl\u0259 ba\u011fl\u0131\u00a0 diqq\u0259t \u00e7\u0259k\u0259n maraqlar da var. Bel\u0259 ki, g\u00f6r\u00fc\u015f ba\u015fa \u00e7atar-\u00e7atmaz Va\u015finqton r\u0259smil\u0259ri nikbin notlara k\u00f6kl\u0259nmi\u015f a\u00e7\u0131qlamalar verm\u0259y\u0259 ba\u015flad\u0131lar. M\u0259s\u0259l\u0259n, AB\u015e D\u00f6vl\u0259t katibi Entoni Blinken \u00f6z\u00fcn\u00fcn \u201cX\u201d mikrobloqunda yazd\u0131: \u201cM\u0259n bu g\u00fcn Erm\u0259nistan\u0131n xarici i\u015fl\u0259r naziri Ararat Mirzoyan v\u0259 Az\u0259rbaycan\u0131n xarici i\u015fl\u0259r naziri Ceyhun Bayramovla iki \u00f6lk\u0259 aras\u0131nda tezlikl\u0259 s\u00fclh sazi\u015finin imzalanmas\u0131na AB\u015e-nin g\u00fccl\u00fc d\u0259st\u0259yini ifad\u0259 etm\u0259k \u00fc\u00e7\u00fcn s\u0259m\u0259r\u0259li s\u00f6hb\u0259t etdim\u201d. Bu \u201ctezlik\u201d m\u0259s\u0259l\u0259sini haz\u0131rda se\u00e7kiqaba\u011f\u0131 m\u0259rh\u0259l\u0259d\u0259 A\u011f ev \u00fc\u00e7\u00fcn erm\u0259nil\u0259rin s\u0259sinin vacibliyini yax\u015f\u0131 d\u0259rk ed\u0259n\u00a0 Va\u015finqtonun dig\u0259r r\u0259smil\u0259ri d\u0259 s\u0259sl\u0259ndirdil\u0259r.\u00a0 Erm\u0259nistan\u0131n xarici i\u015fl\u0259r naziri Ararat Mirzoyan da onlar\u0131 d\u0259st\u0259kl\u0259y\u0259r\u0259k, guya \u00f6lk\u0259sinin Az\u0259rbaycanla s\u00fclh m\u00fcqavil\u0259si ba\u011flamaq \u00fc\u00e7\u00fcn siyasi irad\u0259si\u00a0 oldu\u011funu bildirdi.<\/p>\n<p>Amma n\u0259d\u0259ns\u0259 10 iyul g\u00f6r\u00fc\u015f\u00fcnd\u0259 \u0259n \u00f6n\u0259mli m\u0259s\u0259l\u0259d\u0259n &#8211; Erm\u0259nistan konstitusiyas\u0131nda v\u0259 dig\u0259r normativ h\u00fcquqi aktlarda Az\u0259rbaycana v\u0259 qarda\u015f T\u00fcrkiy\u0259y\u0259 qar\u015f\u0131 \u0259razi iddialar\u0131n\u0131n s\u00fclh\u0259 ba\u015fl\u0131ca \u0259ng\u0259l oldu\u011fundan dan\u0131\u015f\u0131lmad\u0131. Halbuki, Az\u0259rbaycan\u0131n Erm\u0259nistanla s\u00fclh m\u00fcqavil\u0259sinin imzalamas\u0131 \u00fc\u00e7\u00fcn haz\u0131rda ir\u0259li s\u00fcrd\u00fcy\u00fc \u0259n m\u00fch\u00fcm\u00a0 \u015f\u0259rtl\u0259rd\u0259n biri t\u0259cav\u00fczkar \u00f6lk\u0259nin konstitusiyas\u0131ndan v\u0259 dig\u0259r qanunvericilik aktlar\u0131ndan bu kimi \u0259razi iddialar\u0131n\u0131n \u00e7\u0131xar\u0131lmas\u0131d\u0131r. Bu fikir\u00a0 Prezident \u0130lham \u018fliyev t\u0259r\u0259find\u0259n \u0259n y\u00fcks\u0259k tribunalardan d\u0259f\u0259l\u0259rl\u0259 s\u0259sl\u0259ndirilib. Amma Erm\u0259nistan h\u0259l\u0259 d\u0259 bu istiqam\u0259td\u0259 \u0259m\u0259li add\u0131mlar atm\u0131r. Erm\u0259nistan r\u0259smil\u0259ri sad\u0259c\u0259 bu m\u0259s\u0259l\u0259d\u0259\u00a0 g\u00fcl\u00fc\u015f do\u011furan iddialar\u0131 il\u0259 nala-m\u0131xa vurmaqdad\u0131rlar.\u00a0 Q\u0259rb d\u00f6vl\u0259tl\u0259ri, o c\u00fcml\u0259d\u0259n AB\u015e da bununla ba\u011fl\u0131 bir fikir s\u0259sl\u0259ndirmir, narahatl\u0131qlar\u0131n\u0131 bel\u0259 bildirmirl\u0259r. \u015e\u00fcbh\u0259siz, bu da onlar\u0131n \u0259n\u0259n\u0259vi\u00a0 erm\u0259nip\u0259r\u0259st siyas\u0259tl\u0259rid\u0259n bir daha x\u0259b\u0259r verir.<\/p>\n<p>Dig\u0259r t\u0259r\u0259fd\u0259n d\u0259 Q\u0259rbin, x\u00fcsusil\u0259 iki \u00f6lk\u0259 aras\u0131nda\u00a0 s\u00fclh m\u00fcqavil\u0259sinin imzalanmas\u0131na mane\u0259 t\u00f6r\u0259tm\u0259kd\u0259 davam ed\u0259n Fransan\u0131n dikt\u0259si il\u0259 oturub-duran Erm\u0259nistan a\u00e7\u0131q-a\u015fkar silahlanmaqda davam edir.\u00a0 Prezident \u0130lham \u018fliyev bildirib ki, bu, Erm\u0259nistan\u0131n konstitusiyaya d\u0259yi\u015fiklik ed\u0259c\u0259yi\u00a0 t\u0259qdird\u0259 s\u00fclh m\u00fcqavil\u0259si ba\u015f tutacaq. \u00c7\u00fcnki h\u0259min s\u0259n\u0259din t\u0259rkibind\u0259 Az\u0259rbaycana qar\u015f\u0131 \u0259razi iddialar\u0131 var v\u0259 bu, ba\u015f verm\u0259y\u0259n\u0259 q\u0259d\u0259r s\u00fclh sazi\u015fi imzalanmayacaq. Bu da o dem\u0259kdir ki, r\u0259smi Bak\u0131 Q\u0259rbin \u201ct\u0259l\u0259sk\u0259nlik toruna\u201d d\u00fc\u015fm\u0259y\u0259c\u0259k, beyn\u0259lxalq h\u00fcquqa, m\u00f6vcud beyn\u0259lxalq norma v\u0259 qaydalara uy\u011fun \u015f\u0259kild\u0259 add\u0131mlar atmaqda davam ed\u0259c\u0259k. Y\u0259ni, r\u0259smi Bak\u0131 t\u0259l\u0259m-t\u0259l\u0259sik hans\u0131sa s\u0259n\u0259din imzalanmas\u0131na z\u0259rur\u0259t g\u00f6rm\u00fcr.<br \/>\nYeri g\u0259lmi\u015fk\u0259n qeyd ed\u0259k ki, \u201cart\u0131q regionda s\u00fclh istiqam\u0259tind\u0259 b\u00fct\u00fcn \u201cyelk\u0259nl\u0259r\u201d a\u00e7\u0131lmal\u0131d\u0131r\u201d dey\u0259n T\u00fcrkiy\u0259 Prezidenti R\u0259c\u0259b Tayyib \u018frdo\u011fan Va\u015finqtonda ke\u00e7iril\u0259n NATO sammitinin yekunlar\u0131na dair m\u0259tbuat konfrans\u0131nda Az\u0259rbaycanla Erm\u0259nistan aras\u0131nda s\u00fclh sazi\u015finin imzalanmas\u0131 ehtimal\u0131 il\u0259 ba\u011fl\u0131 fikirl\u0259rini bildir\u0259rk\u0259n\u00a0 vur\u011fulay\u0131b ki, \u0130r\u0259vanla sazi\u015f imzalanmas\u0131 q\u0259rar\u0131n\u0131 Az\u0259rbaycan Prezidenti \u0130lham \u018fliyev ver\u0259c\u0259k: \u201cQ\u0259rar\u0131 m\u0259n yox, \u0130lham b\u0259y ver\u0259c\u0259k. \u00dcmidvar\u0131q ki, sazi\u015f imzalanacaq v\u0259 Erm\u0259nistanla Az\u0259rbaycan aras\u0131nda s\u00fclh t\u0259min edil\u0259c\u0259k\u201d. O, h\u0259m\u00e7inin bildirib ki, T\u00fcrkiy\u0259 r\u0259hb\u0259rliyi C\u0259nubi Qafqazda s\u00fclh\u0259 dair m\u00f6vqeyini Erm\u0259nistan\u0131n ba\u015f naziri Nikol Pa\u015finyana \u00e7atd\u0131r\u0131b.<\/p>\n<p>Fikrimizc\u0259, yaz\u0131n\u0131n sonunda Prezident \u0130lham \u018fliyevin a\u015fa\u011f\u0131dak\u0131 fikirl\u0259rini d\u0259 xat\u0131rlatmaq yerin\u0259 d\u00fc\u015f\u0259rdi: \u201cN\u0259yi, nec\u0259, n\u0259 vaxt etm\u0259k laz\u0131md\u0131r, bunu m\u0259n bilir\u0259m. Yax\u0131n tarix d\u0259f\u0259l\u0259rl\u0259 bunu g\u00f6st\u0259rib, h\u0259m siyasi m\u00fcst\u0259vid\u0259, diplomatik m\u00fcst\u0259vid\u0259, eyni zamanda, d\u00f6y\u00fc\u015f meydan\u0131nda. N\u0259yi ediriks\u0259, d\u0259qiqlikl\u0259 edirik\u201d.<\/p>\n<p><em><strong>Qvami M\u0259h\u0259bb\u0259to\u011flu, \u201c\u0130ki sahil\u201d<\/strong><\/em><\/p>\n","protected":false},"excerpt":{"rendered":"<p>\u0130yulun 10-da Va\u015finqtonda AB\u015e D\u00f6vl\u0259t katibi Antoni Blinkenin t\u0259\u015f\u0259bb\u00fcs\u00fc v\u0259 i\u015ftirak\u0131 il\u0259 Az\u0259rbaycan Xarici i\u015fl\u0259r naziri Ceyhun Bayramov v\u0259 Erm\u0259nistan xarici i\u015fl\u0259r naziri Ararat Mirzoyan aras\u0131nda NATO-nun 75 illiyin\u0259 h\u0259sr olunmu\u015f Zirv\u0259 g\u00f6r\u00fc\u015f\u00fc \u00e7\u0259r\u00e7iv\u0259sind\u0259 g\u00f6r\u00fc\u015f ke\u00e7irildi. T\u0259r\u0259fl\u0259r Az\u0259rbaycan v\u0259 Erm\u0259nistan\u0131n s\u00fclh v\u0259 d\u00f6vl\u0259tl\u0259raras\u0131 m\u00fcnasib\u0259tl\u0259rin qurulmas\u0131 haqq\u0131nda tarixi sazi\u015fin yekunla\u015fd\u0131r\u0131lmas\u0131 istiqam\u0259tind\u0259 \u0259ld\u0259 olunmu\u015f ir\u0259lil\u0259yi\u015fi vur\u011fulayaraq, bu istiqam\u0259td\u0259 i\u015fi davam etdirm\u0259y\u0259 raz\u0131la\u015f\u0131blar. Amma bu g\u00f6r\u00fc\u015fl\u0259 ba\u011fl\u0131\u00a0 diqq\u0259t \u00e7\u0259k\u0259n maraqlar da var. Bel\u0259 ki, g\u00f6r\u00fc\u015f ba\u015fa \u00e7atar-\u00e7atmaz Va\u015finqton r\u0259smil\u0259ri nikbin notlara k\u00f6kl\u0259nmi\u015f a\u00e7\u0131qlamalar verm\u0259y\u0259 ba\u015flad\u0131lar. M\u0259s\u0259l\u0259n, AB\u015e D\u00f6vl\u0259t katibi Entoni Blinken \u00f6z\u00fcn\u00fcn \u201cX\u201d&hellip;<\/p>\n","protected":false},"author":2,"featured_media":737048,"comment_status":"closed","ping_status":"closed","sticky":false,"template":"","format":"standard","meta":{"om_disable_all_campaigns":false,"_monsterinsights_skip_tracking":false,"_monsterinsights_sitenote_active":false,"_monsterinsights_sitenote_note":"","_monsterinsights_sitenote_category":0},"categories":[19],"tags":[],"aioseo_notices":[],"gutentor_comment":0,"rttpg_featured_image_url":{"full":["https:\/\/arantv.az\/wp-content\/uploads\/2024\/07\/97737a79172085254632422217611085735.jpg",975,540,false],"landscape":["https:\/\/arantv.az\/wp-content\/uploads\/2024\/07\/97737a79172085254632422217611085735.jpg",975,540,false],"portraits":["https:\/\/arantv.az\/wp-content\/uploads\/2024\/07\/97737a79172085254632422217611085735.jpg",975,540,false],"thumbnail":["https:\/\/arantv.az\/wp-content\/uploads\/2024\/07\/97737a79172085254632422217611085735-500x280.jpg",500,280,true],"medium":["https:\/\/arantv.az\/wp-content\/uploads\/2024\/07\/97737a79172085254632422217611085735-660x365.jpg",660,365,true],"large":["https:\/\/arantv.az\/wp-content\/uploads\/2024\/07\/97737a79172085254632422217611085735-840x465.jpg",640,354,true],"1536x1536":["https:\/\/arantv.az\/wp-content\/uploads\/2024\/07\/97737a79172085254632422217611085735.jpg",975,540,false],"2048x2048":["https:\/\/arantv.az\/wp-content\/uploads\/2024\/07\/97737a79172085254632422217611085735.jpg",975,540,false],"post-thumbnail":["https:\/\/arantv.az\/wp-content\/uploads\/2024\/07\/97737a79172085254632422217611085735-240x172.jpg",240,172,true],"advps-thumb-one":["https:\/\/arantv.az\/wp-content\/uploads\/2024\/07\/97737a79172085254632422217611085735.jpg",975,540,false]},"rttpg_author":{"display_name":"V\u00fcsal Rafiqo\u011flu","author_link":"https:\/\/arantv.az\/?author=2"},"rttpg_comment":0,"rttpg_category":"<a href=\"https:\/\/arantv.az\/?cat=19\" rel=\"category\">G\u00fcnd\u0259m<\/a>","rttpg_excerpt":"\u0130yulun 10-da Va\u015finqtonda AB\u015e D\u00f6vl\u0259t katibi Antoni Blinkenin t\u0259\u015f\u0259bb\u00fcs\u00fc v\u0259 i\u015ftirak\u0131 il\u0259 Az\u0259rbaycan Xarici i\u015fl\u0259r naziri Ceyhun Bayramov v\u0259 Erm\u0259nistan xarici i\u015fl\u0259r naziri Ararat Mirzoyan aras\u0131nda NATO-nun 75 illiyin\u0259 h\u0259sr olunmu\u015f Zirv\u0259 g\u00f6r\u00fc\u015f\u00fc \u00e7\u0259r\u00e7iv\u0259sind\u0259 g\u00f6r\u00fc\u015f ke\u00e7irildi. T\u0259r\u0259fl\u0259r Az\u0259rbaycan v\u0259 Erm\u0259nistan\u0131n s\u00fclh v\u0259 d\u00f6vl\u0259tl\u0259raras\u0131 m\u00fcnasib\u0259tl\u0259rin qurulmas\u0131 haqq\u0131nda tarixi sazi\u015fin yekunla\u015fd\u0131r\u0131lmas\u0131 istiqam\u0259tind\u0259 \u0259ld\u0259 olunmu\u015f ir\u0259lil\u0259yi\u015fi vur\u011fulayaraq, bu&hellip;","_links":{"self":[{"href":"https:\/\/arantv.az\/index.php?rest_route=\/wp\/v2\/posts\/737047"}],"collection":[{"href":"https:\/\/arantv.az\/index.php?rest_route=\/wp\/v2\/posts"}],"about":[{"href":"https:\/\/arantv.az\/index.php?rest_route=\/wp\/v2\/types\/post"}],"author":[{"embeddable":true,"href":"https:\/\/arantv.az\/index.php?rest_route=\/wp\/v2\/users\/2"}],"replies":[{"embeddable":true,"href":"https:\/\/arantv.az\/index.php?rest_route=%2Fwp%2Fv2%2Fcomments&post=737047"}],"version-history":[{"count":0,"href":"https:\/\/arantv.az\/index.php?rest_route=\/wp\/v2\/posts\/737047\/revisions"}],"wp:featuredmedia":[{"embeddable":true,"href":"https:\/\/arantv.az\/index.php?rest_route=\/wp\/v2\/media\/737048"}],"wp:attachment":[{"href":"https:\/\/arantv.az\/index.php?rest_route=%2Fwp%2Fv2%2Fmedia&parent=737047"}],"wp:term":[{"taxonomy":"category","embeddable":true,"href":"https:\/\/arantv.az\/index.php?rest_route=%2Fwp%2Fv2%2Fcategories&post=737047"},{"taxonomy":"post_tag","embeddable":true,"href":"https:\/\/arantv.az\/index.php?rest_route=%2Fwp%2Fv2%2Ftags&post=737047"}],"curies":[{"name":"wp","href":"https:\/\/api.w.org\/{rel}","templated":true}]}}