{"id":737108,"date":"2024-07-13T12:57:21","date_gmt":"2024-07-13T08:57:21","guid":{"rendered":"https:\/\/arantv.az\/?p=737108"},"modified":"2024-07-13T12:57:21","modified_gmt":"2024-07-13T08:57:21","slug":"yeni-icra-bascisi-is%c9%99-baslayan-kimi-gorun-kiml%c9%99rl%c9%99-gorusdu-adil-%c9%99liyev-f%c9%99rqi-foto","status":"publish","type":"post","link":"https:\/\/arantv.az\/?p=737108","title":{"rendered":"Yeni icra ba\u015f\u00e7\u0131s\u0131 i\u015f\u0259 ba\u015flayan kimi g\u00f6r\u00fcn kiml\u0259rl\u0259 g\u00f6r\u00fc\u015fd\u00fc: Adil \u018fliyev f\u0259rqi&#8230;FOTO"},"content":{"rendered":"<div class=\"text-content\" data-id=\"\" data-url=\"\">\n<p>Suraxan\u0131 Rayon \u0130cra Hakimiyy\u0259tinin yeni ba\u015f\u00e7\u0131s\u0131 Adil \u018fliyev v\u0259zif\u0259y\u0259 ba\u015flayan kimi \u015f\u0259hid ail\u0259l\u0259ri v\u0259 qazil\u0259rl\u0259 g\u00f6r\u00fc\u015f\u00fcb.<\/p>\n<p><strong>ARANTV.AZ <\/strong>\u00a0x\u0259b\u0259r verir ki,\u00a0G\u00f6r\u00fc\u015fd\u0259 Adil \u018fliyev Ulu \u00d6nd\u0259r Heyd\u0259r \u018fliyevin hakimiyy\u0259t\u0259 g\u0259li\u015finin 55 illiyinin \u00f6lk\u0259miz \u00fc\u00e7\u00fcn \u0259lam\u0259tdar hadis\u0259 olmas\u0131n\u0131 qeyd ed\u0259r\u0259k, m\u00fcasir Az\u0259rbaycan\u0131n \u00dcmummilli Liderin s\u0259n\u0259t \u0259s\u0259ri olmas\u0131n\u0131 qeyd edib.<\/p>\n<p>Prezident, M\u00fcz\u0259ff\u0259r Ali Ba\u015f Komandan \u0130lham \u018fliyevin apard\u0131\u011f\u0131 ard\u0131c\u0131l v\u0259 \u00e7oxkonturlu siyas\u0259tin u\u011furlar\u0131ndan b\u0259hs ed\u0259r\u0259k, qazand\u0131\u011f\u0131m\u0131z tarixi Q\u0259l\u0259b\u0259y\u0259 g\u00f6r\u0259 q\u0259hr\u0259man V\u0259t\u0259n \u00f6vladlar\u0131na borclu oldu\u011fumuzi bildirib. D\u00f6vl\u0259t ba\u015f\u00e7\u0131s\u0131n\u0131n v\u0259 Birinci Vitse-prezident Mehriban \u018fliyevan\u0131n \u015f\u0259hid ail\u0259l\u0259rin\u0259 v\u0259 qazil\u0259r\u0259 ay\u0131rd\u0131\u011f\u0131 diqq\u0259t v\u0259 qay\u011f\u0131dan b\u0259hs ed\u0259n \u0130cra Hakimiyy\u0259tinin ba\u015f\u00e7\u0131s\u0131 bu siyas\u0259tin u\u011furla davam etdirm\u0259yin h\u0259r bir k\u0259sin h\u0259m d\u0259 v\u0259t\u0259nda\u015fl\u0131q borcu olmas\u0131n\u0131 qeyd edib. D\u00f6y\u00fc\u015f meydan\u0131nda apar\u0131lan u\u011furlu \u0259m\u0259liyyatlar\u0131n v\u0259 diplomatik m\u00fcst\u0259vid\u0259 at\u0131lan add\u0131mlar\u0131n n\u0259tic\u0259sind\u0259 tarixi torpaqlar\u0131m\u0131z bu g\u00fcn azadd\u0131r, \u015fanl\u0131 \u00fc\u00e7r\u0259ngli bayra\u011f\u0131m\u0131z V\u0259t\u0259n g\u00f6yl\u0259rind\u0259 b\u00f6y\u00fck m\u0259\u011frurluqla dal\u011falan\u0131r.<\/p>\n<p>Daha sonra t\u0259dbird\u0259 \u00e7\u0131x\u0131\u015f ed\u0259n \u015f\u0259hid ail\u0259l\u0259ri, qazil\u0259r onlara ayr\u0131lan y\u00fcks\u0259k diqq\u0259t v\u0259 qay\u011f\u0131ya g\u00f6r\u0259 Prezident \u0130lham \u018fliyev\u0259 v\u0259 Birinci Vitse-prezident Mehriban \u018fliyevaya \u00f6z minn\u0259tdarl\u0131qlar\u0131n\u0131 bildiribl\u0259r.<\/p>\n<p><strong>Musavat.com<\/strong><\/p>\n<\/div>\n<div>\n<div class=\"form-group\"><img class=\"img-responsive\" src=\"https:\/\/cdn.musavat.com\/news\/images\/TURAN%20ORUC\/f9b64500-550b-4c50-8fe9-a45e196d20d3.jpg\" \/><\/div>\n<div class=\"form-group\"><img class=\"img-responsive\" src=\"https:\/\/cdn.musavat.com\/news\/images\/TURAN%20ORUC\/ef65a64f-9b77-4efa-b6c0-740639f9aeb0.jpg\" \/><\/div>\n<div class=\"form-group\"><img class=\"img-responsive\" src=\"https:\/\/cdn.musavat.com\/news\/images\/TURAN%20ORUC\/a3446429-3b52-41bc-8e40-512920f86604.jpg\" \/><\/div>\n<div class=\"form-group\"><img class=\"img-responsive\" src=\"https:\/\/cdn.musavat.com\/news\/images\/TURAN%20ORUC\/114337e1-e3ae-42dd-92d3-bfee8285cd08.jpg\" \/><\/div>\n<div class=\"form-group\"><img class=\"img-responsive\" src=\"https:\/\/cdn.musavat.com\/news\/images\/TURAN%20ORUC\/8021fe1c-ba53-429e-b6a0-6a3c5298b0e5.jpg\" \/><\/div>\n<div class=\"form-group\"><img class=\"img-responsive\" src=\"https:\/\/cdn.musavat.com\/news\/images\/TURAN%20ORUC\/783bfbba-e8de-4b55-93c8-b7373da42968.jpg\" \/><\/div>\n<div class=\"form-group\"><img class=\"img-responsive\" src=\"https:\/\/cdn.musavat.com\/news\/images\/TURAN%20ORUC\/54a684ca-1bcb-4a42-a848-8e5a98036900.jpg\" \/><\/div>\n<div class=\"form-group\"><img class=\"img-responsive\" src=\"https:\/\/cdn.musavat.com\/news\/images\/TURAN%20ORUC\/8a071c9d-16b6-4b90-8ba9-ef7fe48c8551.jpg\" \/><\/div>\n<div class=\"form-group\"><img class=\"img-responsive\" src=\"https:\/\/cdn.musavat.com\/news\/images\/TURAN%20ORUC\/3d3c7f77-997a-4811-8d3b-cea964329ba1.jpg\" \/><\/div>\n<div class=\"form-group\"><img class=\"img-responsive\" src=\"https:\/\/cdn.musavat.com\/news\/images\/TURAN%20ORUC\/3b73e3e0-48df-40e6-971a-f24b062bd6ce.jpg\" \/><\/div>\n<\/div>\n","protected":false},"excerpt":{"rendered":"<p>Suraxan\u0131 Rayon \u0130cra Hakimiyy\u0259tinin yeni ba\u015f\u00e7\u0131s\u0131 Adil \u018fliyev v\u0259zif\u0259y\u0259 ba\u015flayan kimi \u015f\u0259hid ail\u0259l\u0259ri v\u0259 qazil\u0259rl\u0259 g\u00f6r\u00fc\u015f\u00fcb. ARANTV.AZ \u00a0x\u0259b\u0259r verir ki,\u00a0G\u00f6r\u00fc\u015fd\u0259 Adil \u018fliyev Ulu \u00d6nd\u0259r Heyd\u0259r \u018fliyevin hakimiyy\u0259t\u0259 g\u0259li\u015finin 55 illiyinin \u00f6lk\u0259miz \u00fc\u00e7\u00fcn \u0259lam\u0259tdar hadis\u0259 olmas\u0131n\u0131 qeyd ed\u0259r\u0259k, m\u00fcasir Az\u0259rbaycan\u0131n \u00dcmummilli Liderin s\u0259n\u0259t \u0259s\u0259ri olmas\u0131n\u0131 qeyd edib. Prezident, M\u00fcz\u0259ff\u0259r Ali Ba\u015f Komandan \u0130lham \u018fliyevin apard\u0131\u011f\u0131 ard\u0131c\u0131l v\u0259 \u00e7oxkonturlu siyas\u0259tin u\u011furlar\u0131ndan b\u0259hs ed\u0259r\u0259k, qazand\u0131\u011f\u0131m\u0131z tarixi Q\u0259l\u0259b\u0259y\u0259 g\u00f6r\u0259 q\u0259hr\u0259man V\u0259t\u0259n \u00f6vladlar\u0131na borclu oldu\u011fumuzi bildirib. D\u00f6vl\u0259t ba\u015f\u00e7\u0131s\u0131n\u0131n v\u0259 Birinci Vitse-prezident Mehriban \u018fliyevan\u0131n \u015f\u0259hid ail\u0259l\u0259rin\u0259 v\u0259 qazil\u0259r\u0259 ay\u0131rd\u0131\u011f\u0131 diqq\u0259t v\u0259 qay\u011f\u0131dan b\u0259hs ed\u0259n \u0130cra Hakimiyy\u0259tinin&hellip;<\/p>\n","protected":false},"author":2,"featured_media":737109,"comment_status":"closed","ping_status":"closed","sticky":false,"template":"","format":"standard","meta":{"om_disable_all_campaigns":false,"_monsterinsights_skip_tracking":false,"_monsterinsights_sitenote_active":false,"_monsterinsights_sitenote_note":"","_monsterinsights_sitenote_category":0},"categories":[19],"tags":[],"aioseo_notices":[],"gutentor_comment":0,"rttpg_featured_image_url":{"full":["https:\/\/arantv.az\/wp-content\/uploads\/2024\/07\/c74c110f0b66e322850abac217ae93c7.jpg",870,500,false],"landscape":["https:\/\/arantv.az\/wp-content\/uploads\/2024\/07\/c74c110f0b66e322850abac217ae93c7.jpg",870,500,false],"portraits":["https:\/\/arantv.az\/wp-content\/uploads\/2024\/07\/c74c110f0b66e322850abac217ae93c7.jpg",870,500,false],"thumbnail":["https:\/\/arantv.az\/wp-content\/uploads\/2024\/07\/c74c110f0b66e322850abac217ae93c7-500x280.jpg",500,280,true],"medium":["https:\/\/arantv.az\/wp-content\/uploads\/2024\/07\/c74c110f0b66e322850abac217ae93c7-635x365.jpg",635,365,true],"large":["https:\/\/arantv.az\/wp-content\/uploads\/2024\/07\/c74c110f0b66e322850abac217ae93c7-840x483.jpg",640,368,true],"1536x1536":["https:\/\/arantv.az\/wp-content\/uploads\/2024\/07\/c74c110f0b66e322850abac217ae93c7.jpg",870,500,false],"2048x2048":["https:\/\/arantv.az\/wp-content\/uploads\/2024\/07\/c74c110f0b66e322850abac217ae93c7.jpg",870,500,false],"post-thumbnail":["https:\/\/arantv.az\/wp-content\/uploads\/2024\/07\/c74c110f0b66e322850abac217ae93c7-240x172.jpg",240,172,true],"advps-thumb-one":["https:\/\/arantv.az\/wp-content\/uploads\/2024\/07\/c74c110f0b66e322850abac217ae93c7.jpg",870,500,false]},"rttpg_author":{"display_name":"V\u00fcsal Rafiqo\u011flu","author_link":"https:\/\/arantv.az\/?author=2"},"rttpg_comment":0,"rttpg_category":"<a href=\"https:\/\/arantv.az\/?cat=19\" rel=\"category\">G\u00fcnd\u0259m<\/a>","rttpg_excerpt":"Suraxan\u0131 Rayon \u0130cra Hakimiyy\u0259tinin yeni ba\u015f\u00e7\u0131s\u0131 Adil \u018fliyev v\u0259zif\u0259y\u0259 ba\u015flayan kimi \u015f\u0259hid ail\u0259l\u0259ri v\u0259 qazil\u0259rl\u0259 g\u00f6r\u00fc\u015f\u00fcb. ARANTV.AZ \u00a0x\u0259b\u0259r verir ki,\u00a0G\u00f6r\u00fc\u015fd\u0259 Adil \u018fliyev Ulu \u00d6nd\u0259r Heyd\u0259r \u018fliyevin hakimiyy\u0259t\u0259 g\u0259li\u015finin 55 illiyinin \u00f6lk\u0259miz \u00fc\u00e7\u00fcn \u0259lam\u0259tdar hadis\u0259 olmas\u0131n\u0131 qeyd ed\u0259r\u0259k, m\u00fcasir Az\u0259rbaycan\u0131n \u00dcmummilli Liderin s\u0259n\u0259t \u0259s\u0259ri olmas\u0131n\u0131 qeyd edib. Prezident, M\u00fcz\u0259ff\u0259r Ali Ba\u015f Komandan \u0130lham \u018fliyevin apard\u0131\u011f\u0131 ard\u0131c\u0131l&hellip;","_links":{"self":[{"href":"https:\/\/arantv.az\/index.php?rest_route=\/wp\/v2\/posts\/737108"}],"collection":[{"href":"https:\/\/arantv.az\/index.php?rest_route=\/wp\/v2\/posts"}],"about":[{"href":"https:\/\/arantv.az\/index.php?rest_route=\/wp\/v2\/types\/post"}],"author":[{"embeddable":true,"href":"https:\/\/arantv.az\/index.php?rest_route=\/wp\/v2\/users\/2"}],"replies":[{"embeddable":true,"href":"https:\/\/arantv.az\/index.php?rest_route=%2Fwp%2Fv2%2Fcomments&post=737108"}],"version-history":[{"count":0,"href":"https:\/\/arantv.az\/index.php?rest_route=\/wp\/v2\/posts\/737108\/revisions"}],"wp:featuredmedia":[{"embeddable":true,"href":"https:\/\/arantv.az\/index.php?rest_route=\/wp\/v2\/media\/737109"}],"wp:attachment":[{"href":"https:\/\/arantv.az\/index.php?rest_route=%2Fwp%2Fv2%2Fmedia&parent=737108"}],"wp:term":[{"taxonomy":"category","embeddable":true,"href":"https:\/\/arantv.az\/index.php?rest_route=%2Fwp%2Fv2%2Fcategories&post=737108"},{"taxonomy":"post_tag","embeddable":true,"href":"https:\/\/arantv.az\/index.php?rest_route=%2Fwp%2Fv2%2Ftags&post=737108"}],"curies":[{"name":"wp","href":"https:\/\/api.w.org\/{rel}","templated":true}]}}