{"id":737344,"date":"2024-07-15T08:51:50","date_gmt":"2024-07-15T04:51:50","guid":{"rendered":"https:\/\/arantv.az\/?p=737344"},"modified":"2024-07-15T08:51:50","modified_gmt":"2024-07-15T04:51:50","slug":"bu-gun-v%c9%99t%c9%99n-muharib%c9%99sind%c9%99-az%c9%99rbaycan-ordusunun-s%c9%99hid-olan-h%c9%99rbi-qulluqcusu-xudayar-yusifzad%c9%99nin-dogum-gunudur","status":"publish","type":"post","link":"https:\/\/arantv.az\/?p=737344","title":{"rendered":"Bu g\u00fcn V\u0259t\u0259n m\u00fcharib\u0259sind\u0259 Az\u0259rbaycan Ordusunun \u015f\u0259hid olan h\u0259rbi qulluq\u00e7usu Xudayar Yusifzad\u0259nin do\u011fum g\u00fcn\u00fcd\u00fcr."},"content":{"rendered":"<p>Bu g\u00fcn V\u0259t\u0259n m\u00fcharib\u0259sind\u0259 Az\u0259rbaycan Ordusunun \u015f\u0259hid olan h\u0259rbi qulluq\u00e7usu Xudayar Yusifzad\u0259nin do\u011fum g\u00fcn\u00fcd\u00fcr.<\/p>\n<p>&nbsp;<\/p>\n<p>Ya\u015fasayd\u0131 X.Yusifzad\u0259nin 27 ya\u015f\u0131 olacaqd\u0131.<\/p>\n<p>&nbsp;<\/p>\n<p>Xudayar M\u00fcsl\u00fcm o\u011flu Yusifzad\u0259 1998-ci ilin iyulun 15-d\u0259 B\u0259rd\u0259 \u015f\u0259h\u0259rind\u0259 anadan olub. Xudayar Yusifzad\u0259 2004-2015-ci ill\u0259rd\u0259 B\u0259rd\u0259 \u015f\u0259h\u0259rind\u0259 B\u00fclb\u00fcl ad\u0131na 1 n\u00f6mr\u0259li U\u015faq \u0130nc\u0259s\u0259n\u0259t M\u0259kt\u0259bind\u0259 t\u0259hsil al\u0131b.<\/p>\n<p>&nbsp;<\/p>\n<p>X.Yusifzad\u0259 2016-2018-ci ill\u0259rd\u0259 D\u00f6vl\u0259t T\u0259hl\u00fch\u0259sizliyi Xidm\u0259tinin &#8220;N&#8221; sayl\u0131 h\u0259rbi hiss\u0259sind\u0259 m\u00fcdd\u0259tli h\u0259qiqi h\u0259rbi xidm\u0259td\u0259 olub. Daha sonra is\u0259 o, D\u00f6vl\u0259t S\u0259rh\u0259d Xidm\u0259tinin S\u0259rh\u0259d Qo\u015funlar\u0131n\u0131n s\u0131ralar\u0131nda m\u00fcdd\u0259td\u0259n art\u0131q h\u0259qiqi h\u0259rbi xidm\u0259t qulluq\u00e7usu olaraq xidm\u0259t el\u0259di v\u0259 &#8220;gizir&#8221; h\u0259rbi r\u00fctb\u0259si al\u0131b.<\/p>\n<p>&nbsp;<\/p>\n<p>2020-ci ilin Tovuz d\u00f6y\u00fc\u015fl\u0259ri zaman\u0131 general-mayor Polad H\u0259\u015fimovun \u015f\u0259hid olmas\u0131ndan sonra \u00f6z ist\u0259yi il\u0259 h\u0259rbi xidm\u0259t\u0259 yollanmaq \u00fc\u00e7\u00fcn m\u00fcraci\u0259t edib.<\/p>\n<p>&nbsp;<\/p>\n<p>Az\u0259rbaycan Ordusunun S\u0259rh\u0259d Qo\u015funlar\u0131n\u0131n giziri olan X.Yusifzad\u0259 2020-ci il sentyabr\u0131n 27-d\u0259 Az\u0259rbaycan Silahl\u0131 Q\u00fcvv\u0259l\u0259ri t\u0259r\u0259find\u0259n Erm\u0259nistan i\u015f\u011fal\u0131 alt\u0131nda olan \u0259razil\u0259rin azad edilm\u0259si v\u0259 Az\u0259rbaycan\u0131n \u0259razi b\u00fct\u00f6vl\u00fcy\u00fcn\u00fcn b\u0259rpa olunmas\u0131 \u00fc\u00e7\u00fcn ba\u015flanan V\u0259t\u0259n m\u00fcharib\u0259si zaman\u0131 \u0259vv\u0259lc\u0259 F\u00fczuli rayonunda s\u0259rh\u0259d m\u0259nt\u0259q\u0259sind\u0259 xidm\u0259t edib, daha sonra is\u0259 C\u0259bray\u0131l\u0131n v\u0259 Z\u0259ngilan\u0131n azadl\u0131\u011f\u0131 u\u011frunda ged\u0259n d\u00f6y\u00fc\u015fl\u0259rd\u0259 sava\u015f\u0131b.<\/p>\n<p>&nbsp;<\/p>\n<p>O, oktyabr\u0131n 22-d\u0259 Z\u0259ngilan\u0131n azadl\u0131\u011f\u0131 u\u011frunda ged\u0259n d\u00f6y\u00fc\u015fl\u0259r zaman\u0131 A\u011fb\u0259nd istiqam\u0259tind\u0259 \u015f\u0259hid olub.<\/p>\n<p>&nbsp;<\/p>\n<p>X.Yusifzad\u0259nin n\u0259\u015fi B\u0259rd\u0259 \u015f\u0259h\u0259rinin \u015e\u0259hidl\u0259r Xiyaban\u0131nda d\u0259fn olunub.X.Yusifzad\u0259 Prezident \u0130lham \u018fliyevin s\u0259r\u0259ncamlar\u0131 il\u0259 \u00f6l\u00fcm\u00fcnd\u0259n sonra &#8220;V\u0259t\u0259n u\u011frunda&#8221; medal\u0131, &#8220;Az\u0259rbaycan Bayra\u011f\u0131&#8221; ordeni v\u0259 &#8220;Z\u0259ngilan\u0131n azad olunmas\u0131na g\u00f6r\u0259&#8221; medal\u0131 il\u0259 t\u0259ltif edilib.<\/p>\n<p>&nbsp;<\/p>\n<p>Xudayar Yusifzad\u0259 \u0130kinci Qaraba\u011f m\u00fcharib\u0259sind\u0259 ifa etdiyi mahn\u0131 il\u0259 m\u0259\u015fhurla\u015f\u0131b. Onun h\u0259rbi \u0259m\u0259liyyatlar\u0131n birind\u0259n \u00f6nc\u0259 oxudu\u011fu &#8220;V\u0259t\u0259n yax\u015f\u0131d\u0131r. ..&#8221; mahn\u0131s\u0131 haz\u0131rda Az\u0259rbaycanda dill\u0259r \u0259zb\u0259rin\u0259 \u00e7evrilib.<\/p>\n<p>&nbsp;<\/p>\n<p>2021-ci il fevral\u0131n 18-d\u0259 Xudayar Yusifzad\u0259nin t\u0259hsil ald\u0131\u011f\u0131 B\u0259rd\u0259 \u015f\u0259h\u0259rinin B\u00fclb\u00fcl ad\u0131na 1 n\u00f6mr\u0259li U\u015faq \u0130nc\u0259s\u0259n\u0259t M\u0259kt\u0259bind\u0259 onun b\u00fcst\u00fc qoyulub.<\/p>\n<p>ARANTV.AZ<\/p>\n","protected":false},"excerpt":{"rendered":"<p>Bu g\u00fcn V\u0259t\u0259n m\u00fcharib\u0259sind\u0259 Az\u0259rbaycan Ordusunun \u015f\u0259hid olan h\u0259rbi qulluq\u00e7usu Xudayar Yusifzad\u0259nin do\u011fum g\u00fcn\u00fcd\u00fcr. &nbsp; Ya\u015fasayd\u0131 X.Yusifzad\u0259nin 27 ya\u015f\u0131 olacaqd\u0131. &nbsp; Xudayar M\u00fcsl\u00fcm o\u011flu Yusifzad\u0259 1998-ci ilin iyulun 15-d\u0259 B\u0259rd\u0259 \u015f\u0259h\u0259rind\u0259 anadan olub. Xudayar Yusifzad\u0259 2004-2015-ci ill\u0259rd\u0259 B\u0259rd\u0259 \u015f\u0259h\u0259rind\u0259 B\u00fclb\u00fcl ad\u0131na 1 n\u00f6mr\u0259li U\u015faq \u0130nc\u0259s\u0259n\u0259t M\u0259kt\u0259bind\u0259 t\u0259hsil al\u0131b. &nbsp; X.Yusifzad\u0259 2016-2018-ci ill\u0259rd\u0259 D\u00f6vl\u0259t T\u0259hl\u00fch\u0259sizliyi Xidm\u0259tinin &#8220;N&#8221; sayl\u0131 h\u0259rbi hiss\u0259sind\u0259 m\u00fcdd\u0259tli h\u0259qiqi h\u0259rbi xidm\u0259td\u0259 olub. Daha sonra is\u0259 o, D\u00f6vl\u0259t S\u0259rh\u0259d Xidm\u0259tinin S\u0259rh\u0259d Qo\u015funlar\u0131n\u0131n s\u0131ralar\u0131nda m\u00fcdd\u0259td\u0259n art\u0131q h\u0259qiqi h\u0259rbi xidm\u0259t qulluq\u00e7usu olaraq xidm\u0259t el\u0259di v\u0259 &#8220;gizir&#8221; h\u0259rbi r\u00fctb\u0259si al\u0131b. &nbsp; 2020-ci&hellip;<\/p>\n","protected":false},"author":2,"featured_media":737345,"comment_status":"closed","ping_status":"closed","sticky":false,"template":"","format":"standard","meta":{"om_disable_all_campaigns":false,"_monsterinsights_skip_tracking":false,"_monsterinsights_sitenote_active":false,"_monsterinsights_sitenote_note":"","_monsterinsights_sitenote_category":0},"categories":[1],"tags":[],"aioseo_notices":[],"gutentor_comment":0,"rttpg_featured_image_url":{"full":["https:\/\/arantv.az\/wp-content\/uploads\/2024\/07\/1689398984_1684156567_2.jpg",700,394,false],"landscape":["https:\/\/arantv.az\/wp-content\/uploads\/2024\/07\/1689398984_1684156567_2.jpg",700,394,false],"portraits":["https:\/\/arantv.az\/wp-content\/uploads\/2024\/07\/1689398984_1684156567_2.jpg",700,394,false],"thumbnail":["https:\/\/arantv.az\/wp-content\/uploads\/2024\/07\/1689398984_1684156567_2-500x280.jpg",500,280,true],"medium":["https:\/\/arantv.az\/wp-content\/uploads\/2024\/07\/1689398984_1684156567_2-648x365.jpg",648,365,true],"large":["https:\/\/arantv.az\/wp-content\/uploads\/2024\/07\/1689398984_1684156567_2.jpg",640,360,false],"1536x1536":["https:\/\/arantv.az\/wp-content\/uploads\/2024\/07\/1689398984_1684156567_2.jpg",700,394,false],"2048x2048":["https:\/\/arantv.az\/wp-content\/uploads\/2024\/07\/1689398984_1684156567_2.jpg",700,394,false],"post-thumbnail":["https:\/\/arantv.az\/wp-content\/uploads\/2024\/07\/1689398984_1684156567_2-240x172.jpg",240,172,true],"advps-thumb-one":["https:\/\/arantv.az\/wp-content\/uploads\/2024\/07\/1689398984_1684156567_2.jpg",700,394,false]},"rttpg_author":{"display_name":"V\u00fcsal Rafiqo\u011flu","author_link":"https:\/\/arantv.az\/?author=2"},"rttpg_comment":0,"rttpg_category":"<a href=\"https:\/\/arantv.az\/?cat=1\" rel=\"category\">C\u0259miyy\u0259t<\/a>","rttpg_excerpt":"Bu g\u00fcn V\u0259t\u0259n m\u00fcharib\u0259sind\u0259 Az\u0259rbaycan Ordusunun \u015f\u0259hid olan h\u0259rbi qulluq\u00e7usu Xudayar Yusifzad\u0259nin do\u011fum g\u00fcn\u00fcd\u00fcr. &nbsp; Ya\u015fasayd\u0131 X.Yusifzad\u0259nin 27 ya\u015f\u0131 olacaqd\u0131. &nbsp; Xudayar M\u00fcsl\u00fcm o\u011flu Yusifzad\u0259 1998-ci ilin iyulun 15-d\u0259 B\u0259rd\u0259 \u015f\u0259h\u0259rind\u0259 anadan olub. Xudayar Yusifzad\u0259 2004-2015-ci ill\u0259rd\u0259 B\u0259rd\u0259 \u015f\u0259h\u0259rind\u0259 B\u00fclb\u00fcl ad\u0131na 1 n\u00f6mr\u0259li U\u015faq \u0130nc\u0259s\u0259n\u0259t M\u0259kt\u0259bind\u0259 t\u0259hsil al\u0131b. &nbsp; X.Yusifzad\u0259 2016-2018-ci ill\u0259rd\u0259 D\u00f6vl\u0259t T\u0259hl\u00fch\u0259sizliyi Xidm\u0259tinin&hellip;","_links":{"self":[{"href":"https:\/\/arantv.az\/index.php?rest_route=\/wp\/v2\/posts\/737344"}],"collection":[{"href":"https:\/\/arantv.az\/index.php?rest_route=\/wp\/v2\/posts"}],"about":[{"href":"https:\/\/arantv.az\/index.php?rest_route=\/wp\/v2\/types\/post"}],"author":[{"embeddable":true,"href":"https:\/\/arantv.az\/index.php?rest_route=\/wp\/v2\/users\/2"}],"replies":[{"embeddable":true,"href":"https:\/\/arantv.az\/index.php?rest_route=%2Fwp%2Fv2%2Fcomments&post=737344"}],"version-history":[{"count":0,"href":"https:\/\/arantv.az\/index.php?rest_route=\/wp\/v2\/posts\/737344\/revisions"}],"wp:featuredmedia":[{"embeddable":true,"href":"https:\/\/arantv.az\/index.php?rest_route=\/wp\/v2\/media\/737345"}],"wp:attachment":[{"href":"https:\/\/arantv.az\/index.php?rest_route=%2Fwp%2Fv2%2Fmedia&parent=737344"}],"wp:term":[{"taxonomy":"category","embeddable":true,"href":"https:\/\/arantv.az\/index.php?rest_route=%2Fwp%2Fv2%2Fcategories&post=737344"},{"taxonomy":"post_tag","embeddable":true,"href":"https:\/\/arantv.az\/index.php?rest_route=%2Fwp%2Fv2%2Ftags&post=737344"}],"curies":[{"name":"wp","href":"https:\/\/api.w.org\/{rel}","templated":true}]}}