{"id":737383,"date":"2024-07-15T12:45:24","date_gmt":"2024-07-15T08:45:24","guid":{"rendered":"https:\/\/arantv.az\/?p=737383"},"modified":"2024-07-15T12:45:24","modified_gmt":"2024-07-15T08:45:24","slug":"ilham-%c9%99liyev-r%c9%99c%c9%99b-tayyib-%c9%99rdogana-bassagligi-m%c9%99ktubu-gond%c9%99rdi","status":"publish","type":"post","link":"https:\/\/arantv.az\/?p=737383","title":{"rendered":"\u0130lham \u018fliyev R\u0259c\u0259b Tayyib \u018frdo\u011fana ba\u015fsa\u011fl\u0131\u011f\u0131 m\u0259ktubu g\u00f6nd\u0259rdi"},"content":{"rendered":"<p>Az\u0259rbaycan Respublikas\u0131n\u0131n Prezidenti\u00a0<strong>\u0130lham \u018fliyev<\/strong>\u00a0T\u00fcrkiy\u0259 Respublikas\u0131n\u0131n Prezidenti R\u0259c\u0259b Tayyib \u018frdo\u011fana ba\u015fsa\u011fl\u0131\u011f\u0131 m\u0259ktubu \u00fcnvanlay\u0131b.<\/p>\n<p><a href=\"https:\/\/president.az\/az\/articles\/view\/66475\" target=\"_blank\" rel=\"nofollow noopener\"><strong>President.az<\/strong><\/a>\u00a0x\u0259b\u0259r verir ki, m\u0259ktubda deyilir:<\/p>\n<p>&#8220;15 \u0130yul hadis\u0259l\u0259rinin s\u0259kkizinci ild\u00f6n\u00fcm\u00fcnd\u0259 d\u00f6vl\u0259t \u00e7evrili\u015fi c\u0259hdinin qar\u015f\u0131s\u0131n\u0131n al\u0131nmas\u0131 yolunda canlar\u0131n\u0131 qurban vermi\u015f b\u00fct\u00fcn \u015f\u0259hidl\u0259rimizin \u0259ziz xatir\u0259sini d\u0259rin h\u00f6rm\u0259t v\u0259 ehtiramla yad edir, ail\u0259l\u0259rin\u0259 v\u0259 b\u00fct\u00fcn T\u00fcrkiy\u0259 xalq\u0131na d\u0259rin h\u00fcznl\u0259 ba\u015fsa\u011fl\u0131\u011f\u0131 verir\u0259m.<\/p>\n<p>Qarda\u015f T\u00fcrkiy\u0259nin qan yadda\u015f\u0131na \u0259b\u0259di olaraq h\u0259kk olunmu\u015f bu gec\u0259d\u0259 ba\u015f vermi\u015f m\u0259nfur \u00e7evrili\u015f c\u0259hdi \u00f6lk\u0259nizin milli maraqlar\u0131na, demokratik \u0259saslar\u0131na v\u0259 h\u00fcququn aliliyin\u0259 q\u0259sd idi. M\u00fcdrik v\u0259 m\u0259rd T\u00fcrkiy\u0259 xalq\u0131 V\u0259t\u0259n, d\u00f6vl\u0259t\u00e7ilik v\u0259 demokratiya u\u011frunda q\u0259tiyy\u0259tl\u0259 m\u00fcbariz\u0259 apararaq v\u0259 sin\u0259sini sip\u0259r ed\u0259r\u0259k n\u00f6vb\u0259ti d\u0259f\u0259 q\u0259hr\u0259manl\u0131q dastan\u0131 yazd\u0131. Bu hadis\u0259l\u0259r il\u0259 \u0259laq\u0259dar t\u0259sis edilmi\u015f 15 \u0130yul &#8211; &#8220;Demokratiya v\u0259 Milli Birlik G\u00fcn\u00fc&#8221; m\u0259tin xalq\u0131n\u0131z\u0131n h\u0259mr\u0259ylik, m\u00fcbarizlik v\u0259 milli birlik r\u0259mzi olaraq daim ya\u015fayacaq v\u0259 \u0259srl\u0259r \u00f6td\u00fckc\u0259 daha b\u00f6y\u00fck q\u00fcrurla xat\u0131rlanacaqd\u0131r.<\/p>\n<p>T\u00fcrkiy\u0259 d\u00f6vl\u0259t\u00e7iliyin\u0259 qar\u015f\u0131 y\u00f6n\u0259lmi\u015f bu \u00e7evrili\u015f c\u0259hdinin d\u0259f olunmas\u0131nda v\u0259 bununla da \u00f6lk\u0259nizi b\u00f6y\u00fck faci\u0259l\u0259rd\u0259n xilas edilm\u0259sind\u0259 \u015f\u0259xs\u0259n Sizin g\u00f6rd\u00fcy\u00fcn\u00fcz t\u0259xir\u0259sal\u0131nmaz q\u0259ti add\u0131mlar\u0131n v\u0259 liderliyinizin x\u00fcsusi rolu olmu\u015fdur. Xalq\u0131n\u0131z Sizin \u0259traf\u0131n\u0131zda s\u0131x birl\u0259\u015f\u0259r\u0259k d\u00f6vl\u0259tin\u0259, azadl\u0131\u011f\u0131na v\u0259 demokratiyas\u0131na sahib \u00e7\u0131xmaqla d\u00fcnyaya milli q\u00fcrurunu, g\u00fcc\u00fcn\u00fc v\u0259 sars\u0131lmaz irad\u0259sini bir daha s\u00fcbut etdi.<\/p>\n<p>Az\u0259rbaycan xalq\u0131 v\u0259 d\u00f6vl\u0259ti ilk d\u0259qiq\u0259l\u0259rd\u0259n bu x\u0259yan\u0259ti \u015fidd\u0259tl\u0259 q\u0131nam\u0131\u015f v\u0259 h\u0259mi\u015f\u0259 oldu\u011fu kimi qarda\u015f T\u00fcrkiy\u0259 d\u00f6vl\u0259tinin v\u0259 xalq\u0131n\u0131n yan\u0131nda yer alm\u0131\u015fd\u0131. Bu bizim sevincimizi v\u0259 k\u0259d\u0259rimizi birg\u0259 payla\u015fd\u0131\u011f\u0131m\u0131z T\u00fcrkiy\u0259y\u0259 qarda\u015fl\u0131q v\u0259 v\u0259fa borcumuz idi.<\/p>\n<p>H\u00f6rm\u0259tli c\u0259nab Prezident, bu yax\u0131nlarda Sizinl\u0259 Astanada g\u00f6r\u00fc\u015f\u00fcm\u00fcz\u00fc, apard\u0131\u011f\u0131m\u0131z \u0259trafl\u0131 fikir m\u00fcbadil\u0259sini \u0259n xo\u015f t\u0259\u0259ss\u00fcratlarla xat\u0131rlay\u0131ram. \u018fmin\u0259m ki, dostlu\u011fa, qar\u015f\u0131l\u0131ql\u0131 etimad v\u0259 d\u0259st\u0259y\u0259 \u0259saslanan Az\u0259rbaycan-T\u00fcrkiy\u0259 \u0259laq\u0259l\u0259rini, \u00e7ox\u015fax\u0259li \u0259m\u0259kda\u015fl\u0131\u011f\u0131n\u0131 v\u0259 strateji m\u00fctt\u0259fiqliyini geni\u015fl\u0259ndirm\u0259k, d\u00fcnyada b\u0259nz\u0259ri olmayan d\u00f6vl\u0259tl\u0259raras\u0131 m\u00fcnasib\u0259tl\u0259rimizi daha da y\u00fcks\u0259k s\u0259viyy\u0259y\u0259 qald\u0131rmaq namin\u0259 birg\u0259 s\u0259yl\u0259rimizi bundan sonra da u\u011furla davam etdir\u0259c\u0259yik.<\/p>\n<p>Siz\u0259 m\u00f6hk\u0259m cansa\u011fl\u0131\u011f\u0131, i\u015fl\u0259rinizd\u0259 u\u011furlar, qarda\u015f T\u00fcrkiy\u0259 xalq\u0131na daim \u0259min-amanl\u0131q v\u0259 firavanl\u0131q arzulay\u0131ram&#8221;.<\/p>\n","protected":false},"excerpt":{"rendered":"<p>Az\u0259rbaycan Respublikas\u0131n\u0131n Prezidenti\u00a0\u0130lham \u018fliyev\u00a0T\u00fcrkiy\u0259 Respublikas\u0131n\u0131n Prezidenti R\u0259c\u0259b Tayyib \u018frdo\u011fana ba\u015fsa\u011fl\u0131\u011f\u0131 m\u0259ktubu \u00fcnvanlay\u0131b. President.az\u00a0x\u0259b\u0259r verir ki, m\u0259ktubda deyilir: &#8220;15 \u0130yul hadis\u0259l\u0259rinin s\u0259kkizinci ild\u00f6n\u00fcm\u00fcnd\u0259 d\u00f6vl\u0259t \u00e7evrili\u015fi c\u0259hdinin qar\u015f\u0131s\u0131n\u0131n al\u0131nmas\u0131 yolunda canlar\u0131n\u0131 qurban vermi\u015f b\u00fct\u00fcn \u015f\u0259hidl\u0259rimizin \u0259ziz xatir\u0259sini d\u0259rin h\u00f6rm\u0259t v\u0259 ehtiramla yad edir, ail\u0259l\u0259rin\u0259 v\u0259 b\u00fct\u00fcn T\u00fcrkiy\u0259 xalq\u0131na d\u0259rin h\u00fcznl\u0259 ba\u015fsa\u011fl\u0131\u011f\u0131 verir\u0259m. Qarda\u015f T\u00fcrkiy\u0259nin qan yadda\u015f\u0131na \u0259b\u0259di olaraq h\u0259kk olunmu\u015f bu gec\u0259d\u0259 ba\u015f vermi\u015f m\u0259nfur \u00e7evrili\u015f c\u0259hdi \u00f6lk\u0259nizin milli maraqlar\u0131na, demokratik \u0259saslar\u0131na v\u0259 h\u00fcququn aliliyin\u0259 q\u0259sd idi. M\u00fcdrik v\u0259 m\u0259rd T\u00fcrkiy\u0259 xalq\u0131 V\u0259t\u0259n, d\u00f6vl\u0259t\u00e7ilik v\u0259 demokratiya u\u011frunda q\u0259tiyy\u0259tl\u0259 m\u00fcbariz\u0259 apararaq v\u0259 sin\u0259sini&hellip;<\/p>\n","protected":false},"author":2,"featured_media":737384,"comment_status":"closed","ping_status":"closed","sticky":false,"template":"","format":"standard","meta":{"om_disable_all_campaigns":false,"_monsterinsights_skip_tracking":false,"_monsterinsights_sitenote_active":false,"_monsterinsights_sitenote_note":"","_monsterinsights_sitenote_category":0},"categories":[4],"tags":[],"aioseo_notices":[],"gutentor_comment":0,"rttpg_featured_image_url":{"full":["https:\/\/arantv.az\/wp-content\/uploads\/2024\/07\/409bcfa8-01fe-39b3-b0dd-e1454def929c_850.jpg",405,228,false],"landscape":["https:\/\/arantv.az\/wp-content\/uploads\/2024\/07\/409bcfa8-01fe-39b3-b0dd-e1454def929c_850.jpg",405,228,false],"portraits":["https:\/\/arantv.az\/wp-content\/uploads\/2024\/07\/409bcfa8-01fe-39b3-b0dd-e1454def929c_850.jpg",405,228,false],"thumbnail":["https:\/\/arantv.az\/wp-content\/uploads\/2024\/07\/409bcfa8-01fe-39b3-b0dd-e1454def929c_850.jpg",405,228,false],"medium":["https:\/\/arantv.az\/wp-content\/uploads\/2024\/07\/409bcfa8-01fe-39b3-b0dd-e1454def929c_850.jpg",405,228,false],"large":["https:\/\/arantv.az\/wp-content\/uploads\/2024\/07\/409bcfa8-01fe-39b3-b0dd-e1454def929c_850.jpg",405,228,false],"1536x1536":["https:\/\/arantv.az\/wp-content\/uploads\/2024\/07\/409bcfa8-01fe-39b3-b0dd-e1454def929c_850.jpg",405,228,false],"2048x2048":["https:\/\/arantv.az\/wp-content\/uploads\/2024\/07\/409bcfa8-01fe-39b3-b0dd-e1454def929c_850.jpg",405,228,false],"post-thumbnail":["https:\/\/arantv.az\/wp-content\/uploads\/2024\/07\/409bcfa8-01fe-39b3-b0dd-e1454def929c_850-240x172.jpg",240,172,true],"advps-thumb-one":["https:\/\/arantv.az\/wp-content\/uploads\/2024\/07\/409bcfa8-01fe-39b3-b0dd-e1454def929c_850.jpg",405,228,false]},"rttpg_author":{"display_name":"V\u00fcsal Rafiqo\u011flu","author_link":"https:\/\/arantv.az\/?author=2"},"rttpg_comment":0,"rttpg_category":"<a href=\"https:\/\/arantv.az\/?cat=4\" rel=\"category\">Siyas\u0259t<\/a>","rttpg_excerpt":"Az\u0259rbaycan Respublikas\u0131n\u0131n Prezidenti\u00a0\u0130lham \u018fliyev\u00a0T\u00fcrkiy\u0259 Respublikas\u0131n\u0131n Prezidenti R\u0259c\u0259b Tayyib \u018frdo\u011fana ba\u015fsa\u011fl\u0131\u011f\u0131 m\u0259ktubu \u00fcnvanlay\u0131b. President.az\u00a0x\u0259b\u0259r verir ki, m\u0259ktubda deyilir: &#8220;15 \u0130yul hadis\u0259l\u0259rinin s\u0259kkizinci ild\u00f6n\u00fcm\u00fcnd\u0259 d\u00f6vl\u0259t \u00e7evrili\u015fi c\u0259hdinin qar\u015f\u0131s\u0131n\u0131n al\u0131nmas\u0131 yolunda canlar\u0131n\u0131 qurban vermi\u015f b\u00fct\u00fcn \u015f\u0259hidl\u0259rimizin \u0259ziz xatir\u0259sini d\u0259rin h\u00f6rm\u0259t v\u0259 ehtiramla yad edir, ail\u0259l\u0259rin\u0259 v\u0259 b\u00fct\u00fcn T\u00fcrkiy\u0259 xalq\u0131na d\u0259rin h\u00fcznl\u0259 ba\u015fsa\u011fl\u0131\u011f\u0131 verir\u0259m. Qarda\u015f T\u00fcrkiy\u0259nin qan yadda\u015f\u0131na \u0259b\u0259di&hellip;","_links":{"self":[{"href":"https:\/\/arantv.az\/index.php?rest_route=\/wp\/v2\/posts\/737383"}],"collection":[{"href":"https:\/\/arantv.az\/index.php?rest_route=\/wp\/v2\/posts"}],"about":[{"href":"https:\/\/arantv.az\/index.php?rest_route=\/wp\/v2\/types\/post"}],"author":[{"embeddable":true,"href":"https:\/\/arantv.az\/index.php?rest_route=\/wp\/v2\/users\/2"}],"replies":[{"embeddable":true,"href":"https:\/\/arantv.az\/index.php?rest_route=%2Fwp%2Fv2%2Fcomments&post=737383"}],"version-history":[{"count":0,"href":"https:\/\/arantv.az\/index.php?rest_route=\/wp\/v2\/posts\/737383\/revisions"}],"wp:featuredmedia":[{"embeddable":true,"href":"https:\/\/arantv.az\/index.php?rest_route=\/wp\/v2\/media\/737384"}],"wp:attachment":[{"href":"https:\/\/arantv.az\/index.php?rest_route=%2Fwp%2Fv2%2Fmedia&parent=737383"}],"wp:term":[{"taxonomy":"category","embeddable":true,"href":"https:\/\/arantv.az\/index.php?rest_route=%2Fwp%2Fv2%2Fcategories&post=737383"},{"taxonomy":"post_tag","embeddable":true,"href":"https:\/\/arantv.az\/index.php?rest_route=%2Fwp%2Fv2%2Ftags&post=737383"}],"curies":[{"name":"wp","href":"https:\/\/api.w.org\/{rel}","templated":true}]}}