{"id":737387,"date":"2024-07-15T13:17:33","date_gmt":"2024-07-15T09:17:33","guid":{"rendered":"https:\/\/arantv.az\/?p=737387"},"modified":"2024-07-15T13:17:33","modified_gmt":"2024-07-15T09:17:33","slug":"az%c9%99rbaycan-v%c9%99-pakistan-iki-dost-iki-qardas-iki-t%c9%99r%c9%99fdas-olk%c9%99","status":"publish","type":"post","link":"https:\/\/arantv.az\/?p=737387","title":{"rendered":"Az\u0259rbaycan v\u0259 Pakistan &#8211; iki dost, iki qarda\u015f, iki t\u0259r\u0259fda\u015f \u00f6lk\u0259"},"content":{"rendered":"<div class=\"x11i5rnm xat24cr x1mh8g0r x1vvkbs xtlvy1s x126k92a\">\n<div dir=\"auto\">\u00d6lk\u0259mizin s\u0131x dostluq v\u0259 qarda\u015fl\u0131q \u0259laq\u0259l\u0259ri qurdu\u011fu, qar\u015f\u0131l\u0131ql\u0131 m\u00fcnasib\u0259tl\u0259ri strateji t\u0259r\u0259fda\u015fl\u0131q s\u0259viyy\u0259sin\u0259 y\u00fcks\u0259lmi\u015f \u00f6lk\u0259l\u0259rd\u0259n biri d\u0259 qarda\u015f Pakistand\u0131r.<\/div>\n<div dir=\"auto\">\u0130ki \u00f6lk\u0259 aras\u0131nda m\u00f6hk\u0259m dostluq v\u0259 qarda\u015fl\u0131q t\u0259m\u0259ll\u0259ri \u00fczr\u0259 qurulmu\u015f strateji t\u0259r\u0259fda\u015fl\u0131q m\u00fcnasib\u0259tl\u0259ri m\u00f6vcuddur. H\u0259r iki \u00f6lk\u0259 h\u0259m ikit\u0259r\u0259fli, h\u0259m d\u0259 \u00e7oxt\u0259r\u0259fli platformalarda bir-birin\u0259 daim d\u0259st\u0259k g\u00f6st\u0259rir v\u0259 \u0259laq\u0259l\u0259rimiz b\u00fct\u00fcn sah\u0259l\u0259rd\u0259 s\u00fcr\u0259tl\u0259 inki\u015faf edir.<\/div>\n<div dir=\"auto\">Pakistan Az\u0259rbaycan Respublikas\u0131n\u0131n m\u00fcst\u0259qilliyini ilk tan\u0131yan (1991-ci il dekabr\u0131n 12-si) d\u00f6vl\u0259tl\u0259rd\u0259n biri olub.<\/div>\n<div dir=\"auto\">\u0130ki \u00f6lk\u0259 aras\u0131nda diplomatik \u0259laq\u0259l\u0259r 1992-ci il iyunun 9-da qurulub. H\u0259min d\u00f6vrd\u0259n sonra iki \u00f6lk\u0259 aras\u0131nda \u0259laq\u0259l\u0259r daim inki\u015faf etdirilib v\u0259 bug\u00fcnk\u00fc strateji m\u00fctt\u0259fiqlik s\u0259viyy\u0259sin\u0259 y\u00fcks\u0259lib.<\/div>\n<div dir=\"auto\">1993-c\u00fc ilin mart\u0131nda Pakistan\u0131n Bak\u0131da, 1997-ci ilin avqustunda is\u0259 Az\u0259rbaycan\u0131n \u0130slamabadda s\u0259firlikl\u0259ri t\u0259sis edilib.<\/div>\n<div dir=\"auto\">Pakistan beyn\u0259lxalq miqyasda \u00f6lk\u0259mizin \u0259razi b\u00fct\u00f6vl\u00fcy\u00fcn\u00fc ard\u0131c\u0131l \u015f\u0259kild\u0259 d\u0259st\u0259kl\u0259yib, Erm\u0259nistan\u0131n Az\u0259rbaycan torpaqlar\u0131na h\u0259rbi t\u0259cav\u00fcz\u00fcn\u0259 g\u00f6r\u0259 onunla diplomatik m\u00fcnasib\u0259tl\u0259r qurmay\u0131b.<\/div>\n<div dir=\"auto\">1993-c\u00fc il aprelin 30-da BMT T\u0259hl\u00fck\u0259sizlik \u015euras\u0131n\u0131n Az\u0259rbaycana dair 822 n\u00f6mr\u0259li q\u0259tnam\u0259sinin q\u0259bul olundu\u011fu iclasa Pakistan s\u0259drlik edib.<\/div>\n<div dir=\"auto\">\u0130ki \u00f6lk\u0259 aras\u0131nda t\u0259maslar v\u0259 qar\u015f\u0131l\u0131ql\u0131 s\u0259f\u0259rl\u0259r Az\u0259rbaycan xalq\u0131n\u0131n \u00dcmummilli Lideri Heyd\u0259r \u018fliyevin 1994-c\u00fc ilin dekabr\u0131nda Kasablankada Pakistan\u0131n ovaxtk\u0131 Ba\u015f naziri Benazir Bhutto il\u0259 g\u00f6r\u00fc\u015f\u00fcnd\u0259n sonra ba\u015flay\u0131b. Bu g\u00f6r\u00fc\u015fl\u0259 ikit\u0259r\u0259fli m\u00fcnasib\u0259tl\u0259r yeni inki\u015faf m\u0259rh\u0259l\u0259sin\u0259 q\u0259d\u0259m qoyub.<\/div>\n<div dir=\"auto\">Prezident \u0130lham \u018fliyev Pakistanla \u0259laq\u0259l\u0259rin inki\u015faf\u0131na x\u00fcsusi \u00f6n\u0259m verir v\u0259 \u00f6lk\u0259nin ali siyasi r\u0259hb\u0259rliyi il\u0259 qar\u015f\u0131l\u0131ql\u0131 inam v\u0259 etimada \u0259saslanan y\u00fcks\u0259k s\u0259viyy\u0259li m\u00fcnasib\u0259tl\u0259r saxlay\u0131r. Apar\u0131lan u\u011furlu xarici siyas\u0259t n\u0259tic\u0259sind\u0259 Az\u0259rbaycan\u0131n m\u00fctt\u0259fiqi v\u0259 dost \u00f6lk\u0259l\u0259rin siyah\u0131s\u0131 geni\u015fl\u0259nmi\u015fdir. V\u0259t\u0259n m\u00fcharib\u0259sinin gedi\u015find\u0259 T\u00fcrkiy\u0259, Pakistan, \u0130srail, Ukrayna, G\u00fcrc\u00fcstan, \u018ffqan\u0131stan, \u015eimali Kipr T\u00fcrk Respublikas\u0131 v\u0259 ba\u015fqa \u00f6lk\u0259l\u0259r Az\u0259rbaycan\u0131n haql\u0131 t\u0259r\u0259f oldu\u011fu, \u0259razi b\u00fct\u00f6vl\u00fcy\u00fcn\u00fc tan\u0131d\u0131\u011f\u0131n\u0131 bildirdil\u0259r.<\/div>\n<div dir=\"auto\">\u0130slamabadda iyulun 12-d\u0259 Az\u0259rbaycan Prezidenti \u0130lham \u018fliyevin Pakistan\u0131n Prezidenti Asif \u018fli Z\u0259rdari il\u0259 geni\u015f t\u0259rkibd\u0259 g\u00f6r\u00fc\u015f\u00fc olub. Bu g\u00f6r\u00fc\u015fd\u0259 \u00f6lk\u0259l\u0259r aras\u0131nda siyasi \u0259laq\u0259l\u0259rin y\u00fcks\u0259k s\u0259viyy\u0259d\u0259 olmas\u0131ndan m\u0259mnunluq ifad\u0259 edildi. Pakistan\u0131n v\u0259 Az\u0259rbaycan\u0131n daim bir-birini d\u0259st\u0259kl\u0259m\u0259si, x\u00fcsusil\u0259 torpaqlar\u0131m\u0131z otuz il \u0259rzind\u0259 i\u015f\u011fal alt\u0131nda oldu\u011fu d\u00f6vrd\u0259 Pakistan\u0131n Az\u0259rbaycana siyasi d\u0259st\u0259yi, Az\u0259rbaycan\u0131n haql\u0131 v\u0259 \u0259dal\u0259tli m\u00f6vqeyini m\u00fcdafi\u0259 etm\u0259si, beyn\u0259lxalq h\u00fcququn prinsipl\u0259rini r\u0259hb\u0259r tutmas\u0131 y\u00fcks\u0259k qiym\u0259tl\u0259ndirildi.<\/div>\n<div dir=\"auto\">Haz\u0131rda \u00f6lk\u0259l\u0259r aras\u0131nda iqtisadi-ticari \u0259laq\u0259l\u0259rin daha da geni\u015fl\u0259ndirilm\u0259si \u00fc\u00e7\u00fcn yax\u015f\u0131 potensial\u0131n oldu\u011fu vur\u011fuland\u0131.<\/div>\n<div dir=\"auto\">Prezident Asif \u018fli Z\u0259rdari Az\u0259rbaycan\u0131n COP29-a ev sahibliyi etm\u0259si m\u00fcnasib\u0259til\u0259 Prezident \u0130lham \u018fliyevi t\u0259brik etdi.<\/div>\n<div dir=\"auto\">\u0130lham \u018fliyev Pakistan Prezidentini COP29-a d\u0259v\u0259t etdi.<\/div>\n<div dir=\"auto\">S\u00f6hb\u0259t zaman\u0131 \u00f6lk\u0259l\u0259r aras\u0131nda iqtisadi-ticari \u0259laq\u0259l\u0259rin, investisiya sah\u0259sind\u0259 \u0259m\u0259kda\u015fl\u0131\u011f\u0131n daha da geni\u015fl\u0259ndirilm\u0259si m\u0259s\u0259l\u0259l\u0259ri m\u00fczakir\u0259 olundu.<\/div>\n<div dir=\"auto\">G\u00f6r\u00fc\u015fd\u0259 qar\u015f\u0131l\u0131ql\u0131 maraq do\u011furan dig\u0259r m\u0259s\u0259l\u0259l\u0259r \u0259traf\u0131nda da fikir m\u00fcbadil\u0259si apar\u0131ld\u0131.<\/div>\n<div dir=\"auto\">Az\u0259rbaycan Respublikas\u0131n\u0131n Xarici \u0130\u015fl\u0259r Nazirliyi il\u0259 Pakistan \u0130slam Respublikas\u0131n\u0131n Xarici \u0130\u015fl\u0259r Nazirliyi aras\u0131nda konsulluq sah\u0259sind\u0259 \u0259m\u0259kda\u015fl\u0131q haqq\u0131nda Anla\u015fma Memorandumu\u201dnu Pakistan\u0131n Ba\u015f nazirinin m\u00fcavini, xarici i\u015fl\u0259r naziri Mohammad \u0130\u015faq Dar v\u0259 Az\u0259rbaycan\u0131n xarici i\u015fl\u0259r nazirinin m\u00fcavini Samir \u015e\u0259rifov m\u00fcbadil\u0259 etdil\u0259r.<\/div>\n<div dir=\"auto\">\u201cAz\u0259rbaycan Respublikas\u0131 H\u00f6kum\u0259ti il\u0259 Pakistan \u0130slam Respublikas\u0131 H\u00f6kum\u0259ti aras\u0131nda tranzit ticar\u0259t haqq\u0131nda Sazi\u015f\u201di Pakistan\u0131n kommersiya naziri Cam Kamal Xan v\u0259 Az\u0259rbaycan\u0131n r\u0259q\u0259msal inki\u015faf v\u0259 n\u0259qliyyat naziri R\u0259\u015fad N\u0259biyev m\u00fcbadil\u0259 etdil\u0259r. G\u00f6r\u00fc\u015fd\u0259 bu kimi 15 adda anla\u015fma imzaland\u0131.<\/div>\n<div dir=\"auto\">Qeyd etm\u0259liyik ki, d\u00f6vl\u0259timizin el\u0259c\u0259 d\u0259 Prezidentimizin beyn\u0259lxalq siyasi arenadak\u0131 m\u00f6vqeyi g\u0259l\u0259c\u0259k m\u00f6t\u0259b\u0259r u\u011furlar\u0131n m\u00fcjd\u0259\u00e7isidir!<\/div>\n<\/div>\n<div class=\"x11i5rnm xat24cr x1mh8g0r x1vvkbs xtlvy1s x126k92a\">\n<div dir=\"auto\">Fidan V\u0259liyeva &#8211; B\u0259rd\u0259 Rayon G\u00fclo\u011flular k\u0259nd \u00fcmumi orta m\u0259kt\u0259bin Fizika m\u00fc\u0259llimi, B\u0259rd\u0259 Rayon S.Behbudov ad\u0131na 6 sayl\u0131 tam orta m\u0259kt\u0259bd\u0259 Pe\u015f\u0259 t\u0259may\u00fcll\u00fc sinifl\u0259rin qrup r\u0259hb\u0259ri<\/div>\n<\/div>\n","protected":false},"excerpt":{"rendered":"<p>\u00d6lk\u0259mizin s\u0131x dostluq v\u0259 qarda\u015fl\u0131q \u0259laq\u0259l\u0259ri qurdu\u011fu, qar\u015f\u0131l\u0131ql\u0131 m\u00fcnasib\u0259tl\u0259ri strateji t\u0259r\u0259fda\u015fl\u0131q s\u0259viyy\u0259sin\u0259 y\u00fcks\u0259lmi\u015f \u00f6lk\u0259l\u0259rd\u0259n biri d\u0259 qarda\u015f Pakistand\u0131r. \u0130ki \u00f6lk\u0259 aras\u0131nda m\u00f6hk\u0259m dostluq v\u0259 qarda\u015fl\u0131q t\u0259m\u0259ll\u0259ri \u00fczr\u0259 qurulmu\u015f strateji t\u0259r\u0259fda\u015fl\u0131q m\u00fcnasib\u0259tl\u0259ri m\u00f6vcuddur. H\u0259r iki \u00f6lk\u0259 h\u0259m ikit\u0259r\u0259fli, h\u0259m d\u0259 \u00e7oxt\u0259r\u0259fli platformalarda bir-birin\u0259 daim d\u0259st\u0259k g\u00f6st\u0259rir v\u0259 \u0259laq\u0259l\u0259rimiz b\u00fct\u00fcn sah\u0259l\u0259rd\u0259 s\u00fcr\u0259tl\u0259 inki\u015faf edir. Pakistan Az\u0259rbaycan Respublikas\u0131n\u0131n m\u00fcst\u0259qilliyini ilk tan\u0131yan (1991-ci il dekabr\u0131n 12-si) d\u00f6vl\u0259tl\u0259rd\u0259n biri olub. \u0130ki \u00f6lk\u0259 aras\u0131nda diplomatik \u0259laq\u0259l\u0259r 1992-ci il iyunun 9-da qurulub. H\u0259min d\u00f6vrd\u0259n sonra iki \u00f6lk\u0259 aras\u0131nda \u0259laq\u0259l\u0259r daim inki\u015faf etdirilib v\u0259 bug\u00fcnk\u00fc strateji m\u00fctt\u0259fiqlik s\u0259viyy\u0259sin\u0259&hellip;<\/p>\n","protected":false},"author":2,"featured_media":737389,"comment_status":"closed","ping_status":"closed","sticky":false,"template":"","format":"standard","meta":{"om_disable_all_campaigns":false,"_monsterinsights_skip_tracking":false,"_monsterinsights_sitenote_active":false,"_monsterinsights_sitenote_note":"","_monsterinsights_sitenote_category":0},"categories":[2],"tags":[],"aioseo_notices":[],"gutentor_comment":0,"rttpg_featured_image_url":{"full":["https:\/\/arantv.az\/wp-content\/uploads\/2024\/07\/451446363_423968780597808_4023206110719440886_n.jpg",1200,608,false],"landscape":["https:\/\/arantv.az\/wp-content\/uploads\/2024\/07\/451446363_423968780597808_4023206110719440886_n.jpg",1200,608,false],"portraits":["https:\/\/arantv.az\/wp-content\/uploads\/2024\/07\/451446363_423968780597808_4023206110719440886_n.jpg",1200,608,false],"thumbnail":["https:\/\/arantv.az\/wp-content\/uploads\/2024\/07\/451446363_423968780597808_4023206110719440886_n-500x280.jpg",500,280,true],"medium":["https:\/\/arantv.az\/wp-content\/uploads\/2024\/07\/451446363_423968780597808_4023206110719440886_n-660x334.jpg",660,334,true],"large":["https:\/\/arantv.az\/wp-content\/uploads\/2024\/07\/451446363_423968780597808_4023206110719440886_n-840x426.jpg",640,325,true],"1536x1536":["https:\/\/arantv.az\/wp-content\/uploads\/2024\/07\/451446363_423968780597808_4023206110719440886_n.jpg",1200,608,false],"2048x2048":["https:\/\/arantv.az\/wp-content\/uploads\/2024\/07\/451446363_423968780597808_4023206110719440886_n.jpg",1200,608,false],"post-thumbnail":["https:\/\/arantv.az\/wp-content\/uploads\/2024\/07\/451446363_423968780597808_4023206110719440886_n-240x172.jpg",240,172,true],"advps-thumb-one":["https:\/\/arantv.az\/wp-content\/uploads\/2024\/07\/451446363_423968780597808_4023206110719440886_n.jpg",1200,608,false]},"rttpg_author":{"display_name":"V\u00fcsal Rafiqo\u011flu","author_link":"https:\/\/arantv.az\/?author=2"},"rttpg_comment":0,"rttpg_category":"<a href=\"https:\/\/arantv.az\/?cat=2\" rel=\"category\">Region X\u0259b\u0259rl\u0259ri<\/a>","rttpg_excerpt":"\u00d6lk\u0259mizin s\u0131x dostluq v\u0259 qarda\u015fl\u0131q \u0259laq\u0259l\u0259ri qurdu\u011fu, qar\u015f\u0131l\u0131ql\u0131 m\u00fcnasib\u0259tl\u0259ri strateji t\u0259r\u0259fda\u015fl\u0131q s\u0259viyy\u0259sin\u0259 y\u00fcks\u0259lmi\u015f \u00f6lk\u0259l\u0259rd\u0259n biri d\u0259 qarda\u015f Pakistand\u0131r. \u0130ki \u00f6lk\u0259 aras\u0131nda m\u00f6hk\u0259m dostluq v\u0259 qarda\u015fl\u0131q t\u0259m\u0259ll\u0259ri \u00fczr\u0259 qurulmu\u015f strateji t\u0259r\u0259fda\u015fl\u0131q m\u00fcnasib\u0259tl\u0259ri m\u00f6vcuddur. H\u0259r iki \u00f6lk\u0259 h\u0259m ikit\u0259r\u0259fli, h\u0259m d\u0259 \u00e7oxt\u0259r\u0259fli platformalarda bir-birin\u0259 daim d\u0259st\u0259k g\u00f6st\u0259rir v\u0259 \u0259laq\u0259l\u0259rimiz b\u00fct\u00fcn sah\u0259l\u0259rd\u0259 s\u00fcr\u0259tl\u0259 inki\u015faf edir. Pakistan Az\u0259rbaycan Respublikas\u0131n\u0131n&hellip;","_links":{"self":[{"href":"https:\/\/arantv.az\/index.php?rest_route=\/wp\/v2\/posts\/737387"}],"collection":[{"href":"https:\/\/arantv.az\/index.php?rest_route=\/wp\/v2\/posts"}],"about":[{"href":"https:\/\/arantv.az\/index.php?rest_route=\/wp\/v2\/types\/post"}],"author":[{"embeddable":true,"href":"https:\/\/arantv.az\/index.php?rest_route=\/wp\/v2\/users\/2"}],"replies":[{"embeddable":true,"href":"https:\/\/arantv.az\/index.php?rest_route=%2Fwp%2Fv2%2Fcomments&post=737387"}],"version-history":[{"count":0,"href":"https:\/\/arantv.az\/index.php?rest_route=\/wp\/v2\/posts\/737387\/revisions"}],"wp:featuredmedia":[{"embeddable":true,"href":"https:\/\/arantv.az\/index.php?rest_route=\/wp\/v2\/media\/737389"}],"wp:attachment":[{"href":"https:\/\/arantv.az\/index.php?rest_route=%2Fwp%2Fv2%2Fmedia&parent=737387"}],"wp:term":[{"taxonomy":"category","embeddable":true,"href":"https:\/\/arantv.az\/index.php?rest_route=%2Fwp%2Fv2%2Fcategories&post=737387"},{"taxonomy":"post_tag","embeddable":true,"href":"https:\/\/arantv.az\/index.php?rest_route=%2Fwp%2Fv2%2Ftags&post=737387"}],"curies":[{"name":"wp","href":"https:\/\/api.w.org\/{rel}","templated":true}]}}