{"id":737415,"date":"2024-07-15T13:35:09","date_gmt":"2024-07-15T09:35:09","guid":{"rendered":"https:\/\/arantv.az\/?p=737415"},"modified":"2024-07-15T13:35:09","modified_gmt":"2024-07-15T09:35:09","slug":"dask%c9%99s%c9%99nin-yeni-icra-bascisi-kimdir-dosye","status":"publish","type":"post","link":"https:\/\/arantv.az\/?p=737415","title":{"rendered":"Da\u015fk\u0259s\u0259nin yeni icra ba\u015f\u00e7\u0131s\u0131 kimdir? &#8211; DOSYE"},"content":{"rendered":"<p><strong>X\u0259b\u0259r verildiyi kimi, Prezident \u0130lham \u018fliyevin s\u0259r\u0259ncam\u0131 il\u0259 Orxan Abbasov Da\u015fk\u0259s\u0259n Rayon \u0130cra Hakimiyy\u0259tinin ba\u015f\u00e7\u0131s\u0131 t\u0259yin edilib.<\/strong><\/p>\n<p>O, bu v\u0259zif\u0259d\u0259 \u00f6t\u0259n il i\u015fd\u0259n \u00e7\u0131xar\u0131lan \u018fh\u0259d Ab\u0131yevin yerin\u0259 t\u0259yin edilib.<\/p>\n<p><strong>ARANTV.AZ <\/strong>\u00a0x\u0259b\u0259r verir ki, Orxan \u0130r\u015fad o\u011flu Abbasov AB\u015e-\u0131n Q\u0259rbi Mi\u00e7iqan Universitetini bitirib.<\/p>\n<p>O.Abbasov Az\u0259rbaycan Respublikas\u0131 T\u0259hsil Nazirliyind\u0259 m\u00fcxt\u0259lif v\u0259zif\u0259l\u0259rd\u0259 f\u0259aliyy\u0259t g\u00f6st\u0259rib.<\/p>\n<p>O, M\u0259kt\u0259b\u0259q\u0259d\u0259r v\u0259 \u00dcmumi T\u0259hsil \u00fczr\u0259 D\u00f6vl\u0259t Agentliyinin direktor m\u00fcavini olub.<\/p>\n","protected":false},"excerpt":{"rendered":"<p>X\u0259b\u0259r verildiyi kimi, Prezident \u0130lham \u018fliyevin s\u0259r\u0259ncam\u0131 il\u0259 Orxan Abbasov Da\u015fk\u0259s\u0259n Rayon \u0130cra Hakimiyy\u0259tinin ba\u015f\u00e7\u0131s\u0131 t\u0259yin edilib. O, bu v\u0259zif\u0259d\u0259 \u00f6t\u0259n il i\u015fd\u0259n \u00e7\u0131xar\u0131lan \u018fh\u0259d Ab\u0131yevin yerin\u0259 t\u0259yin edilib. ARANTV.AZ \u00a0x\u0259b\u0259r verir ki, Orxan \u0130r\u015fad o\u011flu Abbasov AB\u015e-\u0131n Q\u0259rbi Mi\u00e7iqan Universitetini bitirib. O.Abbasov Az\u0259rbaycan Respublikas\u0131 T\u0259hsil Nazirliyind\u0259 m\u00fcxt\u0259lif v\u0259zif\u0259l\u0259rd\u0259 f\u0259aliyy\u0259t g\u00f6st\u0259rib. O, M\u0259kt\u0259b\u0259q\u0259d\u0259r v\u0259 \u00dcmumi T\u0259hsil \u00fczr\u0259 D\u00f6vl\u0259t Agentliyinin direktor m\u00fcavini olub.<\/p>\n","protected":false},"author":2,"featured_media":737416,"comment_status":"closed","ping_status":"closed","sticky":false,"template":"","format":"standard","meta":{"om_disable_all_campaigns":false,"_monsterinsights_skip_tracking":false,"_monsterinsights_sitenote_active":false,"_monsterinsights_sitenote_note":"","_monsterinsights_sitenote_category":0},"categories":[19],"tags":[],"aioseo_notices":[],"gutentor_comment":0,"rttpg_featured_image_url":{"full":["https:\/\/arantv.az\/wp-content\/uploads\/2024\/07\/b6e0d3f67c4f48b60affe28bd41a6713.jpg",800,480,false],"landscape":["https:\/\/arantv.az\/wp-content\/uploads\/2024\/07\/b6e0d3f67c4f48b60affe28bd41a6713.jpg",800,480,false],"portraits":["https:\/\/arantv.az\/wp-content\/uploads\/2024\/07\/b6e0d3f67c4f48b60affe28bd41a6713.jpg",800,480,false],"thumbnail":["https:\/\/arantv.az\/wp-content\/uploads\/2024\/07\/b6e0d3f67c4f48b60affe28bd41a6713-500x280.jpg",500,280,true],"medium":["https:\/\/arantv.az\/wp-content\/uploads\/2024\/07\/b6e0d3f67c4f48b60affe28bd41a6713-608x365.jpg",608,365,true],"large":["https:\/\/arantv.az\/wp-content\/uploads\/2024\/07\/b6e0d3f67c4f48b60affe28bd41a6713.jpg",640,384,false],"1536x1536":["https:\/\/arantv.az\/wp-content\/uploads\/2024\/07\/b6e0d3f67c4f48b60affe28bd41a6713.jpg",800,480,false],"2048x2048":["https:\/\/arantv.az\/wp-content\/uploads\/2024\/07\/b6e0d3f67c4f48b60affe28bd41a6713.jpg",800,480,false],"post-thumbnail":["https:\/\/arantv.az\/wp-content\/uploads\/2024\/07\/b6e0d3f67c4f48b60affe28bd41a6713-240x172.jpg",240,172,true],"advps-thumb-one":["https:\/\/arantv.az\/wp-content\/uploads\/2024\/07\/b6e0d3f67c4f48b60affe28bd41a6713.jpg",800,480,false]},"rttpg_author":{"display_name":"V\u00fcsal Rafiqo\u011flu","author_link":"https:\/\/arantv.az\/?author=2"},"rttpg_comment":0,"rttpg_category":"<a href=\"https:\/\/arantv.az\/?cat=19\" rel=\"category\">G\u00fcnd\u0259m<\/a>","rttpg_excerpt":"X\u0259b\u0259r verildiyi kimi, Prezident \u0130lham \u018fliyevin s\u0259r\u0259ncam\u0131 il\u0259 Orxan Abbasov Da\u015fk\u0259s\u0259n Rayon \u0130cra Hakimiyy\u0259tinin ba\u015f\u00e7\u0131s\u0131 t\u0259yin edilib. O, bu v\u0259zif\u0259d\u0259 \u00f6t\u0259n il i\u015fd\u0259n \u00e7\u0131xar\u0131lan \u018fh\u0259d Ab\u0131yevin yerin\u0259 t\u0259yin edilib. ARANTV.AZ \u00a0x\u0259b\u0259r verir ki, Orxan \u0130r\u015fad o\u011flu Abbasov AB\u015e-\u0131n Q\u0259rbi Mi\u00e7iqan Universitetini bitirib. O.Abbasov Az\u0259rbaycan Respublikas\u0131 T\u0259hsil Nazirliyind\u0259 m\u00fcxt\u0259lif v\u0259zif\u0259l\u0259rd\u0259 f\u0259aliyy\u0259t g\u00f6st\u0259rib. O, M\u0259kt\u0259b\u0259q\u0259d\u0259r v\u0259 \u00dcmumi&hellip;","_links":{"self":[{"href":"https:\/\/arantv.az\/index.php?rest_route=\/wp\/v2\/posts\/737415"}],"collection":[{"href":"https:\/\/arantv.az\/index.php?rest_route=\/wp\/v2\/posts"}],"about":[{"href":"https:\/\/arantv.az\/index.php?rest_route=\/wp\/v2\/types\/post"}],"author":[{"embeddable":true,"href":"https:\/\/arantv.az\/index.php?rest_route=\/wp\/v2\/users\/2"}],"replies":[{"embeddable":true,"href":"https:\/\/arantv.az\/index.php?rest_route=%2Fwp%2Fv2%2Fcomments&post=737415"}],"version-history":[{"count":0,"href":"https:\/\/arantv.az\/index.php?rest_route=\/wp\/v2\/posts\/737415\/revisions"}],"wp:featuredmedia":[{"embeddable":true,"href":"https:\/\/arantv.az\/index.php?rest_route=\/wp\/v2\/media\/737416"}],"wp:attachment":[{"href":"https:\/\/arantv.az\/index.php?rest_route=%2Fwp%2Fv2%2Fmedia&parent=737415"}],"wp:term":[{"taxonomy":"category","embeddable":true,"href":"https:\/\/arantv.az\/index.php?rest_route=%2Fwp%2Fv2%2Fcategories&post=737415"},{"taxonomy":"post_tag","embeddable":true,"href":"https:\/\/arantv.az\/index.php?rest_route=%2Fwp%2Fv2%2Ftags&post=737415"}],"curies":[{"name":"wp","href":"https:\/\/api.w.org\/{rel}","templated":true}]}}