{"id":737418,"date":"2024-07-15T13:35:49","date_gmt":"2024-07-15T09:35:49","guid":{"rendered":"https:\/\/arantv.az\/?p=737418"},"modified":"2024-07-15T13:35:49","modified_gmt":"2024-07-15T09:35:49","slug":"t%c9%99cili-prezident-s%c9%99r%c9%99ncam-imzaladi","status":"publish","type":"post","link":"https:\/\/arantv.az\/?p=737418","title":{"rendered":"T\u018fC\u0130L\u0130! Prezident S\u018fR\u018fNCAM \u0130MZALADI"},"content":{"rendered":"<p><strong>Prezident \u0130lham \u018fliyev \u201cSa\u011flam m\u0259h\u0259ll\u0259\u201d layih\u0259sinin h\u0259yata ke\u00e7irilm\u0259si \u00fc\u00e7\u00fcn v\u0259sait ayr\u0131lmas\u0131 haqq\u0131nda S\u0259r\u0259ncam imzalay\u0131b.<\/strong><\/p>\n<p><strong>ARANTV.AZ <\/strong>\u00a0x\u0259b\u0259r verir ki, S\u0259r\u0259ncamla \u201cSa\u011flam m\u0259h\u0259ll\u0259\u201d layih\u0259si \u00e7\u0259r\u00e7iv\u0259sind\u0259 cari ild\u0259 25 \u015f\u0259h\u0259r v\u0259 rayonda a\u00e7\u0131q meydan\u00e7alar\u0131n tikintisi v\u0259 avadanl\u0131qla t\u0259chizat\u0131 i\u015fl\u0259rinin h\u0259yata ke\u00e7irilm\u0259si \u00fc\u00e7\u00fcn Az\u0259rbaycan Respublikas\u0131n\u0131n 2024-c\u00fc il d\u00f6vl\u0259t b\u00fcdc\u0259sind\u0259 n\u0259z\u0259rd\u0259 tutulmu\u015f Az\u0259rbaycan Respublikas\u0131 Prezidentinin ehtiyat fondundan Az\u0259rbaycan Respublikas\u0131n\u0131n G\u0259ncl\u0259r v\u0259 \u0130dman Nazirliyin\u0259 ilkin olaraq 1,9 milyon (bir milyon doqquz y\u00fcz min) manat v\u0259sait ayr\u0131l\u0131b.<\/p>\n<p>Maliyy\u0259 Nazirliyi bu S\u0259r\u0259ncam\u0131n 1-ci hiss\u0259sind\u0259 g\u00f6st\u0259ril\u0259n m\u0259bl\u0259\u011fd\u0259 maliyy\u0259l\u0259\u015fm\u0259ni t\u0259min ed\u0259c\u0259k.<\/p>\n<p>Nazirl\u0259r Kabineti bu S\u0259r\u0259ncamdan ir\u0259li g\u0259l\u0259n dig\u0259r m\u0259s\u0259l\u0259l\u0259ri h\u0259ll ed\u0259c\u0259k.<\/p>\n","protected":false},"excerpt":{"rendered":"<p>Prezident \u0130lham \u018fliyev \u201cSa\u011flam m\u0259h\u0259ll\u0259\u201d layih\u0259sinin h\u0259yata ke\u00e7irilm\u0259si \u00fc\u00e7\u00fcn v\u0259sait ayr\u0131lmas\u0131 haqq\u0131nda S\u0259r\u0259ncam imzalay\u0131b. ARANTV.AZ \u00a0x\u0259b\u0259r verir ki, S\u0259r\u0259ncamla \u201cSa\u011flam m\u0259h\u0259ll\u0259\u201d layih\u0259si \u00e7\u0259r\u00e7iv\u0259sind\u0259 cari ild\u0259 25 \u015f\u0259h\u0259r v\u0259 rayonda a\u00e7\u0131q meydan\u00e7alar\u0131n tikintisi v\u0259 avadanl\u0131qla t\u0259chizat\u0131 i\u015fl\u0259rinin h\u0259yata ke\u00e7irilm\u0259si \u00fc\u00e7\u00fcn Az\u0259rbaycan Respublikas\u0131n\u0131n 2024-c\u00fc il d\u00f6vl\u0259t b\u00fcdc\u0259sind\u0259 n\u0259z\u0259rd\u0259 tutulmu\u015f Az\u0259rbaycan Respublikas\u0131 Prezidentinin ehtiyat fondundan Az\u0259rbaycan Respublikas\u0131n\u0131n G\u0259ncl\u0259r v\u0259 \u0130dman Nazirliyin\u0259 ilkin olaraq 1,9 milyon (bir milyon doqquz y\u00fcz min) manat v\u0259sait ayr\u0131l\u0131b. Maliyy\u0259 Nazirliyi bu S\u0259r\u0259ncam\u0131n 1-ci hiss\u0259sind\u0259 g\u00f6st\u0259ril\u0259n m\u0259bl\u0259\u011fd\u0259 maliyy\u0259l\u0259\u015fm\u0259ni t\u0259min ed\u0259c\u0259k. Nazirl\u0259r Kabineti bu S\u0259r\u0259ncamdan ir\u0259li g\u0259l\u0259n dig\u0259r m\u0259s\u0259l\u0259l\u0259ri h\u0259ll&hellip;<\/p>\n","protected":false},"author":2,"featured_media":737419,"comment_status":"closed","ping_status":"closed","sticky":false,"template":"","format":"standard","meta":{"om_disable_all_campaigns":false,"_monsterinsights_skip_tracking":false,"_monsterinsights_sitenote_active":false,"_monsterinsights_sitenote_note":"","_monsterinsights_sitenote_category":0},"categories":[4],"tags":[],"aioseo_notices":[],"gutentor_comment":0,"rttpg_featured_image_url":{"full":["https:\/\/arantv.az\/wp-content\/uploads\/2024\/07\/334a3511092b369022704739e803a399.jpg",620,363,false],"landscape":["https:\/\/arantv.az\/wp-content\/uploads\/2024\/07\/334a3511092b369022704739e803a399.jpg",620,363,false],"portraits":["https:\/\/arantv.az\/wp-content\/uploads\/2024\/07\/334a3511092b369022704739e803a399.jpg",620,363,false],"thumbnail":["https:\/\/arantv.az\/wp-content\/uploads\/2024\/07\/334a3511092b369022704739e803a399-500x280.jpg",500,280,true],"medium":["https:\/\/arantv.az\/wp-content\/uploads\/2024\/07\/334a3511092b369022704739e803a399.jpg",620,363,false],"large":["https:\/\/arantv.az\/wp-content\/uploads\/2024\/07\/334a3511092b369022704739e803a399.jpg",620,363,false],"1536x1536":["https:\/\/arantv.az\/wp-content\/uploads\/2024\/07\/334a3511092b369022704739e803a399.jpg",620,363,false],"2048x2048":["https:\/\/arantv.az\/wp-content\/uploads\/2024\/07\/334a3511092b369022704739e803a399.jpg",620,363,false],"post-thumbnail":["https:\/\/arantv.az\/wp-content\/uploads\/2024\/07\/334a3511092b369022704739e803a399-240x172.jpg",240,172,true],"advps-thumb-one":["https:\/\/arantv.az\/wp-content\/uploads\/2024\/07\/334a3511092b369022704739e803a399.jpg",620,363,false]},"rttpg_author":{"display_name":"V\u00fcsal Rafiqo\u011flu","author_link":"https:\/\/arantv.az\/?author=2"},"rttpg_comment":0,"rttpg_category":"<a href=\"https:\/\/arantv.az\/?cat=4\" rel=\"category\">Siyas\u0259t<\/a>","rttpg_excerpt":"Prezident \u0130lham \u018fliyev \u201cSa\u011flam m\u0259h\u0259ll\u0259\u201d layih\u0259sinin h\u0259yata ke\u00e7irilm\u0259si \u00fc\u00e7\u00fcn v\u0259sait ayr\u0131lmas\u0131 haqq\u0131nda S\u0259r\u0259ncam imzalay\u0131b. ARANTV.AZ \u00a0x\u0259b\u0259r verir ki, S\u0259r\u0259ncamla \u201cSa\u011flam m\u0259h\u0259ll\u0259\u201d layih\u0259si \u00e7\u0259r\u00e7iv\u0259sind\u0259 cari ild\u0259 25 \u015f\u0259h\u0259r v\u0259 rayonda a\u00e7\u0131q meydan\u00e7alar\u0131n tikintisi v\u0259 avadanl\u0131qla t\u0259chizat\u0131 i\u015fl\u0259rinin h\u0259yata ke\u00e7irilm\u0259si \u00fc\u00e7\u00fcn Az\u0259rbaycan Respublikas\u0131n\u0131n 2024-c\u00fc il d\u00f6vl\u0259t b\u00fcdc\u0259sind\u0259 n\u0259z\u0259rd\u0259 tutulmu\u015f Az\u0259rbaycan Respublikas\u0131 Prezidentinin ehtiyat fondundan Az\u0259rbaycan Respublikas\u0131n\u0131n G\u0259ncl\u0259r&hellip;","_links":{"self":[{"href":"https:\/\/arantv.az\/index.php?rest_route=\/wp\/v2\/posts\/737418"}],"collection":[{"href":"https:\/\/arantv.az\/index.php?rest_route=\/wp\/v2\/posts"}],"about":[{"href":"https:\/\/arantv.az\/index.php?rest_route=\/wp\/v2\/types\/post"}],"author":[{"embeddable":true,"href":"https:\/\/arantv.az\/index.php?rest_route=\/wp\/v2\/users\/2"}],"replies":[{"embeddable":true,"href":"https:\/\/arantv.az\/index.php?rest_route=%2Fwp%2Fv2%2Fcomments&post=737418"}],"version-history":[{"count":0,"href":"https:\/\/arantv.az\/index.php?rest_route=\/wp\/v2\/posts\/737418\/revisions"}],"wp:featuredmedia":[{"embeddable":true,"href":"https:\/\/arantv.az\/index.php?rest_route=\/wp\/v2\/media\/737419"}],"wp:attachment":[{"href":"https:\/\/arantv.az\/index.php?rest_route=%2Fwp%2Fv2%2Fmedia&parent=737418"}],"wp:term":[{"taxonomy":"category","embeddable":true,"href":"https:\/\/arantv.az\/index.php?rest_route=%2Fwp%2Fv2%2Fcategories&post=737418"},{"taxonomy":"post_tag","embeddable":true,"href":"https:\/\/arantv.az\/index.php?rest_route=%2Fwp%2Fv2%2Ftags&post=737418"}],"curies":[{"name":"wp","href":"https:\/\/api.w.org\/{rel}","templated":true}]}}