{"id":737720,"date":"2024-07-16T12:26:20","date_gmt":"2024-07-16T08:26:20","guid":{"rendered":"https:\/\/arantv.az\/?p=737720"},"modified":"2024-07-16T12:26:20","modified_gmt":"2024-07-16T08:26:20","slug":"pakistanla-dostluq-munasib%c9%99tl%c9%99ri-daha-da-d%c9%99rinl%c9%99s%c9%99c%c9%99k","status":"publish","type":"post","link":"https:\/\/arantv.az\/?p=737720","title":{"rendered":"Pakistanla dostluq m\u00fcnasib\u0259tl\u0259ri daha da d\u0259rinl\u0259\u015f\u0259c\u0259k"},"content":{"rendered":"<p>Az\u0259rbaycan h\u0259yata ke\u00e7irdiyi xarici siyas\u0259td\u0259 \u0259n m\u00fch\u00fcm m\u0259rh\u0259l\u0259 olan dostluq, qar\u015f\u0131l\u0131ql\u0131 m\u00fcnasib\u0259tl\u0259rin sa\u011flam t\u0259m\u0259ll\u0259r \u00fcz\u0259rind\u0259 qurulmas\u0131na x\u00fcsusi \u00f6n\u0259m verir. S\u0131x dostluq v\u0259 qarda\u015fl\u0131q \u0259laq\u0259l\u0259rin quruldu\u011fu \u00f6lk\u0259l\u0259rd\u0259n biri d\u0259 Pakistand\u0131r. Az\u0259rbaycan v\u0259 Pakistan m\u00fcnasib\u0259tl\u0259ri \u00e7oxt\u0259r\u0259fli platformalarda bir-birin\u0259 daim d\u0259st\u0259k g\u00f6st\u0259rilm\u0259si, \u0259laq\u0259l\u0259rin b\u00fct\u00fcn sah\u0259l\u0259rd\u0259 s\u00fcr\u0259tl\u0259 inki\u015faf etdirilm\u0259si il\u0259 \u00f6z\u00fcn\u00fc daha d\u0259rind\u0259n ehtiva edir. \u00d6lk\u0259l\u0259rimiz aras\u0131nda diplomatik \u0259laq\u0259l\u0259r 1992-ci ild\u0259n qurulub. Pakistan m\u0259hz i\u015f\u011fala g\u00f6r\u0259 Erm\u0259nistanla diplomatik m\u00fcnasib\u0259tl\u0259ri qurmayan \u00f6lk\u0259dir. 2020-ci ilin noyabr\u0131nda Q\u0259l\u0259b\u0259mizi qeyd etdiyimiz zaman xalq\u0131m\u0131z\u0131n \u0259ll\u0259rind\u0259 Az\u0259rbaycan, Pakistan v\u0259 T\u00fcrkiy\u0259nin bayraqlar\u0131 var idi. Bu, bizim m\u00fcnasib\u0259tl\u0259rimizi unikal edir.<br \/>\nPrezident \u0130lham \u018fliyevin cari ilin 11 iyul tarixind\u0259 \u0130slamabada d\u00f6vl\u0259t s\u0259f\u0259ri zaman\u0131 Pakistan Prezidenti Asif \u018fli Z\u0259rdari, Pakistan\u0131n Ba\u015f naziri M\u0259h\u0259mm\u0259d \u015eahbaz \u015e\u0259rif il\u0259 ke\u00e7irdiyi g\u00f6r\u00fc\u015fl\u0259r bir s\u0131ra sah\u0259l\u0259rd\u0259 \u0259m\u0259kda\u015fl\u0131\u011f\u0131n d\u0259rinl\u0259\u015fm\u0259sin\u0259 xidm\u0259t edir. Bel\u0259 ki, s\u0259f\u0259r zaman\u0131 15 s\u0259n\u0259d imzaland\u0131. H\u0259r bir s\u0259n\u0259d \u0259laq\u0259l\u0259rin inki\u015faf\u0131nda yeni bir istiqam\u0259tdir.<\/p>\n<p>S\u0259f\u0259r zaman\u0131 m\u0259tbuata verdiyi b\u0259yanat\u0131nda Prezident \u0130lham \u018fliyev \u00f6lk\u0259l\u0259rimiz aras\u0131nda y\u00fcks\u0259k s\u0259viyy\u0259li \u0259laq\u0259l\u0259rin dostluq v\u0259 qarda\u015fl\u0131q m\u00fcnasib\u0259tl\u0259rin\u0259 \u0259sasland\u0131\u011f\u0131n\u0131 x\u00fcsusil\u0259 vur\u011fulad\u0131. Az\u0259rbaycan-Pakistan qarda\u015fl\u0131\u011f\u0131 xalqlar\u0131m\u0131z\u0131n \u0259srl\u0259rl\u0259 bundan \u0259vv\u0259l\u0259 t\u0259sad\u00fcf ed\u0259n, bir-birin\u0259 olan d\u0259rin hissl\u0259rin\u0259 \u0259saslan\u0131r. \u00d6lk\u0259 ba\u015f\u00e7\u0131s\u0131 b\u0259yanat\u0131nda qeyd etdi ki, Az\u0259rbaycana g\u0259l\u0259n pakistanl\u0131lar\u0131n say\u0131 son ill\u0259r \u0259rzind\u0259 daha da art\u0131b v\u0259 Bak\u0131-\u0130slamabad, Bak\u0131-K\u0259ra\u00e7i, Bak\u0131-Lahor aras\u0131nda birba\u015fa u\u00e7u\u015flar\u0131n h\u0259yata ke\u00e7irilm\u0259si art\u0131q m\u00fczakir\u0259 olunub.<\/p>\n<p>Pakistan\u0131n Ba\u015f naziri M\u0259h\u0259mm\u0259d \u015eahbaz \u015e\u0259rif bu s\u0259f\u0259rin \u00f6n\u0259mini \u201cS\u0259mimi dost v\u0259 h\u0259qiqi qarda\u015f \u00f6z qarda\u015f \u00f6lk\u0259sini ziyar\u0259t edir\u201d fikirl\u0259ri il\u0259 ifad\u0259 etdi. M\u00f6hk\u0259m t\u0259m\u0259l\u0259, qar\u015f\u0131l\u0131ql\u0131 etimada \u0259saslanan dostluq, qarda\u015fl\u0131q m\u00fcnasib\u0259tl\u0259ri sars\u0131lmazd\u0131r v\u0259 h\u0259r iki t\u0259r\u0259f bu \u0259m\u0259kda\u015fl\u0131\u011f\u0131n daha da m\u00f6hk\u0259ml\u0259nm\u0259sind\u0259, b\u00fct\u00fcn sah\u0259l\u0259r \u00fczr\u0259 inki\u015faf\u0131nda maraql\u0131d\u0131r. M\u0259h\u0259mm\u0259d \u015eahbaz \u015e\u0259rif bu dostlu\u011fun s\u00f6zd\u0259 deyil, \u0259m\u0259ld\u0259 \u00f6z t\u0259sdiqini tapd\u0131\u011f\u0131n\u0131, sars\u0131lmazl\u0131\u011f\u0131n\u0131 \u201cBiz f\u0259rqli dill\u0259rd\u0259 dan\u0131\u015f\u0131r\u0131q, biz urdu dilind\u0259, siz Az\u0259rbaycan v\u0259 ya t\u00fcrk dilind\u0259 dan\u0131\u015f\u0131rs\u0131n\u0131z. Biz bir-birimizd\u0259n uzaqda ya\u015fay\u0131r\u0131q, lakin inan\u0131n m\u0259n\u0259, bizim q\u0259lbl\u0259rimiz bir yerd\u0259 d\u00f6y\u00fcn\u00fcr, f\u0259rqli dill\u0259rimizin olmas\u0131na baxmayaraq biz birlikd\u0259 dan\u0131\u015f\u0131r\u0131q, biz bir yerd\u0259 d\u00fc\u015f\u00fcn\u00fcr\u00fck, biz ikit\u0259r\u0259fli v\u0259 \u00e7oxt\u0259r\u0259fli m\u00fcnasib\u0259tl\u0259rimiz\u0259 aid b\u00fct\u00fcn m\u0259s\u0259l\u0259l\u0259rd\u0259 bir-birimizin yan\u0131nday\u0131q\u201d \u00e7a\u011f\u0131r\u0131\u015f\u0131 il\u0259 d\u0259 diqq\u0259t\u0259 \u00e7atd\u0131rd\u0131\u201d.<\/p>\n<p>Haz\u0131rda Az\u0259rbaycan-Pakistan m\u00fcnasib\u0259tl\u0259rind\u0259 ticar\u0259t, s\u0259rmay\u0259l\u0259r, s\u0259naye, energetika, da\u015f\u0131malar, n\u0259qliyyat d\u0259hlizl\u0259ri kimi sah\u0259l\u0259rin inki\u015faf etdirilm\u0259si prioretit m\u0259s\u0259l\u0259l\u0259rdir. Bu prioritetl\u0259rin realla\u015fmas\u0131 is\u0259 t\u0259kc\u0259 iki \u00f6lk\u0259 aras\u0131nda olan m\u00fcnasib\u0259tl\u0259r\u0259 deyil, \u00fcmumilikd\u0131\u0259 regionda ba\u015f ver\u0259n hadis\u0259l\u0259r\u0259 \u00f6z m\u00fcsb\u0259t t\u0259sirini g\u00f6st\u0259r\u0259c\u0259k.<\/p>\n<p>M\u0259tan\u0259t S\u0259f\u0259rli,<\/p>\n<p>YAP N\u0259simi rayon t\u0259\u015fkilat\u0131n\u0131n \u0259m\u0259kda\u015f\u0131<\/p>\n","protected":false},"excerpt":{"rendered":"<p>Az\u0259rbaycan h\u0259yata ke\u00e7irdiyi xarici siyas\u0259td\u0259 \u0259n m\u00fch\u00fcm m\u0259rh\u0259l\u0259 olan dostluq, qar\u015f\u0131l\u0131ql\u0131 m\u00fcnasib\u0259tl\u0259rin sa\u011flam t\u0259m\u0259ll\u0259r \u00fcz\u0259rind\u0259 qurulmas\u0131na x\u00fcsusi \u00f6n\u0259m verir. S\u0131x dostluq v\u0259 qarda\u015fl\u0131q \u0259laq\u0259l\u0259rin quruldu\u011fu \u00f6lk\u0259l\u0259rd\u0259n biri d\u0259 Pakistand\u0131r. Az\u0259rbaycan v\u0259 Pakistan m\u00fcnasib\u0259tl\u0259ri \u00e7oxt\u0259r\u0259fli platformalarda bir-birin\u0259 daim d\u0259st\u0259k g\u00f6st\u0259rilm\u0259si, \u0259laq\u0259l\u0259rin b\u00fct\u00fcn sah\u0259l\u0259rd\u0259 s\u00fcr\u0259tl\u0259 inki\u015faf etdirilm\u0259si il\u0259 \u00f6z\u00fcn\u00fc daha d\u0259rind\u0259n ehtiva edir. \u00d6lk\u0259l\u0259rimiz aras\u0131nda diplomatik \u0259laq\u0259l\u0259r 1992-ci ild\u0259n qurulub. Pakistan m\u0259hz i\u015f\u011fala g\u00f6r\u0259 Erm\u0259nistanla diplomatik m\u00fcnasib\u0259tl\u0259ri qurmayan \u00f6lk\u0259dir. 2020-ci ilin noyabr\u0131nda Q\u0259l\u0259b\u0259mizi qeyd etdiyimiz zaman xalq\u0131m\u0131z\u0131n \u0259ll\u0259rind\u0259 Az\u0259rbaycan, Pakistan v\u0259 T\u00fcrkiy\u0259nin bayraqlar\u0131 var idi. Bu, bizim m\u00fcnasib\u0259tl\u0259rimizi unikal edir. Prezident \u0130lham&hellip;<\/p>\n","protected":false},"author":2,"featured_media":737721,"comment_status":"closed","ping_status":"closed","sticky":false,"template":"","format":"standard","meta":{"om_disable_all_campaigns":false,"_monsterinsights_skip_tracking":false,"_monsterinsights_sitenote_active":false,"_monsterinsights_sitenote_note":"","_monsterinsights_sitenote_category":0},"categories":[19],"tags":[],"aioseo_notices":[],"gutentor_comment":0,"rttpg_featured_image_url":{"full":["https:\/\/arantv.az\/wp-content\/uploads\/2024\/07\/cc58f7ab172111164045991671910386741.jpg",975,540,false],"landscape":["https:\/\/arantv.az\/wp-content\/uploads\/2024\/07\/cc58f7ab172111164045991671910386741.jpg",975,540,false],"portraits":["https:\/\/arantv.az\/wp-content\/uploads\/2024\/07\/cc58f7ab172111164045991671910386741.jpg",975,540,false],"thumbnail":["https:\/\/arantv.az\/wp-content\/uploads\/2024\/07\/cc58f7ab172111164045991671910386741-500x280.jpg",500,280,true],"medium":["https:\/\/arantv.az\/wp-content\/uploads\/2024\/07\/cc58f7ab172111164045991671910386741-660x365.jpg",660,365,true],"large":["https:\/\/arantv.az\/wp-content\/uploads\/2024\/07\/cc58f7ab172111164045991671910386741-840x465.jpg",640,354,true],"1536x1536":["https:\/\/arantv.az\/wp-content\/uploads\/2024\/07\/cc58f7ab172111164045991671910386741.jpg",975,540,false],"2048x2048":["https:\/\/arantv.az\/wp-content\/uploads\/2024\/07\/cc58f7ab172111164045991671910386741.jpg",975,540,false],"post-thumbnail":["https:\/\/arantv.az\/wp-content\/uploads\/2024\/07\/cc58f7ab172111164045991671910386741-240x172.jpg",240,172,true],"advps-thumb-one":["https:\/\/arantv.az\/wp-content\/uploads\/2024\/07\/cc58f7ab172111164045991671910386741.jpg",975,540,false]},"rttpg_author":{"display_name":"V\u00fcsal Rafiqo\u011flu","author_link":"https:\/\/arantv.az\/?author=2"},"rttpg_comment":0,"rttpg_category":"<a href=\"https:\/\/arantv.az\/?cat=19\" rel=\"category\">G\u00fcnd\u0259m<\/a>","rttpg_excerpt":"Az\u0259rbaycan h\u0259yata ke\u00e7irdiyi xarici siyas\u0259td\u0259 \u0259n m\u00fch\u00fcm m\u0259rh\u0259l\u0259 olan dostluq, qar\u015f\u0131l\u0131ql\u0131 m\u00fcnasib\u0259tl\u0259rin sa\u011flam t\u0259m\u0259ll\u0259r \u00fcz\u0259rind\u0259 qurulmas\u0131na x\u00fcsusi \u00f6n\u0259m verir. S\u0131x dostluq v\u0259 qarda\u015fl\u0131q \u0259laq\u0259l\u0259rin quruldu\u011fu \u00f6lk\u0259l\u0259rd\u0259n biri d\u0259 Pakistand\u0131r. Az\u0259rbaycan v\u0259 Pakistan m\u00fcnasib\u0259tl\u0259ri \u00e7oxt\u0259r\u0259fli platformalarda bir-birin\u0259 daim d\u0259st\u0259k g\u00f6st\u0259rilm\u0259si, \u0259laq\u0259l\u0259rin b\u00fct\u00fcn sah\u0259l\u0259rd\u0259 s\u00fcr\u0259tl\u0259 inki\u015faf etdirilm\u0259si il\u0259 \u00f6z\u00fcn\u00fc daha d\u0259rind\u0259n ehtiva edir. \u00d6lk\u0259l\u0259rimiz aras\u0131nda diplomatik \u0259laq\u0259l\u0259r&hellip;","_links":{"self":[{"href":"https:\/\/arantv.az\/index.php?rest_route=\/wp\/v2\/posts\/737720"}],"collection":[{"href":"https:\/\/arantv.az\/index.php?rest_route=\/wp\/v2\/posts"}],"about":[{"href":"https:\/\/arantv.az\/index.php?rest_route=\/wp\/v2\/types\/post"}],"author":[{"embeddable":true,"href":"https:\/\/arantv.az\/index.php?rest_route=\/wp\/v2\/users\/2"}],"replies":[{"embeddable":true,"href":"https:\/\/arantv.az\/index.php?rest_route=%2Fwp%2Fv2%2Fcomments&post=737720"}],"version-history":[{"count":0,"href":"https:\/\/arantv.az\/index.php?rest_route=\/wp\/v2\/posts\/737720\/revisions"}],"wp:featuredmedia":[{"embeddable":true,"href":"https:\/\/arantv.az\/index.php?rest_route=\/wp\/v2\/media\/737721"}],"wp:attachment":[{"href":"https:\/\/arantv.az\/index.php?rest_route=%2Fwp%2Fv2%2Fmedia&parent=737720"}],"wp:term":[{"taxonomy":"category","embeddable":true,"href":"https:\/\/arantv.az\/index.php?rest_route=%2Fwp%2Fv2%2Fcategories&post=737720"},{"taxonomy":"post_tag","embeddable":true,"href":"https:\/\/arantv.az\/index.php?rest_route=%2Fwp%2Fv2%2Ftags&post=737720"}],"curies":[{"name":"wp","href":"https:\/\/api.w.org\/{rel}","templated":true}]}}