{"id":737732,"date":"2024-07-16T14:29:35","date_gmt":"2024-07-16T10:29:35","guid":{"rendered":"https:\/\/arantv.az\/?p=737732"},"modified":"2024-07-16T14:29:35","modified_gmt":"2024-07-16T10:29:35","slug":"%c9%99haliy%c9%99-t%c9%99cili-x%c9%99b%c9%99rdarliq-iyulun-18-20-d%c9%99","status":"publish","type":"post","link":"https:\/\/arantv.az\/?p=737732","title":{"rendered":"\u018fhaliy\u0259 T\u018fC\u0130L\u0130 X\u018fB\u018fRDARLIQ &#8211; iyulun 18-20-d\u0259&#8230;"},"content":{"rendered":"<p>Az\u0259rbaycanda iyulun 18-20-d\u0259 \u0259sas\u0259n da\u011fl\u0131q v\u0259 da\u011f\u0259t\u0259yi rayonlarda fasil\u0259l\u0259rl\u0259 ya\u011f\u0131\u015f ya\u011faca\u011f\u0131, \u015fim\u015f\u0259k \u00e7axaca\u011f\u0131 g\u00f6zl\u0259nilir.<\/p>\n<p>Bu bar\u0259d\u0259 Musavat.com-a Milli Hidrometeorologiya Xidm\u0259tind\u0259n m\u0259lumat verilib.<\/p>\n<p>Bildirilib ki, s\u00f6z\u00fcged\u0259n tarixl\u0259rd\u0259 b\u0259zi yerl\u0259rd\u0259 (Balak\u0259n-\u015e\u0259ki, Quba-Qusar, Da\u011fl\u0131q \u015eirvan, Qazax-G\u0259nc\u0259, Da\u015fk\u0259s\u0259n-G\u0259d\u0259b\u0259y, \u015e\u0259rqi Z\u0259ng\u0259zur) ya\u011f\u0131nt\u0131lar\u0131n leysan xarakterli olaca\u011f\u0131 ehtimal\u0131 var.<\/p>\n<p>\u00c7aylarda sululu\u011fun artaca\u011f\u0131, B\u00f6y\u00fck v\u0259 Ki\u00e7ik Qafqaz\u0131n b\u0259zi da\u011f \u00e7aylar\u0131ndan q\u0131sam\u00fcdd\u0259tli da\u015fq\u0131n v\u0259 sel ke\u00e7\u0259c\u0259yi ehtimal\u0131 var.<\/p>\n","protected":false},"excerpt":{"rendered":"<p>Az\u0259rbaycanda iyulun 18-20-d\u0259 \u0259sas\u0259n da\u011fl\u0131q v\u0259 da\u011f\u0259t\u0259yi rayonlarda fasil\u0259l\u0259rl\u0259 ya\u011f\u0131\u015f ya\u011faca\u011f\u0131, \u015fim\u015f\u0259k \u00e7axaca\u011f\u0131 g\u00f6zl\u0259nilir. Bu bar\u0259d\u0259 Musavat.com-a Milli Hidrometeorologiya Xidm\u0259tind\u0259n m\u0259lumat verilib. Bildirilib ki, s\u00f6z\u00fcged\u0259n tarixl\u0259rd\u0259 b\u0259zi yerl\u0259rd\u0259 (Balak\u0259n-\u015e\u0259ki, Quba-Qusar, Da\u011fl\u0131q \u015eirvan, Qazax-G\u0259nc\u0259, Da\u015fk\u0259s\u0259n-G\u0259d\u0259b\u0259y, \u015e\u0259rqi Z\u0259ng\u0259zur) ya\u011f\u0131nt\u0131lar\u0131n leysan xarakterli olaca\u011f\u0131 ehtimal\u0131 var. \u00c7aylarda sululu\u011fun artaca\u011f\u0131, B\u00f6y\u00fck v\u0259 Ki\u00e7ik Qafqaz\u0131n b\u0259zi da\u011f \u00e7aylar\u0131ndan q\u0131sam\u00fcdd\u0259tli da\u015fq\u0131n v\u0259 sel ke\u00e7\u0259c\u0259yi ehtimal\u0131 var.<\/p>\n","protected":false},"author":2,"featured_media":737733,"comment_status":"closed","ping_status":"closed","sticky":false,"template":"","format":"standard","meta":{"om_disable_all_campaigns":false,"_monsterinsights_skip_tracking":false,"_monsterinsights_sitenote_active":false,"_monsterinsights_sitenote_note":"","_monsterinsights_sitenote_category":0},"categories":[1],"tags":[],"aioseo_notices":[],"gutentor_comment":0,"rttpg_featured_image_url":{"full":["https:\/\/arantv.az\/wp-content\/uploads\/2024\/07\/902fc52f965fb8a0fefc0a219e4ae8f1.jpg",850,500,false],"landscape":["https:\/\/arantv.az\/wp-content\/uploads\/2024\/07\/902fc52f965fb8a0fefc0a219e4ae8f1.jpg",850,500,false],"portraits":["https:\/\/arantv.az\/wp-content\/uploads\/2024\/07\/902fc52f965fb8a0fefc0a219e4ae8f1.jpg",850,500,false],"thumbnail":["https:\/\/arantv.az\/wp-content\/uploads\/2024\/07\/902fc52f965fb8a0fefc0a219e4ae8f1-500x280.jpg",500,280,true],"medium":["https:\/\/arantv.az\/wp-content\/uploads\/2024\/07\/902fc52f965fb8a0fefc0a219e4ae8f1-621x365.jpg",621,365,true],"large":["https:\/\/arantv.az\/wp-content\/uploads\/2024\/07\/902fc52f965fb8a0fefc0a219e4ae8f1-840x494.jpg",640,376,true],"1536x1536":["https:\/\/arantv.az\/wp-content\/uploads\/2024\/07\/902fc52f965fb8a0fefc0a219e4ae8f1.jpg",850,500,false],"2048x2048":["https:\/\/arantv.az\/wp-content\/uploads\/2024\/07\/902fc52f965fb8a0fefc0a219e4ae8f1.jpg",850,500,false],"post-thumbnail":["https:\/\/arantv.az\/wp-content\/uploads\/2024\/07\/902fc52f965fb8a0fefc0a219e4ae8f1-240x172.jpg",240,172,true],"advps-thumb-one":["https:\/\/arantv.az\/wp-content\/uploads\/2024\/07\/902fc52f965fb8a0fefc0a219e4ae8f1.jpg",850,500,false]},"rttpg_author":{"display_name":"V\u00fcsal Rafiqo\u011flu","author_link":"https:\/\/arantv.az\/?author=2"},"rttpg_comment":0,"rttpg_category":"<a href=\"https:\/\/arantv.az\/?cat=1\" rel=\"category\">C\u0259miyy\u0259t<\/a>","rttpg_excerpt":"Az\u0259rbaycanda iyulun 18-20-d\u0259 \u0259sas\u0259n da\u011fl\u0131q v\u0259 da\u011f\u0259t\u0259yi rayonlarda fasil\u0259l\u0259rl\u0259 ya\u011f\u0131\u015f ya\u011faca\u011f\u0131, \u015fim\u015f\u0259k \u00e7axaca\u011f\u0131 g\u00f6zl\u0259nilir. Bu bar\u0259d\u0259 Musavat.com-a Milli Hidrometeorologiya Xidm\u0259tind\u0259n m\u0259lumat verilib. Bildirilib ki, s\u00f6z\u00fcged\u0259n tarixl\u0259rd\u0259 b\u0259zi yerl\u0259rd\u0259 (Balak\u0259n-\u015e\u0259ki, Quba-Qusar, Da\u011fl\u0131q \u015eirvan, Qazax-G\u0259nc\u0259, Da\u015fk\u0259s\u0259n-G\u0259d\u0259b\u0259y, \u015e\u0259rqi Z\u0259ng\u0259zur) ya\u011f\u0131nt\u0131lar\u0131n leysan xarakterli olaca\u011f\u0131 ehtimal\u0131 var. \u00c7aylarda sululu\u011fun artaca\u011f\u0131, B\u00f6y\u00fck v\u0259 Ki\u00e7ik Qafqaz\u0131n b\u0259zi da\u011f \u00e7aylar\u0131ndan q\u0131sam\u00fcdd\u0259tli da\u015fq\u0131n v\u0259&hellip;","_links":{"self":[{"href":"https:\/\/arantv.az\/index.php?rest_route=\/wp\/v2\/posts\/737732"}],"collection":[{"href":"https:\/\/arantv.az\/index.php?rest_route=\/wp\/v2\/posts"}],"about":[{"href":"https:\/\/arantv.az\/index.php?rest_route=\/wp\/v2\/types\/post"}],"author":[{"embeddable":true,"href":"https:\/\/arantv.az\/index.php?rest_route=\/wp\/v2\/users\/2"}],"replies":[{"embeddable":true,"href":"https:\/\/arantv.az\/index.php?rest_route=%2Fwp%2Fv2%2Fcomments&post=737732"}],"version-history":[{"count":0,"href":"https:\/\/arantv.az\/index.php?rest_route=\/wp\/v2\/posts\/737732\/revisions"}],"wp:featuredmedia":[{"embeddable":true,"href":"https:\/\/arantv.az\/index.php?rest_route=\/wp\/v2\/media\/737733"}],"wp:attachment":[{"href":"https:\/\/arantv.az\/index.php?rest_route=%2Fwp%2Fv2%2Fmedia&parent=737732"}],"wp:term":[{"taxonomy":"category","embeddable":true,"href":"https:\/\/arantv.az\/index.php?rest_route=%2Fwp%2Fv2%2Fcategories&post=737732"},{"taxonomy":"post_tag","embeddable":true,"href":"https:\/\/arantv.az\/index.php?rest_route=%2Fwp%2Fv2%2Ftags&post=737732"}],"curies":[{"name":"wp","href":"https:\/\/api.w.org\/{rel}","templated":true}]}}