{"id":737744,"date":"2024-07-16T14:32:17","date_gmt":"2024-07-16T10:32:17","guid":{"rendered":"https:\/\/arantv.az\/?p=737744"},"modified":"2024-07-16T14:32:17","modified_gmt":"2024-07-16T10:32:17","slug":"44-gunluk-z%c9%99f%c9%99ri-sulh-masasinda-mohurl%c9%99m%c9%99k","status":"publish","type":"post","link":"https:\/\/arantv.az\/?p=737744","title":{"rendered":"44 g\u00fcnl\u00fck Z\u0259f\u0259ri s\u00fclh masas\u0131nda m\u00f6h\u00fcrl\u0259m\u0259k"},"content":{"rendered":"<p>Az\u0259rbaycan s\u00fclh m\u00fcqavil\u0259sinin imzalanmas\u0131 \u00fc\u00e7\u00fcn t\u0259l\u0259smir v\u0259 aya\u011f\u0131 alt\u0131na qoyulan \u201c\u0259ng\u0259l da\u015flar\u0131\u201dn\u0131 t\u0259mizl\u0259yir &#8211; r\u0259y<\/p>\n<p>44 g\u00fcnl\u00fck m\u00fcharib\u0259d\u0259 \u0259ld\u0259 edil\u0259n z\u0259f\u0259rin indi diplomatiya sava\u015f\u0131nda q\u0259l\u0259b\u0259 il\u0259 m\u00f6h\u00fcr\u00fcn\u00fc vurmaq zaman\u0131d\u0131r. Az\u0259rbaycan diplomatik masada t\u0259l\u0259sk\u0259nliy\u0259 yol verm\u0259d\u0259n s\u00fclh m\u00fcqavil\u0259si imzalama\u011fa haz\u0131rla\u015f\u0131r. Ona g\u00f6r\u0259 r\u0259smi Bak\u0131 b\u00fct\u00fcn t\u0259l\u0259bl\u0259rind\u0259 israrl\u0131d\u0131r v\u0259 x\u00fcsus\u0259n d\u0259 Erm\u0259nistan\u0131n qanunvericilik aktlar\u0131na d\u00fcz\u0259li\u015f etm\u0259d\u0259n s\u00fclh s\u0259n\u0259di imzalanmas\u0131 g\u00f6zl\u0259nilmir.<\/p>\n<p>Az\u0259rbaycan\u0131n bu t\u0259l\u0259bi Erm\u0259nistanda \u201cdaxili i\u015f\u0259 m\u00fcdaxil\u0259\u201d kimi qiym\u0259tl\u0259ndirilir, lakin ba\u015f nazir Pa\u015finyan etiraf edir ki, konstitusiyaya d\u0259yi\u015fiklikl\u0259r lab\u00fcdd\u00fcr. \u0130r\u0259van anlay\u0131r ki, Az\u0259rbaycana v\u0259 T\u00fcrkiy\u0259y\u0259 qar\u015f\u0131 \u0259razi iddialar\u0131 h\u00fcquqi s\u0259n\u0259dl\u0259rd\u0259n g\u00f6t\u00fcr\u00fclm\u0259s\u0259, bar\u0131\u015f\u0131q m\u00fcmk\u00fcn deyil. O bax\u0131mdan V\u0259t\u0259n m\u00fcharib\u0259sind\u0259 qazan\u0131lan nailiyy\u0259ti diplomatik masada da q\u0259l\u0259b\u0259y\u0259 \u00e7evirm\u0259kl\u0259 prosesi yekunla\u015fd\u0131rmaq qar\u015f\u0131da duran \u0259sas siyasi h\u0259d\u0259fdir v\u0259 Az\u0259rbaycan bu m\u0259s\u0259l\u0259d\u0259 i\u015fini m\u00f6hk\u0259m tutub, s\u00fclh yolunda ayaqlar\u0131m\u0131z alt\u0131na d\u00f6\u015f\u0259n\u0259n b\u00fct\u00fcn da\u015flar\u0131 t\u0259mizl\u0259m\u0259mi\u015f s\u0259n\u0259d\u0259 qol \u00e7\u0259k\u0259n deyil. El\u0259 prezident \u0130lham \u018fliyev d\u0259 ayd\u0131n \u015f\u0259kild\u0259 anons verdi ki, Erm\u0259nistan \u00f6z konstitusiyas\u0131ndan bu iddialar\u0131 qald\u0131rmayanad\u0259k s\u00fclh m\u00fcqavil\u0259si olmayacaq. Baxmayaraq ki, AB\u015e t\u0259l\u0259sdirir, \u0259n az\u0131 \u00e7\u0259r\u00e7iv\u0259 sazi\u015fi \u00fc\u00e7\u00fcn d\u0259rid\u0259n-qab\u0131qdan \u00e7\u0131x\u0131r, h\u0259tta ke\u00e7mi\u015f amerikal\u0131 h\u0259ms\u0259dr Bak\u0131n\u0131n t\u0259l\u0259bini sonraya saxlama\u011fa \u00e7a\u011f\u0131r\u0131r, amma Va\u015finqtondan g\u0259l\u0259n bu siqnallara r\u0259\u011fm\u0259n, Az\u0259rbaycan siyas\u0259tini d\u0259yi\u015fmir. \u00dcst\u0259lik, Erm\u0259nistan s\u00fclh m\u00f6vzusunda \u00f6z xeyrin\u0259 yalan piar apar\u0131r, guya s\u00fclhp\u0259rv\u0259rdir, paralel olaraq is\u0259 silahlan\u0131r. Bu da ciddi m\u00fcnaqi\u015f\u0259 v\u0259 h\u0259rbi eskalasiya riski yarad\u0131r. <\/p>\n<p>\u00dcst\u0259lik, ist\u0259nil\u0259n vaxt Erm\u0259nistan konstitusiyadak\u0131 t\u0259l\u0259bl\u0259rini \u0259sas g\u00f6t\u00fcr\u0259r\u0259k, s\u00fclhd\u0259n imtina ed\u0259 v\u0259 \u0259razi iddialar\u0131n\u0131 yenid\u0259n g\u00fcnd\u0259m\u0259 g\u0259tir\u0259 bil\u0259r. Amma Erm\u0259nistan\u0131n s\u0259rgil\u0259diyi siyas\u0259t g\u00f6st\u0259rir ki, onlar m\u00f6vcud konstitusiyan\u0131 bu il d\u0259yi\u015fdirm\u0259k niyy\u0259tind\u0259 deyil. \u00c7\u00fcnki Pa\u015finyan yeni konstitusiyan\u0131n 2026-c\u0131 ilin dekabr\u0131na q\u0259d\u0259r haz\u0131rlanmas\u0131 v\u0259 q\u0259bul edilm\u0259si tap\u015f\u0131r\u0131\u011f\u0131 verib. Bu halda s\u00fclh sazi\u015fin\u0259 dair hans\u0131sa s\u0259n\u0259din cari ild\u0259 q\u0259bul edilm\u0259si sual alt\u0131na d\u00fc\u015f\u00fcr. <\/p>\n<p>Onu da dem\u0259k laz\u0131md\u0131r ki, Bak\u0131 v\u0259 \u0130r\u0259van aras\u0131nda h\u0259m s\u0259rh\u0259d, h\u0259m kommunikasiyan\u0131n hans\u0131 prinsipl\u0259rl\u0259 a\u00e7\u0131lmas\u0131na dair fikir ayr\u0131l\u0131\u011f\u0131 var. Az\u0259rbaycan haql\u0131 olaraq uzunm\u00fcdd\u0259tli proses olan s\u0259rh\u0259din delimitasiyas\u0131n\u0131 s\u00fclh sazi\u015find\u0259n ay\u0131rma\u011f\u0131 t\u0259klif edir, \u0259ks t\u0259qdird\u0259, sazi\u015fin imzalanmas\u0131 ill\u0259rl\u0259 zaman ala bil\u0259r. Eyni zamanda kommunikasiyan\u0131n a\u00e7\u0131lmas\u0131nda \u201cAz\u0259rbaycandan Az\u0259rbaycana prinsipi\u201dnin t\u0259tbiqini ist\u0259yir, y\u0259ni Az\u0259rbaycandan Nax\u00e7\u0131vana ged\u0259n s\u0259rni\u015finl\u0259r v\u0259 apar\u0131lan y\u00fckl\u0259r g\u00f6mr\u00fck yoxlan\u0131\u015f\u0131na m\u0259ruz qalmamal\u0131, bu yoldan istifad\u0259 ed\u0259n dig\u0259r \u00f6lk\u0259l\u0259r\u0259 g\u00f6mr\u00fck qaydalar\u0131 t\u0259tbiq edilm\u0259lidir. Erm\u0259nistan\u0131n bunu q\u0259bul etm\u0259m\u0259si sazi\u015fin imzalanmas\u0131n\u0131 da \u00e7\u0259tinl\u0259\u015fdirir, lakin \u0130r\u0259van sonda bu t\u0259l\u0259bi q\u0259bul etm\u0259k m\u0259cburiyy\u0259tind\u0259 qalacaq, \u0259ks t\u0259qdird\u0259, \u201cdalan \u00f6lk\u0259\u201d v\u0259ziyy\u0259tind\u0259n xilas ola bilm\u0259y\u0259c\u0259k. <\/p>\n<p>S\u00f6zc\u00fc &#8211; X\u0259z\u0259r Teyyublu: M\u00fcst\u0259qil H\u0259mkarlar Birliyinin qaynar x\u0259tti yarad\u0131ld\u0131<\/p>\n<p>X\u0259z\u0259r Teyyublu<\/p>\n<p>H\u00fcquq m\u00fcdafi\u0259\u00e7isi X\u0259z\u0259r Teyyublunun fikrinc\u0259,  Az\u0259rbaycan\u0131n m\u00fcharib\u0259 meydan\u0131nda qazand\u0131\u011f\u0131 u\u011furu siyasi masada uduzaca\u011f\u0131n\u0131 proqnozla\u015fd\u0131ranlar yan\u0131lm\u0131\u015f olduqlar\u0131n\u0131 d\u0259rk edirl\u0259r: \u201cAz\u0259rbaycan ilk g\u00fcnd\u0259n prosesi sistemli h\u0259yata ke\u00e7irir. Bura ke\u00e7mi\u015f La\u00e7\u0131n d\u0259hlizinin l\u0259\u011fvi, erm\u0259nil\u0259rl\u0259 reinteqrasiya i\u015fl\u0259ri, ard\u0131nca antiterror \u0259m\u0259liyyat\u0131, sonra ikit\u0259r\u0259fli raz\u0131la\u015fma \u0259sas\u0131nda s\u00fclhm\u0259raml\u0131lar\u0131n \u00e7\u0131xar\u0131lmas\u0131 aiddir. Az\u0259rbaycan \u00f6z suverenliyini b\u0259rpa etm\u0259k istiqam\u0259tind\u0259 Qaza\u011f\u0131n 4 k\u0259ndini i\u015f\u011faldan bir g\u00fcll\u0259 atmadan azad etdi, Tavu\u015f istiqam\u0259tind\u0259 s\u0259rh\u0259d m\u00fc\u0259yy\u0259n olundu,  bu da apar\u0131lan siyas\u0259tin davam\u0131 idi. \u0130ndi s\u0131rada K\u0259rki v\u0259 daha \u00fc\u00e7 anklav k\u0259nd var. Bak\u0131 bu m\u0259s\u0259l\u0259l\u0259ri d\u0259 h\u0259ll ed\u0259c\u0259k. Biz erm\u0259niy\u0259 bir qar\u0131\u015f torpaq g\u00fcz\u0259\u015ft\u0259 ged\u0259n deyilik. Fikrimc\u0259, suverenliyin tam t\u0259min olunmas\u0131 il\u0259 ba\u011fl\u0131 bu kimi m\u0259s\u0259l\u0259l\u0259rin h\u0259llin\u0259 nail olduqdan sonra s\u00fclh s\u0259n\u0259di imzalana bil\u0259r\u201d.<\/p>\n<p>X.Teyyublu s\u00fclh sazi\u015fin\u0259 q\u0259d\u0259r niyy\u0259t protokolunun olmas\u0131n\u0131 istisna etmir, lakin tarixi bir m\u00fcqavil\u0259 \u00fc\u00e7\u00fcn b\u00fct\u00fcn m\u0259s\u0259l\u0259l\u0259r h\u0259ll edilm\u0259li, he\u00e7 bir siyasi-h\u00fcquqi \u00e7\u0259tinlik qalmamal\u0131d\u0131r: \u201cBiz Erm\u0259nistana g\u0259l\u0259c\u0259kd\u0259 he\u00e7 bir s\u0259b\u0259b buraxmamal\u0131y\u0131q. Unutmayaq ki, bu g\u00fcn Pa\u015finyand\u0131r, sabah x\u0259st\u0259 t\u0259f\u0259kk\u00fcrl\u00fc bir Vazgen \u00f6lk\u0259nin r\u0259hb\u0259ri ola bil\u0259r v\u0259 t\u0259z\u0259d\u0259n ba\u015flayar ki, Qaraba\u011f u\u011frunda m\u00fcbariz\u0259 aparmal\u0131y\u0131q. Odur ki, i\u015fimizi b\u0259rk tutmal\u0131, onlar\u0131n b\u00fct\u00fcn r\u0131\u00e7aqlar\u0131n\u0131 \u0259ll\u0259rind\u0259n almal\u0131y\u0131q. M\u0259n inan\u0131ram ki, Az\u0259rbaycan d\u00f6vl\u0259ti Z\u0259f\u0259r yolunda xalq\u0131n arzular\u0131n\u0131 tam h\u0259yata ke\u00e7ir\u0259c\u0259k v\u0259 he\u00e7 bir h\u00fcquqi problem qalmayacaq. Tarixi s\u00fclh s\u0259n\u0259di d\u0259 o zaman imzalanacaq ki, Erm\u0259nistan\u0131n he\u00e7 vaxt biz\u0259 iddia ir\u0259li s\u00fcrm\u0259y\u0259 \u0259lind\u0259 b\u0259han\u0259si olmas\u0131n\u201d. <\/p>\n<p>H\u00fcquq m\u00fcdafi\u0259\u00e7isi Pa\u015finyan\u0131n referenduma ged\u0259c\u0259yini g\u00f6zl\u0259yir: \u201cNikol yeni konstitusiyadan dan\u0131\u015f\u0131r. Bu, yax\u015f\u0131 \u0259lam\u0259tdir. \u0130kincisi, yeni qanunverici aktlarda Qaraba\u011f m\u0259s\u0259l\u0259si yer almayacaq. Pa\u015finyan referendumda xalqdan bu s\u0259si alma\u011fa haz\u0131rl\u0131q i\u015fi apar\u0131r. \u018fn \u0259lveri\u015fli vaxtsa \u00fcmumxalq s\u0259sverm\u0259sin\u0259 ged\u0259c\u0259k. N\u0259hay\u0259t, orada t\u0259k Qaraba\u011f yox, T\u00fcrkiy\u0259 m\u0259s\u0259l\u0259si aradan g\u00f6t\u00fcr\u00fcl\u0259c\u0259k, Avrointeqrasiya il\u0259 ba\u011fl\u0131 m\u00fc\u0259yy\u0259n niyy\u0259tl\u0259r ifad\u0259 olunacaq. Y\u0259ni referendum t\u0259k Az\u0259rbaycanla s\u00fclh m\u00fcqavil\u0259sin\u0259 g\u00f6r\u0259 olmayacaq. Bir s\u00f6zl\u0259, biz Erm\u0259nistan\u0131 s\u00fclh\u0259 m\u0259cbur ed\u0259c\u0259yik. \u00d6zl\u0259ri d\u0259 anlay\u0131r ki, s\u00fclh yoxdursa, h\u0259r an s\u0259rh\u0259dd\u0259 toqqu\u015fma ola, erm\u0259ni tabutlar\u0131 qap\u0131lara ged\u0259 bil\u0259r\u201d. <\/p>\n<p>Yaz\u0131n\u0131 haz\u0131rlad\u0131: Emil SALAMO\u011eLU<\/p>\n","protected":false},"excerpt":{"rendered":"<p>Az\u0259rbaycan s\u00fclh m\u00fcqavil\u0259sinin imzalanmas\u0131 \u00fc\u00e7\u00fcn t\u0259l\u0259smir v\u0259 aya\u011f\u0131 alt\u0131na qoyulan \u201c\u0259ng\u0259l da\u015flar\u0131\u201dn\u0131 t\u0259mizl\u0259yir &#8211; r\u0259y 44 g\u00fcnl\u00fck m\u00fcharib\u0259d\u0259 \u0259ld\u0259 edil\u0259n z\u0259f\u0259rin indi diplomatiya sava\u015f\u0131nda q\u0259l\u0259b\u0259 il\u0259 m\u00f6h\u00fcr\u00fcn\u00fc vurmaq zaman\u0131d\u0131r. Az\u0259rbaycan diplomatik masada t\u0259l\u0259sk\u0259nliy\u0259 yol verm\u0259d\u0259n s\u00fclh m\u00fcqavil\u0259si imzalama\u011fa haz\u0131rla\u015f\u0131r. Ona g\u00f6r\u0259 r\u0259smi Bak\u0131 b\u00fct\u00fcn t\u0259l\u0259bl\u0259rind\u0259 israrl\u0131d\u0131r v\u0259 x\u00fcsus\u0259n d\u0259 Erm\u0259nistan\u0131n qanunvericilik aktlar\u0131na d\u00fcz\u0259li\u015f etm\u0259d\u0259n s\u00fclh s\u0259n\u0259di imzalanmas\u0131 g\u00f6zl\u0259nilmir. Az\u0259rbaycan\u0131n bu t\u0259l\u0259bi Erm\u0259nistanda \u201cdaxili i\u015f\u0259 m\u00fcdaxil\u0259\u201d kimi qiym\u0259tl\u0259ndirilir, lakin ba\u015f nazir Pa\u015finyan etiraf edir ki, konstitusiyaya d\u0259yi\u015fiklikl\u0259r lab\u00fcdd\u00fcr. \u0130r\u0259van anlay\u0131r ki, Az\u0259rbaycana v\u0259 T\u00fcrkiy\u0259y\u0259 qar\u015f\u0131 \u0259razi iddialar\u0131 h\u00fcquqi s\u0259n\u0259dl\u0259rd\u0259n g\u00f6t\u00fcr\u00fclm\u0259s\u0259, bar\u0131\u015f\u0131q&hellip;<\/p>\n","protected":false},"author":2,"featured_media":737745,"comment_status":"closed","ping_status":"closed","sticky":false,"template":"","format":"standard","meta":{"om_disable_all_campaigns":false,"_monsterinsights_skip_tracking":false,"_monsterinsights_sitenote_active":false,"_monsterinsights_sitenote_note":"","_monsterinsights_sitenote_category":0},"categories":[1],"tags":[],"aioseo_notices":[],"gutentor_comment":0,"rttpg_featured_image_url":{"full":["https:\/\/arantv.az\/wp-content\/uploads\/2024\/07\/547a01e78bae15a30fe5cec095a39bd2.jpg",620,405,false],"landscape":["https:\/\/arantv.az\/wp-content\/uploads\/2024\/07\/547a01e78bae15a30fe5cec095a39bd2.jpg",620,405,false],"portraits":["https:\/\/arantv.az\/wp-content\/uploads\/2024\/07\/547a01e78bae15a30fe5cec095a39bd2.jpg",620,405,false],"thumbnail":["https:\/\/arantv.az\/wp-content\/uploads\/2024\/07\/547a01e78bae15a30fe5cec095a39bd2-500x280.jpg",500,280,true],"medium":["https:\/\/arantv.az\/wp-content\/uploads\/2024\/07\/547a01e78bae15a30fe5cec095a39bd2-559x365.jpg",559,365,true],"large":["https:\/\/arantv.az\/wp-content\/uploads\/2024\/07\/547a01e78bae15a30fe5cec095a39bd2.jpg",620,405,false],"1536x1536":["https:\/\/arantv.az\/wp-content\/uploads\/2024\/07\/547a01e78bae15a30fe5cec095a39bd2.jpg",620,405,false],"2048x2048":["https:\/\/arantv.az\/wp-content\/uploads\/2024\/07\/547a01e78bae15a30fe5cec095a39bd2.jpg",620,405,false],"post-thumbnail":["https:\/\/arantv.az\/wp-content\/uploads\/2024\/07\/547a01e78bae15a30fe5cec095a39bd2-240x172.jpg",240,172,true],"advps-thumb-one":["https:\/\/arantv.az\/wp-content\/uploads\/2024\/07\/547a01e78bae15a30fe5cec095a39bd2.jpg",620,405,false]},"rttpg_author":{"display_name":"V\u00fcsal Rafiqo\u011flu","author_link":"https:\/\/arantv.az\/?author=2"},"rttpg_comment":0,"rttpg_category":"<a href=\"https:\/\/arantv.az\/?cat=1\" rel=\"category\">C\u0259miyy\u0259t<\/a>","rttpg_excerpt":"Az\u0259rbaycan s\u00fclh m\u00fcqavil\u0259sinin imzalanmas\u0131 \u00fc\u00e7\u00fcn t\u0259l\u0259smir v\u0259 aya\u011f\u0131 alt\u0131na qoyulan \u201c\u0259ng\u0259l da\u015flar\u0131\u201dn\u0131 t\u0259mizl\u0259yir &#8211; r\u0259y 44 g\u00fcnl\u00fck m\u00fcharib\u0259d\u0259 \u0259ld\u0259 edil\u0259n z\u0259f\u0259rin indi diplomatiya sava\u015f\u0131nda q\u0259l\u0259b\u0259 il\u0259 m\u00f6h\u00fcr\u00fcn\u00fc vurmaq zaman\u0131d\u0131r. Az\u0259rbaycan diplomatik masada t\u0259l\u0259sk\u0259nliy\u0259 yol verm\u0259d\u0259n s\u00fclh m\u00fcqavil\u0259si imzalama\u011fa haz\u0131rla\u015f\u0131r. Ona g\u00f6r\u0259 r\u0259smi Bak\u0131 b\u00fct\u00fcn t\u0259l\u0259bl\u0259rind\u0259 israrl\u0131d\u0131r v\u0259 x\u00fcsus\u0259n d\u0259 Erm\u0259nistan\u0131n qanunvericilik aktlar\u0131na d\u00fcz\u0259li\u015f etm\u0259d\u0259n s\u00fclh&hellip;","_links":{"self":[{"href":"https:\/\/arantv.az\/index.php?rest_route=\/wp\/v2\/posts\/737744"}],"collection":[{"href":"https:\/\/arantv.az\/index.php?rest_route=\/wp\/v2\/posts"}],"about":[{"href":"https:\/\/arantv.az\/index.php?rest_route=\/wp\/v2\/types\/post"}],"author":[{"embeddable":true,"href":"https:\/\/arantv.az\/index.php?rest_route=\/wp\/v2\/users\/2"}],"replies":[{"embeddable":true,"href":"https:\/\/arantv.az\/index.php?rest_route=%2Fwp%2Fv2%2Fcomments&post=737744"}],"version-history":[{"count":0,"href":"https:\/\/arantv.az\/index.php?rest_route=\/wp\/v2\/posts\/737744\/revisions"}],"wp:featuredmedia":[{"embeddable":true,"href":"https:\/\/arantv.az\/index.php?rest_route=\/wp\/v2\/media\/737745"}],"wp:attachment":[{"href":"https:\/\/arantv.az\/index.php?rest_route=%2Fwp%2Fv2%2Fmedia&parent=737744"}],"wp:term":[{"taxonomy":"category","embeddable":true,"href":"https:\/\/arantv.az\/index.php?rest_route=%2Fwp%2Fv2%2Fcategories&post=737744"},{"taxonomy":"post_tag","embeddable":true,"href":"https:\/\/arantv.az\/index.php?rest_route=%2Fwp%2Fv2%2Ftags&post=737744"}],"curies":[{"name":"wp","href":"https:\/\/api.w.org\/{rel}","templated":true}]}}