{"id":737747,"date":"2024-07-16T14:32:56","date_gmt":"2024-07-16T10:32:56","guid":{"rendered":"https:\/\/arantv.az\/?p=737747"},"modified":"2024-07-16T14:32:56","modified_gmt":"2024-07-16T10:32:56","slug":"son-d%c9%99qiq%c9%99-h%c9%99s%c9%99n-ismayilov-maliyy%c9%99-naziri-t%c9%99yin-edildi-s%c9%99r%c9%99ncam","status":"publish","type":"post","link":"https:\/\/arantv.az\/?p=737747","title":{"rendered":"SON D\u018fQ\u0130Q\u018f: H\u0259s\u0259n \u0130smay\u0131lov maliyy\u0259 naziri t\u0259yin edildi &#8211; S\u018fR\u018fNCAM"},"content":{"rendered":"<p>H\u0259s\u0259n \u0130smay\u0131lov Nax\u00e7\u0131van Muxtar Respublikas\u0131n\u0131n maliyy\u0259 naziri t\u0259yin edilib.<\/p>\n<p>Nax\u00e7\u0131van Muxtar Respublikas\u0131 Ali M\u0259clisi s\u0259drinin m\u00fcavini Anar \u0130brahimovun imzalad\u0131\u011f\u0131 16 iyul 2024-c\u00fc il tarixli S\u0259r\u0259ncama \u0259sas\u0259n, H\u0259s\u0259n Bayram o\u011flu \u0130smay\u0131lov Nax\u00e7\u0131van Muxtar Respublikas\u0131n\u0131n maliyy\u0259 naziri t\u0259yin edilib.<\/p>\n<p>Qeyd ed\u0259k ki, H\u0259s\u0259n \u0130smay\u0131lov 27 may 2019-cu il tarixd\u0259 Nax\u00e7\u0131van Muxtar Respublikas\u0131 maliyy\u0259 nazirinin m\u00fcavini t\u0259yin edilib. O, 10 yanvar 2023-c\u00fc il tarixd\u0259n is\u0259 nazir v\u0259zif\u0259l\u0259rini m\u00fcv\u0259qq\u0259ti icra edirdi. (APA)<\/p>\n","protected":false},"excerpt":{"rendered":"<p>H\u0259s\u0259n \u0130smay\u0131lov Nax\u00e7\u0131van Muxtar Respublikas\u0131n\u0131n maliyy\u0259 naziri t\u0259yin edilib. Nax\u00e7\u0131van Muxtar Respublikas\u0131 Ali M\u0259clisi s\u0259drinin m\u00fcavini Anar \u0130brahimovun imzalad\u0131\u011f\u0131 16 iyul 2024-c\u00fc il tarixli S\u0259r\u0259ncama \u0259sas\u0259n, H\u0259s\u0259n Bayram o\u011flu \u0130smay\u0131lov Nax\u00e7\u0131van Muxtar Respublikas\u0131n\u0131n maliyy\u0259 naziri t\u0259yin edilib. Qeyd ed\u0259k ki, H\u0259s\u0259n \u0130smay\u0131lov 27 may 2019-cu il tarixd\u0259 Nax\u00e7\u0131van Muxtar Respublikas\u0131 maliyy\u0259 nazirinin m\u00fcavini t\u0259yin edilib. O, 10 yanvar 2023-c\u00fc il tarixd\u0259n is\u0259 nazir v\u0259zif\u0259l\u0259rini m\u00fcv\u0259qq\u0259ti icra edirdi. (APA)<\/p>\n","protected":false},"author":2,"featured_media":737748,"comment_status":"closed","ping_status":"closed","sticky":false,"template":"","format":"standard","meta":{"om_disable_all_campaigns":false,"_monsterinsights_skip_tracking":false,"_monsterinsights_sitenote_active":false,"_monsterinsights_sitenote_note":"","_monsterinsights_sitenote_category":0},"categories":[1],"tags":[],"aioseo_notices":[],"gutentor_comment":0,"rttpg_featured_image_url":{"full":["https:\/\/arantv.az\/wp-content\/uploads\/2024\/07\/42b89a4a531603554a4f2d90d6675b74.jpg",850,500,false],"landscape":["https:\/\/arantv.az\/wp-content\/uploads\/2024\/07\/42b89a4a531603554a4f2d90d6675b74.jpg",850,500,false],"portraits":["https:\/\/arantv.az\/wp-content\/uploads\/2024\/07\/42b89a4a531603554a4f2d90d6675b74.jpg",850,500,false],"thumbnail":["https:\/\/arantv.az\/wp-content\/uploads\/2024\/07\/42b89a4a531603554a4f2d90d6675b74-500x280.jpg",500,280,true],"medium":["https:\/\/arantv.az\/wp-content\/uploads\/2024\/07\/42b89a4a531603554a4f2d90d6675b74-621x365.jpg",621,365,true],"large":["https:\/\/arantv.az\/wp-content\/uploads\/2024\/07\/42b89a4a531603554a4f2d90d6675b74-840x494.jpg",640,376,true],"1536x1536":["https:\/\/arantv.az\/wp-content\/uploads\/2024\/07\/42b89a4a531603554a4f2d90d6675b74.jpg",850,500,false],"2048x2048":["https:\/\/arantv.az\/wp-content\/uploads\/2024\/07\/42b89a4a531603554a4f2d90d6675b74.jpg",850,500,false],"post-thumbnail":["https:\/\/arantv.az\/wp-content\/uploads\/2024\/07\/42b89a4a531603554a4f2d90d6675b74-240x172.jpg",240,172,true],"advps-thumb-one":["https:\/\/arantv.az\/wp-content\/uploads\/2024\/07\/42b89a4a531603554a4f2d90d6675b74.jpg",850,500,false]},"rttpg_author":{"display_name":"V\u00fcsal Rafiqo\u011flu","author_link":"https:\/\/arantv.az\/?author=2"},"rttpg_comment":0,"rttpg_category":"<a href=\"https:\/\/arantv.az\/?cat=1\" rel=\"category\">C\u0259miyy\u0259t<\/a>","rttpg_excerpt":"H\u0259s\u0259n \u0130smay\u0131lov Nax\u00e7\u0131van Muxtar Respublikas\u0131n\u0131n maliyy\u0259 naziri t\u0259yin edilib. Nax\u00e7\u0131van Muxtar Respublikas\u0131 Ali M\u0259clisi s\u0259drinin m\u00fcavini Anar \u0130brahimovun imzalad\u0131\u011f\u0131 16 iyul 2024-c\u00fc il tarixli S\u0259r\u0259ncama \u0259sas\u0259n, H\u0259s\u0259n Bayram o\u011flu \u0130smay\u0131lov Nax\u00e7\u0131van Muxtar Respublikas\u0131n\u0131n maliyy\u0259 naziri t\u0259yin edilib. Qeyd ed\u0259k ki, H\u0259s\u0259n \u0130smay\u0131lov 27 may 2019-cu il tarixd\u0259 Nax\u00e7\u0131van Muxtar Respublikas\u0131 maliyy\u0259 nazirinin m\u00fcavini t\u0259yin edilib.&hellip;","_links":{"self":[{"href":"https:\/\/arantv.az\/index.php?rest_route=\/wp\/v2\/posts\/737747"}],"collection":[{"href":"https:\/\/arantv.az\/index.php?rest_route=\/wp\/v2\/posts"}],"about":[{"href":"https:\/\/arantv.az\/index.php?rest_route=\/wp\/v2\/types\/post"}],"author":[{"embeddable":true,"href":"https:\/\/arantv.az\/index.php?rest_route=\/wp\/v2\/users\/2"}],"replies":[{"embeddable":true,"href":"https:\/\/arantv.az\/index.php?rest_route=%2Fwp%2Fv2%2Fcomments&post=737747"}],"version-history":[{"count":0,"href":"https:\/\/arantv.az\/index.php?rest_route=\/wp\/v2\/posts\/737747\/revisions"}],"wp:featuredmedia":[{"embeddable":true,"href":"https:\/\/arantv.az\/index.php?rest_route=\/wp\/v2\/media\/737748"}],"wp:attachment":[{"href":"https:\/\/arantv.az\/index.php?rest_route=%2Fwp%2Fv2%2Fmedia&parent=737747"}],"wp:term":[{"taxonomy":"category","embeddable":true,"href":"https:\/\/arantv.az\/index.php?rest_route=%2Fwp%2Fv2%2Fcategories&post=737747"},{"taxonomy":"post_tag","embeddable":true,"href":"https:\/\/arantv.az\/index.php?rest_route=%2Fwp%2Fv2%2Ftags&post=737747"}],"curies":[{"name":"wp","href":"https:\/\/api.w.org\/{rel}","templated":true}]}}