{"id":737759,"date":"2024-07-16T14:35:48","date_gmt":"2024-07-16T10:35:48","guid":{"rendered":"https:\/\/arantv.az\/?p=737759"},"modified":"2024-07-16T14:35:48","modified_gmt":"2024-07-16T10:35:48","slug":"b%c9%99db%c9%99xt-hadis%c9%99d%c9%99-h%c9%99lak-olan-h%c9%99rbi-qulluqcuya-s%c9%99hidlik-statusu-veril%c9%99-bil%c9%99r-dovl%c9%99t-xidm%c9%99ti","status":"publish","type":"post","link":"https:\/\/arantv.az\/?p=737759","title":{"rendered":"B\u0259db\u0259xt hadis\u0259d\u0259 h\u0259lak olan h\u0259rbi qulluq\u00e7uya \u015f\u0259hidlik statusu veril\u0259 bil\u0259r- D\u00f6vl\u0259t Xidm\u0259ti"},"content":{"rendered":"<p>\u00d6t\u0259n g\u00fcn b\u0259db\u0259xt hadis\u0259 n\u0259tic\u0259sind\u0259 h\u0259lak olan h\u0259rbi qulluq\u00e7u Abbasov Yunis Vasif o\u011fluna \u015f\u0259hidlik statusu h\u0259rbi hiss\u0259 t\u0259r\u0259find\u0259n t\u0259qdim edil\u0259n m\u00fcvafiq aray\u0131\u015f \u0259sas\u0131nda veril\u0259 bil\u0259r.<\/p>\n<p>ARANTV.AZ x\u0259b\u0259r verir ki, bunu S\u0259f\u0259rb\u0259rlik v\u0259 H\u0259rbi Xidm\u0259t\u0259 \u00c7a\u011f\u0131r\u0131\u015f \u00fczr\u0259 D\u00f6vl\u0259t Xidm\u0259tinin \u0130ctimaiyy\u0259tl\u0259 \u0130\u015f v\u0259 Beyn\u0259lxalq \u018flaq\u0259l\u0259r \u015f\u00f6b\u0259sinin r\u0259isi P\u0259rviz S\u0259dr\u0259ddinov deyib.<\/p>\n<p>\u201cH\u0259yat\u0131n\u0131 itir\u0259n Az\u0259rbaycan Ordusunun h\u0259rbi qulluq\u00e7usuna \u015f\u0259hidlik statusu h\u0259rbi hiss\u0259 t\u0259r\u0259find\u0259n t\u0259qdim edil\u0259n bildiri\u015f \u0259sas\u0131nda verilir. Bel\u0259 bildiri\u015f daxil olarsa \u015f\u0259hid statusu veril\u0259 bil\u0259r\u201d, &#8211; dey\u0259 o qeyd edib.<\/p>\n<p>Qeyd ed\u0259k ki, \u00f6t\u0259n g\u00fcn Az\u0259rbaycan Ordusunun h\u0259rbi qulluq\u00e7usu Abbasov Yunis Vasif o\u011flu ba\u015f vermi\u015f b\u0259db\u0259xt hadis\u0259 n\u0259tic\u0259sind\u0259 h\u0259lak olub.<\/p>\n","protected":false},"excerpt":{"rendered":"<p>\u00d6t\u0259n g\u00fcn b\u0259db\u0259xt hadis\u0259 n\u0259tic\u0259sind\u0259 h\u0259lak olan h\u0259rbi qulluq\u00e7u Abbasov Yunis Vasif o\u011fluna \u015f\u0259hidlik statusu h\u0259rbi hiss\u0259 t\u0259r\u0259find\u0259n t\u0259qdim edil\u0259n m\u00fcvafiq aray\u0131\u015f \u0259sas\u0131nda veril\u0259 bil\u0259r. ARANTV.AZ x\u0259b\u0259r verir ki, bunu S\u0259f\u0259rb\u0259rlik v\u0259 H\u0259rbi Xidm\u0259t\u0259 \u00c7a\u011f\u0131r\u0131\u015f \u00fczr\u0259 D\u00f6vl\u0259t Xidm\u0259tinin \u0130ctimaiyy\u0259tl\u0259 \u0130\u015f v\u0259 Beyn\u0259lxalq \u018flaq\u0259l\u0259r \u015f\u00f6b\u0259sinin r\u0259isi P\u0259rviz S\u0259dr\u0259ddinov deyib. \u201cH\u0259yat\u0131n\u0131 itir\u0259n Az\u0259rbaycan Ordusunun h\u0259rbi qulluq\u00e7usuna \u015f\u0259hidlik statusu h\u0259rbi hiss\u0259 t\u0259r\u0259find\u0259n t\u0259qdim edil\u0259n bildiri\u015f \u0259sas\u0131nda verilir. Bel\u0259 bildiri\u015f daxil olarsa \u015f\u0259hid statusu veril\u0259 bil\u0259r\u201d, &#8211; dey\u0259 o qeyd edib. Qeyd ed\u0259k ki, \u00f6t\u0259n g\u00fcn Az\u0259rbaycan Ordusunun h\u0259rbi qulluq\u00e7usu Abbasov Yunis Vasif o\u011flu&hellip;<\/p>\n","protected":false},"author":2,"featured_media":737760,"comment_status":"closed","ping_status":"closed","sticky":false,"template":"","format":"standard","meta":{"om_disable_all_campaigns":false,"_monsterinsights_skip_tracking":false,"_monsterinsights_sitenote_active":false,"_monsterinsights_sitenote_note":"","_monsterinsights_sitenote_category":0},"categories":[4],"tags":[],"aioseo_notices":[],"gutentor_comment":0,"rttpg_featured_image_url":{"full":["https:\/\/arantv.az\/wp-content\/uploads\/2024\/07\/8ed36a84172111953365673564911037428.jpg",975,540,false],"landscape":["https:\/\/arantv.az\/wp-content\/uploads\/2024\/07\/8ed36a84172111953365673564911037428.jpg",975,540,false],"portraits":["https:\/\/arantv.az\/wp-content\/uploads\/2024\/07\/8ed36a84172111953365673564911037428.jpg",975,540,false],"thumbnail":["https:\/\/arantv.az\/wp-content\/uploads\/2024\/07\/8ed36a84172111953365673564911037428-500x280.jpg",500,280,true],"medium":["https:\/\/arantv.az\/wp-content\/uploads\/2024\/07\/8ed36a84172111953365673564911037428-660x365.jpg",660,365,true],"large":["https:\/\/arantv.az\/wp-content\/uploads\/2024\/07\/8ed36a84172111953365673564911037428-840x465.jpg",640,354,true],"1536x1536":["https:\/\/arantv.az\/wp-content\/uploads\/2024\/07\/8ed36a84172111953365673564911037428.jpg",975,540,false],"2048x2048":["https:\/\/arantv.az\/wp-content\/uploads\/2024\/07\/8ed36a84172111953365673564911037428.jpg",975,540,false],"post-thumbnail":["https:\/\/arantv.az\/wp-content\/uploads\/2024\/07\/8ed36a84172111953365673564911037428-240x172.jpg",240,172,true],"advps-thumb-one":["https:\/\/arantv.az\/wp-content\/uploads\/2024\/07\/8ed36a84172111953365673564911037428.jpg",975,540,false]},"rttpg_author":{"display_name":"V\u00fcsal Rafiqo\u011flu","author_link":"https:\/\/arantv.az\/?author=2"},"rttpg_comment":0,"rttpg_category":"<a href=\"https:\/\/arantv.az\/?cat=4\" rel=\"category\">Siyas\u0259t<\/a>","rttpg_excerpt":"\u00d6t\u0259n g\u00fcn b\u0259db\u0259xt hadis\u0259 n\u0259tic\u0259sind\u0259 h\u0259lak olan h\u0259rbi qulluq\u00e7u Abbasov Yunis Vasif o\u011fluna \u015f\u0259hidlik statusu h\u0259rbi hiss\u0259 t\u0259r\u0259find\u0259n t\u0259qdim edil\u0259n m\u00fcvafiq aray\u0131\u015f \u0259sas\u0131nda veril\u0259 bil\u0259r. ARANTV.AZ x\u0259b\u0259r verir ki, bunu S\u0259f\u0259rb\u0259rlik v\u0259 H\u0259rbi Xidm\u0259t\u0259 \u00c7a\u011f\u0131r\u0131\u015f \u00fczr\u0259 D\u00f6vl\u0259t Xidm\u0259tinin \u0130ctimaiyy\u0259tl\u0259 \u0130\u015f v\u0259 Beyn\u0259lxalq \u018flaq\u0259l\u0259r \u015f\u00f6b\u0259sinin r\u0259isi P\u0259rviz S\u0259dr\u0259ddinov deyib. \u201cH\u0259yat\u0131n\u0131 itir\u0259n Az\u0259rbaycan Ordusunun h\u0259rbi qulluq\u00e7usuna \u015f\u0259hidlik&hellip;","_links":{"self":[{"href":"https:\/\/arantv.az\/index.php?rest_route=\/wp\/v2\/posts\/737759"}],"collection":[{"href":"https:\/\/arantv.az\/index.php?rest_route=\/wp\/v2\/posts"}],"about":[{"href":"https:\/\/arantv.az\/index.php?rest_route=\/wp\/v2\/types\/post"}],"author":[{"embeddable":true,"href":"https:\/\/arantv.az\/index.php?rest_route=\/wp\/v2\/users\/2"}],"replies":[{"embeddable":true,"href":"https:\/\/arantv.az\/index.php?rest_route=%2Fwp%2Fv2%2Fcomments&post=737759"}],"version-history":[{"count":0,"href":"https:\/\/arantv.az\/index.php?rest_route=\/wp\/v2\/posts\/737759\/revisions"}],"wp:featuredmedia":[{"embeddable":true,"href":"https:\/\/arantv.az\/index.php?rest_route=\/wp\/v2\/media\/737760"}],"wp:attachment":[{"href":"https:\/\/arantv.az\/index.php?rest_route=%2Fwp%2Fv2%2Fmedia&parent=737759"}],"wp:term":[{"taxonomy":"category","embeddable":true,"href":"https:\/\/arantv.az\/index.php?rest_route=%2Fwp%2Fv2%2Fcategories&post=737759"},{"taxonomy":"post_tag","embeddable":true,"href":"https:\/\/arantv.az\/index.php?rest_route=%2Fwp%2Fv2%2Ftags&post=737759"}],"curies":[{"name":"wp","href":"https:\/\/api.w.org\/{rel}","templated":true}]}}