{"id":737792,"date":"2024-07-16T18:16:59","date_gmt":"2024-07-16T14:16:59","guid":{"rendered":"https:\/\/arantv.az\/?p=737792"},"modified":"2024-07-16T18:16:59","modified_gmt":"2024-07-16T14:16:59","slug":"munasib%c9%99tl%c9%99rimiz-qarsiliqli-etimada-%c9%99saslanir","status":"publish","type":"post","link":"https:\/\/arantv.az\/?p=737792","title":{"rendered":"M\u00fcnasib\u0259tl\u0259rimiz qar\u015f\u0131l\u0131ql\u0131 etimada \u0259saslan\u0131r"},"content":{"rendered":"<p>F\u0259q\u0259t \u015eadlinskaya<\/p>\n<p>YAP B\u0259rd\u0259 rayon t\u0259\u015fkilat\u0131n\u0131n s\u0259dri<\/p>\n<p>Prezident \u0130lham \u018fliyevin bu g\u00fcnl\u0259rd\u0259 Pakistana d\u00f6vl\u0259t s\u0259f\u0259ri ikit\u0259r\u0259fli m\u00fcnasib\u0259tl\u0259rimizin inki\u015faf\u0131nda yeni s\u0259hif\u0259nin a\u00e7\u0131lmas\u0131d\u0131r. \u201cSizin g\u00f6z\u0259l \u00f6lk\u0259nizd\u0259 yenid\u0259n s\u0259f\u0259rd\u0259 olmaq b\u00f6y\u00fck \u015f\u0259r\u0259fdir. Biz g\u00f6r\u00fc\u015f\u0259nd\u0259 \u0259ziz qarda\u015f\u0131mdan xahi\u015f etdiyim ilk m\u0259s\u0259l\u0259l\u0259rd\u0259n biri salamlar\u0131m\u0131 v\u0259 h\u00f6rm\u0259timi m\u0259nim \u00e7ox h\u00f6rm\u0259t etdiyim v\u0259 7 il \u0259vv\u0259l burada &#8211; bu binada g\u00f6r\u00fc\u015fd\u00fcy\u00fcm qarda\u015f\u0131m, Ba\u015f nazir N\u0259vaz \u015e\u0259rif\u0259 \u00e7atd\u0131rmaq oldu. \u0130ndi is\u0259 m\u0259n b\u00f6y\u00fck qarda\u015f\u0131m\u0131za h\u00f6rm\u0259timi kameralar qar\u015f\u0131s\u0131nda ifad\u0259 etm\u0259k ist\u0259yir\u0259m. M\u0259nim Pakistana 7 ild\u0259n sonra qarda\u015f\u0131m\u0131n qarda\u015f\u0131 Ba\u015f nazir oldu\u011fu zaman s\u0259f\u0259r etm\u0259yim r\u0259mzi m\u0259na k\u0259sb edir.\u201d fikirl\u0259ri il\u0259 dost, qarda\u015f Pakistana s\u0259mimi m\u00fcnasib\u0259tini ifad\u0259 ed\u0259n d\u00f6vl\u0259t ba\u015f\u00e7\u0131s\u0131 \u0130lham \u018fliyev \u0259laq\u0259l\u0259rimizin g\u0259l\u0259c\u0259k inki\u015faf\u0131 \u00fc\u00e7\u00fcn m\u00f6hk\u0259m t\u0259m\u0259lin m\u00f6vcudlu\u011funu bildirdi.<\/p>\n<p>Az\u0259rbaycan-Pakistan \u0259laq\u0259l\u0259ri b\u00fct\u00fcn sah\u0259l\u0259rd\u0259 y\u00fcks\u0259l\u0259n x\u0259tt \u00fczr\u0259 davam edir. Bu \u0259laq\u0259l\u0259r t\u0259kc\u0259 d\u00f6vl\u0259tl\u0259r yox, h\u0259m d\u0259 xalqlar aras\u0131nda g\u00fccl\u0259nir. T\u0259sad\u00fcfi deyil ki, Az\u0259rbaycan xalq\u0131 Pakistana olan m\u00fcnasib\u0259tini bu \u00f6lk\u0259nin bayra\u011f\u0131n\u0131n \u00f6lk\u0259mizd\u0259 dal\u011falanmas\u0131 il\u0259 n\u00fcmayi\u015f etdirir. D\u00fcnya Az\u0259rbaycan-Pakistan qarda\u015fl\u0131\u011f\u0131n\u0131 44 g\u00fcnl\u00fck \u0130kinci Qaraba\u011f m\u00fcharib\u0259sind\u0259 bir daha g\u00f6rd\u00fc. Sonad\u0259k Az\u0259rbaycan\u0131n yan\u0131nda olan v\u0259 haz\u0131rda postm\u00fcnaqi\u015f\u0259 d\u00f6vr\u00fcn\u00fcn reall\u0131qlar\u0131n\u0131n q\u0259bul etdirilm\u0259sind\u0259 v\u0259 u\u011furlu icras\u0131nda d\u0259st\u0259yini davam etdir\u0259n Pakistan atd\u0131\u011f\u0131 add\u0131mlar\u0131 il\u0259 t\u0259sdiql\u0259yir ki, m\u00fcnasib\u0259tl\u0259rimiz qar\u015f\u0131l\u0131ql\u0131 etimada, h\u00f6rm\u0259t\u0259 v\u0259 s\u0259mimiyy\u0259t\u0259 s\u00f6yk\u0259nir.  Az\u0259rbaycan v\u0259 T\u00fcrkiy\u0259 qarda\u015fl\u0131\u011f\u0131na Pakistan\u0131n da qo\u015fulmas\u0131, iki qarda\u015f\u0131n m\u00fctt\u0259fiqliyin\u0259 \u00fc\u00e7\u00fcnc\u00fc qarda\u015f\u0131n da daxil olmas\u0131 perspektivi ayd\u0131n g\u00f6r\u00fcn\u00fcr. Onu da qeyd ed\u0259k ki, bu g\u00fcnl\u0259rd\u0259 Astanada ke\u00e7iril\u0259n \u015eanxay \u018fm\u0259kda\u015fl\u0131q T\u0259\u015fkilat\u0131n\u0131n Zirv\u0259 g\u00f6r\u00fc\u015f\u00fc \u00e7\u0259r\u00e7iv\u0259sind\u0259 Prezident \u0130lham \u018fliyevin, Pakistan\u0131n Ba\u015f naziri M\u0259h\u0259mm\u0259d \u015eahbaz \u015e\u0259rifin v\u0259 T\u00fcrkiy\u0259 Prezidenti R\u0259c\u0259b Tayyib \u018frdo\u011fan\u0131n i\u015ftirak\u0131 il\u0259 t\u0259\u015fkil olunan \u00fc\u00e7t\u0259r\u0259fli g\u00f6r\u00fc\u015f  \u0259h\u0259miyy\u0259ti  il\u0259 diqq\u0259td\u0259dir.  Az\u0259rbaycan, Pakistan v\u0259 T\u00fcrkiy\u0259 aras\u0131nda b\u00fct\u00fcn t\u0259r\u0259fl\u0259rin qar\u015f\u0131l\u0131ql\u0131 maraqlar\u0131na xidm\u0259t ed\u0259n v\u0259 regional g\u00fcc birliyini \u015f\u0259rtl\u0259ndir\u0259n bu \u0259m\u0259kda\u015fl\u0131q mexanizmi v\u0259 h\u0259min g\u00f6r\u00fc\u015fd\u0259 m\u00fczakir\u0259 olunan m\u0259s\u0259l\u0259l\u0259r \u00f6lk\u0259l\u0259rimiz aras\u0131nda \u0259laq\u0259l\u0259rin b\u00fct\u00fcn sah\u0259l\u0259ri \u0259hat\u0259 etdiyini g\u00f6st\u0259rir. G\u00f6r\u00fc\u015fd\u0259 iqtisadiyyat, ticar\u0259t v\u0259 dig\u0259r sah\u0259l\u0259rd\u0259 \u0259m\u0259kda\u015fl\u0131qla yana\u015f\u0131, \u201c\u00dc\u00e7 qarda\u015f\u201d \u015f\u00fcar\u0131 alt\u0131nda ke\u00e7iril\u0259n h\u0259rbi t\u0259liml\u0259rin \u0259h\u0259miyy\u0259tinin vur\u011fulanmas\u0131 v\u0259 \u00fc\u00e7 \u00f6lk\u0259nin Silahl\u0131 Q\u00fcvv\u0259l\u0259ri t\u0259r\u0259find\u0259n birg\u0259 t\u0259liml\u0259rin bundan sonra da m\u00fct\u0259madi qaydada ke\u00e7irilm\u0259si t\u0259klifinin ir\u0259li s\u00fcr\u00fclm\u0259si, m\u00fcdafi\u0259 s\u0259nayesi sah\u0259sind\u0259 birg\u0259 istehsal\u0131n t\u0259\u015fkili m\u0259s\u0259l\u0259sinin g\u00fcnd\u0259m\u0259 g\u0259tirilm\u0259si \u00fc\u00e7 \u00f6lk\u0259 aras\u0131nda h\u0259rbi-siyasi sah\u0259d\u0259 \u0259laq\u0259l\u0259rin bundan sonra daha da d\u0259rinl\u0259\u015f\u0259c\u0259yini dem\u0259y\u0259 imkan verir.<\/p>\n<p>Az\u0259rbaycan v\u0259 Pakistan bir-birinin haqq i\u015fini d\u0259st\u0259kl\u0259y\u0259n dost \u00f6lk\u0259l\u0259rdir. D\u00f6vl\u0259t ba\u015f\u00e7\u0131s\u0131 \u0130lham \u018fliyev m\u0259tbuata b\u0259yanat\u0131nda bu m\u0259s\u0259l\u0259y\u0259 diqq\u0259ti y\u00f6n\u0259ld\u0259r\u0259k bildirdi ki, bu g\u00fcn Pakistan il\u0259 Az\u0259rbaycan aras\u0131nda qarda\u015fl\u0131q m\u00fcnasib\u0259tl\u0259ri m\u00f6hk\u0259m  b\u00fcn\u00f6vr\u0259y\u0259 \u0259saslan\u0131r. Biz qarda\u015f\u0131q v\u0259 dostuq. Biz h\u0259r i\u015fd\u0259, ist\u0259nil\u0259n beyn\u0259lxalq t\u0259sisat daxilind\u0259, h\u0259r beyn\u0259lxalq m\u0259s\u0259l\u0259d\u0259 bir-birimizi d\u0259st\u0259kl\u0259yirik. \u0130r\u0259li s\u00fcrd\u00fcy\u00fcm\u00fcz t\u0259\u015f\u0259bb\u00fcsd\u0259 qarda\u015flar\u0131m\u0131z bizi d\u0259st\u0259kl\u0259yir v\u0259 eyni d\u0259st\u0259k qar\u015f\u0131l\u0131ql\u0131 olur. C\u0259mmu v\u0259 K\u0259\u015fmir m\u0259s\u0259l\u0259sind\u0259 bizim birm\u0259nal\u0131 d\u0259st\u0259yimiz qarda\u015fl\u0131\u011f\u0131m\u0131za, el\u0259c\u0259 d\u0259 beyn\u0259lxalq h\u00fcquqa olan sadiqliyimizdir. K\u0259\u015fmirlil\u0259rin h\u00fcquqlar\u0131 onillikl\u0259r boyu diqq\u0259td\u0259n k\u0259narda qalm\u0131\u015f, pozulmu\u015fdur. BMT T\u0259hl\u00fck\u0259sizlik \u015euras\u0131n\u0131n q\u0259tnam\u0259l\u0259ri m\u0259s\u0259l\u0259nin nec\u0259 h\u0259ll olunmas\u0131n\u0131 ayd\u0131n \u015f\u0259kild\u0259 t\u0259svir edir. Lakin, \u0259fsuslar olsun ki, BMT T\u0259hl\u00fck\u0259sizlik \u015euras\u0131n\u0131n q\u0259tnam\u0259l\u0259rinin icra mexanizml\u0259ri yoxdur. Ancaq qarda\u015f v\u0259 dost kimi Sizinl\u0259, K\u0259\u015fmird\u0259ki qarda\u015flar\u0131m\u0131zla h\u0259r zaman yan-yana olaca\u011f\u0131q, beyn\u0259lxalq h\u00fcququn v\u0259 \u0259dal\u0259tin t\u0259r\u0259find\u0259 dayanaca\u011f\u0131q. \u018fdal\u0259t z\u0259f\u0259r \u00e7alacaq. D\u00f6vl\u0259timizin ba\u015f\u00e7\u0131s\u0131 Pakistan\u0131n 44 g\u00fcnl\u00fck \u0130kinci Qaraba\u011f m\u00fcharib\u0259si zaman\u0131 Az\u0259rbaycana siyasi v\u0259 m\u0259n\u0259vi d\u0259st\u0259yini x\u00fcsusi vur\u011fulad\u0131. \u201cBiz, b\u00fct\u00fcn Az\u0259rbaycan xalq\u0131 yax\u015f\u0131 bilir ki, i\u015f\u011fal d\u00f6vr\u00fcnd\u0259 Pakistan h\u0259r zaman yan\u0131m\u0131zda olan bir s\u0131ra \u00f6lk\u0259l\u0259rd\u0259n biri olmu\u015fdur. \u0130kinci Qaraba\u011f m\u00fcharib\u0259si \u2013 V\u0259t\u0259n m\u00fcharib\u0259si zaman\u0131 siyasi d\u0259st\u0259k v\u0259 Az\u0259rbaycan\u0131n haql\u0131 m\u00f6vqeyini d\u0259st\u0259kl\u0259y\u0259n Pakistan\u0131n y\u00fcks\u0259kr\u00fctb\u0259li r\u0259smil\u0259rinin birm\u0259nal\u0131 b\u0259yanatlar\u0131 biz\u0259 \u0259lav\u0259 g\u00fcc-q\u00fcvv\u0259t verdi. Pakistan m\u0259hz i\u015f\u011fala g\u00f6r\u0259 Erm\u0259nistanla diplomatik m\u00fcnasib\u0259tl\u0259ri qurmayan \u00f6lk\u0259dir\u201d s\u00f6yl\u0259y\u0259n c\u0259nab \u0130lham \u018fliyev qeyd etdi ki, 2020-ci ilin noyabr\u0131nda Q\u0259l\u0259b\u0259mizi qeyd etdiyimiz zaman xalq\u0131m\u0131z\u0131n \u0259ll\u0259rind\u0259 Az\u0259rbaycan, Pakistan v\u0259 T\u00fcrkiy\u0259nin bayraqlar\u0131 var idi. Bu, m\u00fcnasib\u0259tl\u0259rimizi unikal edir. Bu g\u00fcn praktiki layih\u0259l\u0259rl\u0259 ba\u011fl\u0131 bu m\u00fcnasib\u0259tl\u0259ri hiss etm\u0259k \u00fc\u00e7\u00fcn m\u00fczakir\u0259 etdikl\u0259rimiz bu b\u00fcn\u00f6vr\u0259y\u0259 \u0259saslan\u0131r.<\/p>\n<p>Reall\u0131q budur ki, Az\u0259rbaycan-Pakistan m\u00fcnasib\u0259tl\u0259ri h\u0259r iki \u00f6lk\u0259nin d\u00f6vl\u0259t ba\u015f\u00e7\u0131lar\u0131n\u0131n s\u0259yl\u0259ri n\u0259tic\u0259sind\u0259 \u00f6z\u00fcn\u00fcn \u0259n y\u00fcks\u0259k inki\u015faf m\u0259rh\u0259l\u0259sini ya\u015fay\u0131r. Son zamanlar iki \u00f6lk\u0259 aras\u0131ndak\u0131 h\u0259rbi-siyasi v\u0259 iqtisadi \u0259laq\u0259l\u0259ri intensivl\u0259\u015fdirm\u0259k v\u0259 m\u00f6vcud potensialdan daha s\u0259m\u0259r\u0259li istifad\u0259 etm\u0259k \u00fc\u00e7\u00fcn s\u0259yl\u0259r daha da art\u0131r\u0131l\u0131r.  Az\u0259rbaycan\u0131n tarixi Z\u0259f\u0259ri v\u0259 regionda yaranan yeni reall\u0131qlar, \u0259m\u0259kda\u015fl\u0131q imkanlar\u0131 \u00f6lk\u0259l\u0259rimiz aras\u0131nda \u0259laq\u0259l\u0259rin d\u0259rinl\u0259\u015fm\u0259si istiqam\u0259tind\u0259 yeni perspektivl\u0259r a\u00e7\u0131r. D\u00f6vl\u0259t ba\u015f\u00e7\u0131s\u0131 \u0130lham \u018fliyev bildirdi ki, bizim qarda\u015fl\u0131\u011f\u0131m\u0131z xalqlar\u0131m\u0131z\u0131n \u0259srl\u0259rl\u0259 bundan \u0259vv\u0259l\u0259 t\u0259sad\u00fcf ed\u0259n, bir-birin\u0259 olan d\u0259rin hissl\u0259rin\u0259 \u0259saslan\u0131r. Az\u0259rbaycana g\u0259l\u0259n pakistanl\u0131lar\u0131n say\u0131 son ill\u0259r \u0259rzind\u0259 daha da art\u0131b v\u0259 biz Bak\u0131-\u0130slamabad, Bak\u0131-K\u0259ra\u00e7i, Bak\u0131-Lahor aras\u0131nda birba\u015fa u\u00e7u\u015flar\u0131 art\u0131q m\u00fczakir\u0259 etdik. Bir s\u00f6zl\u0259, Pakistandan g\u0259l\u0259n insanlar \u0130\u00e7\u0259ri\u015f\u0259h\u0259ri ziyar\u0259t ed\u0259nd\u0259 v\u0259 Karvansaran\u0131 g\u00f6r\u0259nd\u0259 onu \u201cMultan\u201d adland\u0131r\u0131rlar. Onlar bizim \u0259srl\u0259r boyu bir-birimiz\u0259 nec\u0259 ba\u011fl\u0131 oldu\u011fumuzu anlay\u0131rlar. Bu ba\u011flant\u0131 b\u00f6y\u00fck s\u0259rv\u0259tdir.<\/p>\n","protected":false},"excerpt":{"rendered":"<p>F\u0259q\u0259t \u015eadlinskaya YAP B\u0259rd\u0259 rayon t\u0259\u015fkilat\u0131n\u0131n s\u0259dri Prezident \u0130lham \u018fliyevin bu g\u00fcnl\u0259rd\u0259 Pakistana d\u00f6vl\u0259t s\u0259f\u0259ri ikit\u0259r\u0259fli m\u00fcnasib\u0259tl\u0259rimizin inki\u015faf\u0131nda yeni s\u0259hif\u0259nin a\u00e7\u0131lmas\u0131d\u0131r. \u201cSizin g\u00f6z\u0259l \u00f6lk\u0259nizd\u0259 yenid\u0259n s\u0259f\u0259rd\u0259 olmaq b\u00f6y\u00fck \u015f\u0259r\u0259fdir. Biz g\u00f6r\u00fc\u015f\u0259nd\u0259 \u0259ziz qarda\u015f\u0131mdan xahi\u015f etdiyim ilk m\u0259s\u0259l\u0259l\u0259rd\u0259n biri salamlar\u0131m\u0131 v\u0259 h\u00f6rm\u0259timi m\u0259nim \u00e7ox h\u00f6rm\u0259t etdiyim v\u0259 7 il \u0259vv\u0259l burada &#8211; bu binada g\u00f6r\u00fc\u015fd\u00fcy\u00fcm qarda\u015f\u0131m, Ba\u015f nazir N\u0259vaz \u015e\u0259rif\u0259 \u00e7atd\u0131rmaq oldu. \u0130ndi is\u0259 m\u0259n b\u00f6y\u00fck qarda\u015f\u0131m\u0131za h\u00f6rm\u0259timi kameralar qar\u015f\u0131s\u0131nda ifad\u0259 etm\u0259k ist\u0259yir\u0259m. M\u0259nim Pakistana 7 ild\u0259n sonra qarda\u015f\u0131m\u0131n qarda\u015f\u0131 Ba\u015f nazir oldu\u011fu zaman s\u0259f\u0259r etm\u0259yim r\u0259mzi m\u0259na k\u0259sb edir.\u201d fikirl\u0259ri&hellip;<\/p>\n","protected":false},"author":2,"featured_media":603924,"comment_status":"closed","ping_status":"closed","sticky":false,"template":"","format":"standard","meta":{"om_disable_all_campaigns":false,"_monsterinsights_skip_tracking":false,"_monsterinsights_sitenote_active":false,"_monsterinsights_sitenote_note":"","_monsterinsights_sitenote_category":0},"categories":[2],"tags":[],"aioseo_notices":[],"gutentor_comment":0,"rttpg_featured_image_url":{"full":["https:\/\/arantv.az\/wp-content\/uploads\/2023\/06\/thumb.jpg",360,238,false],"landscape":["https:\/\/arantv.az\/wp-content\/uploads\/2023\/06\/thumb.jpg",360,238,false],"portraits":["https:\/\/arantv.az\/wp-content\/uploads\/2023\/06\/thumb.jpg",360,238,false],"thumbnail":["https:\/\/arantv.az\/wp-content\/uploads\/2023\/06\/thumb.jpg",360,238,false],"medium":["https:\/\/arantv.az\/wp-content\/uploads\/2023\/06\/thumb.jpg",360,238,false],"large":["https:\/\/arantv.az\/wp-content\/uploads\/2023\/06\/thumb.jpg",360,238,false],"1536x1536":["https:\/\/arantv.az\/wp-content\/uploads\/2023\/06\/thumb.jpg",360,238,false],"2048x2048":["https:\/\/arantv.az\/wp-content\/uploads\/2023\/06\/thumb.jpg",360,238,false],"post-thumbnail":["https:\/\/arantv.az\/wp-content\/uploads\/2023\/06\/thumb-240x172.jpg",240,172,true],"advps-thumb-one":["https:\/\/arantv.az\/wp-content\/uploads\/2023\/06\/thumb.jpg",360,238,false]},"rttpg_author":{"display_name":"V\u00fcsal Rafiqo\u011flu","author_link":"https:\/\/arantv.az\/?author=2"},"rttpg_comment":0,"rttpg_category":"<a href=\"https:\/\/arantv.az\/?cat=2\" rel=\"category\">Region X\u0259b\u0259rl\u0259ri<\/a>","rttpg_excerpt":"F\u0259q\u0259t \u015eadlinskaya YAP B\u0259rd\u0259 rayon t\u0259\u015fkilat\u0131n\u0131n s\u0259dri Prezident \u0130lham \u018fliyevin bu g\u00fcnl\u0259rd\u0259 Pakistana d\u00f6vl\u0259t s\u0259f\u0259ri ikit\u0259r\u0259fli m\u00fcnasib\u0259tl\u0259rimizin inki\u015faf\u0131nda yeni s\u0259hif\u0259nin a\u00e7\u0131lmas\u0131d\u0131r. \u201cSizin g\u00f6z\u0259l \u00f6lk\u0259nizd\u0259 yenid\u0259n s\u0259f\u0259rd\u0259 olmaq b\u00f6y\u00fck \u015f\u0259r\u0259fdir. Biz g\u00f6r\u00fc\u015f\u0259nd\u0259 \u0259ziz qarda\u015f\u0131mdan xahi\u015f etdiyim ilk m\u0259s\u0259l\u0259l\u0259rd\u0259n biri salamlar\u0131m\u0131 v\u0259 h\u00f6rm\u0259timi m\u0259nim \u00e7ox h\u00f6rm\u0259t etdiyim v\u0259 7 il \u0259vv\u0259l burada &#8211; bu binada g\u00f6r\u00fc\u015fd\u00fcy\u00fcm qarda\u015f\u0131m,&hellip;","_links":{"self":[{"href":"https:\/\/arantv.az\/index.php?rest_route=\/wp\/v2\/posts\/737792"}],"collection":[{"href":"https:\/\/arantv.az\/index.php?rest_route=\/wp\/v2\/posts"}],"about":[{"href":"https:\/\/arantv.az\/index.php?rest_route=\/wp\/v2\/types\/post"}],"author":[{"embeddable":true,"href":"https:\/\/arantv.az\/index.php?rest_route=\/wp\/v2\/users\/2"}],"replies":[{"embeddable":true,"href":"https:\/\/arantv.az\/index.php?rest_route=%2Fwp%2Fv2%2Fcomments&post=737792"}],"version-history":[{"count":0,"href":"https:\/\/arantv.az\/index.php?rest_route=\/wp\/v2\/posts\/737792\/revisions"}],"wp:featuredmedia":[{"embeddable":true,"href":"https:\/\/arantv.az\/index.php?rest_route=\/wp\/v2\/media\/603924"}],"wp:attachment":[{"href":"https:\/\/arantv.az\/index.php?rest_route=%2Fwp%2Fv2%2Fmedia&parent=737792"}],"wp:term":[{"taxonomy":"category","embeddable":true,"href":"https:\/\/arantv.az\/index.php?rest_route=%2Fwp%2Fv2%2Fcategories&post=737792"},{"taxonomy":"post_tag","embeddable":true,"href":"https:\/\/arantv.az\/index.php?rest_route=%2Fwp%2Fv2%2Ftags&post=737792"}],"curies":[{"name":"wp","href":"https:\/\/api.w.org\/{rel}","templated":true}]}}