{"id":737810,"date":"2024-07-16T18:26:49","date_gmt":"2024-07-16T14:26:49","guid":{"rendered":"https:\/\/arantv.az\/?p=737810"},"modified":"2024-07-16T18:26:49","modified_gmt":"2024-07-16T14:26:49","slug":"oguzun-yeni-icra-bascisi-kimdir-dosye","status":"publish","type":"post","link":"https:\/\/arantv.az\/?p=737810","title":{"rendered":"O\u011fuzun yeni icra ba\u015f\u00e7\u0131s\u0131 kimdir? &#8211; DOSYE"},"content":{"rendered":"<p>Prezident \u0130lham \u018fliyev O\u011fuz rayonuna yeni icra ba\u015f\u00e7\u0131s\u0131 t\u0259yin edib.<\/p>\n<p>\u00d6lk\u0259 ba\u015f\u00e7\u0131s\u0131n\u0131n s\u0259r\u0259ncam\u0131 il\u0259 O\u011fuz rayon \u0130cra Hakimiyy\u0259tinin ba\u015f\u00e7\u0131s\u0131 v\u0259zif\u0259sin\u0259 Cavid Teyrun o\u011flu \u018fbdul-Q\u0259dirov g\u0259tirilib.<\/p>\n<p>Qeyd ed\u0259k ki, Cavid \u018fbdul-Q\u0259dirov bu t\u0259yinatad\u0259k \u018fm\u0259k v\u0259 \u018fhalinin Sosial M\u00fcdafi\u0259si Nazirliyinin Aparat\u0131n\u0131n r\u0259hb\u0259rinin m\u00fcavini v\u0259zif\u0259sind\u0259 \u00e7al\u0131\u015f\u0131b. <\/p>\n<p>ARANTV.AZ Modern.az-a istinad\u0259n yeni icra ba\u015f\u00e7\u0131s\u0131n\u0131n q\u0131sa t\u0259rc\u00fcmeyi-hal\u0131n\u0131 t\u0259qdim edir:<\/p>\n<p>Cavid Teyrun o\u011flu \u018fbdul-Q\u0259dirov 1984-c\u00fc ild\u0259 Bak\u0131 \u015f\u0259h\u0259rind\u0259 anadan olub.<\/p>\n<p>2004-ci ild\u0259 Az\u0259rbaycan D\u00f6vl\u0259t \u0130qtisad Universitetinin Maliyy\u0259-kredit fak\u00fclt\u0259sinin bakalavr pill\u0259sini f\u0259rql\u0259nm\u0259 diplomu il\u0259 bitirib.<\/p>\n<p>2007-ci ild\u0259 Az\u0259rbaycan D\u00f6vl\u0259t \u0130qtisad Universitetinin Maliyy\u0259-kredit fak\u00fclt\u0259sinin magistr pill\u0259sini f\u0259rql\u0259nm\u0259 diplomu il\u0259 bitirib.<\/p>\n<p>2008-2013-c\u00fc ill\u0259rd\u0259 S\u0259hiyy\u0259 Nazirliyi-H\u0130V\/A\u0130DS, v\u0259r\u0259m v\u0259 malyariya il\u0259 m\u00fcbariz\u0259 \u00fczr\u0259 Proqram\u0131n layih\u0259 \u018flaq\u0259l\u0259ndirm\u0259 B\u00fcrosunda maliyy\u0259 m\u00fct\u0259x\u0259ssisi, direktor, 2013-2018-ci ill\u0259rd\u0259 is\u0259 \u201cRMDM\u201d ASC-ba\u015f direktorun m\u00fcavini, ba\u015f direktor v\u0259zif\u0259l\u0259rind\u0259 i\u015fl\u0259yib.<\/p>\n<p>2018-ci ild\u0259 Az\u0259rbaycan Respublika\u0131n\u0131n \u0259m\u0259k v\u0259 \u0259halinin sosial m\u00fcdafi\u0259si nazirinin m\u00fc\u015faviri, 2018-2020-ci ill\u0259rd\u0259 Nazirlik yan\u0131nda D\u00f6vl\u0259t Tibbi-Sosial Ekspertiza v\u0259 Reabilitasiya Xidm\u0259tinin r\u0259isi, 2020-2021-ci ill\u0259rd\u0259 Nazirliyin tabeliyind\u0259 D\u00f6vl\u0259t Tibbi-Sosial Ekspertiza v\u0259 Reabilitasiya Agentliyinin \u0130dar\u0259 Hey\u0259tinin s\u0259dri v\u0259zif\u0259l\u0259rind\u0259 \u00e7al\u0131\u015f\u0131b.<\/p>\n<p>2021-ci ild\u0259n etibar\u0259n Az\u0259rbaycan Respublikas\u0131n\u0131n \u018fm\u0259k v\u0259 \u018fhalinin Sosial M\u00fcdafi\u0259si Nazirliyinin Aparat\u0131n\u0131n r\u0259hb\u0259rinin m\u00fcavini v\u0259zif\u0259sind\u0259 \u00e7al\u0131\u015f\u0131b.  <\/p>\n<p>\u0130ngilis, rus dill\u0259rini bilir.<\/p>\n<p>Ail\u0259lidir, iki \u00f6vlad\u0131 var.<\/p>\n","protected":false},"excerpt":{"rendered":"<p>Prezident \u0130lham \u018fliyev O\u011fuz rayonuna yeni icra ba\u015f\u00e7\u0131s\u0131 t\u0259yin edib. \u00d6lk\u0259 ba\u015f\u00e7\u0131s\u0131n\u0131n s\u0259r\u0259ncam\u0131 il\u0259 O\u011fuz rayon \u0130cra Hakimiyy\u0259tinin ba\u015f\u00e7\u0131s\u0131 v\u0259zif\u0259sin\u0259 Cavid Teyrun o\u011flu \u018fbdul-Q\u0259dirov g\u0259tirilib. Qeyd ed\u0259k ki, Cavid \u018fbdul-Q\u0259dirov bu t\u0259yinatad\u0259k \u018fm\u0259k v\u0259 \u018fhalinin Sosial M\u00fcdafi\u0259si Nazirliyinin Aparat\u0131n\u0131n r\u0259hb\u0259rinin m\u00fcavini v\u0259zif\u0259sind\u0259 \u00e7al\u0131\u015f\u0131b. ARANTV.AZ Modern.az-a istinad\u0259n yeni icra ba\u015f\u00e7\u0131s\u0131n\u0131n q\u0131sa t\u0259rc\u00fcmeyi-hal\u0131n\u0131 t\u0259qdim edir: Cavid Teyrun o\u011flu \u018fbdul-Q\u0259dirov 1984-c\u00fc ild\u0259 Bak\u0131 \u015f\u0259h\u0259rind\u0259 anadan olub. 2004-ci ild\u0259 Az\u0259rbaycan D\u00f6vl\u0259t \u0130qtisad Universitetinin Maliyy\u0259-kredit fak\u00fclt\u0259sinin bakalavr pill\u0259sini f\u0259rql\u0259nm\u0259 diplomu il\u0259 bitirib. 2007-ci ild\u0259 Az\u0259rbaycan D\u00f6vl\u0259t \u0130qtisad Universitetinin Maliyy\u0259-kredit fak\u00fclt\u0259sinin magistr pill\u0259sini f\u0259rql\u0259nm\u0259 diplomu il\u0259&hellip;<\/p>\n","protected":false},"author":2,"featured_media":737811,"comment_status":"closed","ping_status":"closed","sticky":false,"template":"","format":"standard","meta":{"om_disable_all_campaigns":false,"_monsterinsights_skip_tracking":false,"_monsterinsights_sitenote_active":false,"_monsterinsights_sitenote_note":"","_monsterinsights_sitenote_category":0},"categories":[19],"tags":[],"aioseo_notices":[],"gutentor_comment":0,"rttpg_featured_image_url":{"full":["https:\/\/arantv.az\/wp-content\/uploads\/2024\/07\/ec09926cf13dfaccc3b9e58a3219d7fb.jpg",700,466,false],"landscape":["https:\/\/arantv.az\/wp-content\/uploads\/2024\/07\/ec09926cf13dfaccc3b9e58a3219d7fb.jpg",700,466,false],"portraits":["https:\/\/arantv.az\/wp-content\/uploads\/2024\/07\/ec09926cf13dfaccc3b9e58a3219d7fb.jpg",700,466,false],"thumbnail":["https:\/\/arantv.az\/wp-content\/uploads\/2024\/07\/ec09926cf13dfaccc3b9e58a3219d7fb-500x280.jpg",500,280,true],"medium":["https:\/\/arantv.az\/wp-content\/uploads\/2024\/07\/ec09926cf13dfaccc3b9e58a3219d7fb-548x365.jpg",548,365,true],"large":["https:\/\/arantv.az\/wp-content\/uploads\/2024\/07\/ec09926cf13dfaccc3b9e58a3219d7fb.jpg",640,426,false],"1536x1536":["https:\/\/arantv.az\/wp-content\/uploads\/2024\/07\/ec09926cf13dfaccc3b9e58a3219d7fb.jpg",700,466,false],"2048x2048":["https:\/\/arantv.az\/wp-content\/uploads\/2024\/07\/ec09926cf13dfaccc3b9e58a3219d7fb.jpg",700,466,false],"post-thumbnail":["https:\/\/arantv.az\/wp-content\/uploads\/2024\/07\/ec09926cf13dfaccc3b9e58a3219d7fb-240x172.jpg",240,172,true],"advps-thumb-one":["https:\/\/arantv.az\/wp-content\/uploads\/2024\/07\/ec09926cf13dfaccc3b9e58a3219d7fb.jpg",700,466,false]},"rttpg_author":{"display_name":"V\u00fcsal Rafiqo\u011flu","author_link":"https:\/\/arantv.az\/?author=2"},"rttpg_comment":0,"rttpg_category":"<a href=\"https:\/\/arantv.az\/?cat=19\" rel=\"category\">G\u00fcnd\u0259m<\/a>","rttpg_excerpt":"Prezident \u0130lham \u018fliyev O\u011fuz rayonuna yeni icra ba\u015f\u00e7\u0131s\u0131 t\u0259yin edib. \u00d6lk\u0259 ba\u015f\u00e7\u0131s\u0131n\u0131n s\u0259r\u0259ncam\u0131 il\u0259 O\u011fuz rayon \u0130cra Hakimiyy\u0259tinin ba\u015f\u00e7\u0131s\u0131 v\u0259zif\u0259sin\u0259 Cavid Teyrun o\u011flu \u018fbdul-Q\u0259dirov g\u0259tirilib. Qeyd ed\u0259k ki, Cavid \u018fbdul-Q\u0259dirov bu t\u0259yinatad\u0259k \u018fm\u0259k v\u0259 \u018fhalinin Sosial M\u00fcdafi\u0259si Nazirliyinin Aparat\u0131n\u0131n r\u0259hb\u0259rinin m\u00fcavini v\u0259zif\u0259sind\u0259 \u00e7al\u0131\u015f\u0131b. ARANTV.AZ Modern.az-a istinad\u0259n yeni icra ba\u015f\u00e7\u0131s\u0131n\u0131n q\u0131sa t\u0259rc\u00fcmeyi-hal\u0131n\u0131 t\u0259qdim edir: Cavid Teyrun&hellip;","_links":{"self":[{"href":"https:\/\/arantv.az\/index.php?rest_route=\/wp\/v2\/posts\/737810"}],"collection":[{"href":"https:\/\/arantv.az\/index.php?rest_route=\/wp\/v2\/posts"}],"about":[{"href":"https:\/\/arantv.az\/index.php?rest_route=\/wp\/v2\/types\/post"}],"author":[{"embeddable":true,"href":"https:\/\/arantv.az\/index.php?rest_route=\/wp\/v2\/users\/2"}],"replies":[{"embeddable":true,"href":"https:\/\/arantv.az\/index.php?rest_route=%2Fwp%2Fv2%2Fcomments&post=737810"}],"version-history":[{"count":0,"href":"https:\/\/arantv.az\/index.php?rest_route=\/wp\/v2\/posts\/737810\/revisions"}],"wp:featuredmedia":[{"embeddable":true,"href":"https:\/\/arantv.az\/index.php?rest_route=\/wp\/v2\/media\/737811"}],"wp:attachment":[{"href":"https:\/\/arantv.az\/index.php?rest_route=%2Fwp%2Fv2%2Fmedia&parent=737810"}],"wp:term":[{"taxonomy":"category","embeddable":true,"href":"https:\/\/arantv.az\/index.php?rest_route=%2Fwp%2Fv2%2Fcategories&post=737810"},{"taxonomy":"post_tag","embeddable":true,"href":"https:\/\/arantv.az\/index.php?rest_route=%2Fwp%2Fv2%2Ftags&post=737810"}],"curies":[{"name":"wp","href":"https:\/\/api.w.org\/{rel}","templated":true}]}}