{"id":738008,"date":"2024-07-17T11:32:29","date_gmt":"2024-07-17T07:32:29","guid":{"rendered":"https:\/\/arantv.az\/?p=738008"},"modified":"2024-07-17T11:32:29","modified_gmt":"2024-07-17T07:32:29","slug":"k%c9%99nd-t%c9%99s%c9%99rrufatinda-durgunluq-s%c9%99b%c9%99b-n%c9%99dir","status":"publish","type":"post","link":"https:\/\/arantv.az\/?p=738008","title":{"rendered":"K\u0259nd t\u0259s\u0259rr\u00fcfat\u0131nda dur\u011funluq &#8211; S\u0259b\u0259b n\u0259dir?"},"content":{"rendered":"<p>Cari ilin ilk yar\u0131s\u0131nda aqrar sektorda dur\u011funlu qeyd\u0259 al\u0131n\u0131b. K\u0259nd t\u0259s\u0259rr\u00fcfat\u0131nda art\u0131m faktiki olaraq dayan\u0131b, bitki\u00e7ilik seqmentind\u0259 1,7% ki\u00e7ilm\u0259 oldu\u011fu qeyd edilir.<\/p>\n<p>ARANTV.AZ  x\u0259b\u0259r verir ki, bunu iqtisad\u00e7\u0131 deputat R\u00f6v\u015f\u0259n A\u011fayev deyib. O bildirib ki, son 5 ild\u0259 (2019-2024-c\u00fc ill\u0259r) ox\u015far hal yaln\u0131z bir d\u0259f\u0259 &#8211; 2022-ci ilin ilk yar\u0131s\u0131nda qeyd\u0259 al\u0131n\u0131b:<\/p>\n<p>&#8220;N\u0259z\u0259r\u0259 almaq laz\u0131md\u0131r ki, aqrar sah\u0259d\u0259 dur\u011funluq v\u0259 geril\u0259m\u0259 i\u015f\u011faldan azad edilmi\u015f \u0259razil\u0259r hesab\u0131na on minl\u0259rl\u0259 hektar sah\u0259nin f\u0259al d\u00f6vriyy\u0259y\u0259 c\u0259lb edildiyi d\u00f6vrd\u0259 ba\u015f verir. \u0130qlim d\u0259yi\u015fiklikl\u0259rinin sah\u0259y\u0259 t\u0259siri a\u015fkar hiss edilir. \u0130ntensiv ya\u011f\u0131nt\u0131lar, sel v\u0259 dolu k\u00fctl\u0259vi \u015f\u0259kild\u0259 \u0259kinl\u0259ri v\u0259 m\u0259hsullar\u0131 m\u0259hv edib&#8221;.<\/p>\n<p>Ekspertin fikrinc\u0259, \u00f6lk\u0259d\u0259 s\u0259m\u0259r\u0259li v\u0259 y\u00fcks\u0259k elmi potensiala \u0259saslanan aqrar idar\u0259\u00e7ilik d\u0259 qurmaq m\u00fcmk\u00fcn olmay\u0131b:<\/p>\n<p>&#8220;Aqrar sektor Az\u0259rbaycan \u00fc\u00e7\u00fcn son d\u0259r\u0259c\u0259 h\u0259ssas sah\u0259dir &#8211; t\u0259kc\u0259 \u0259rzaq t\u0259hl\u00fck\u0259sizliyi bax\u0131m\u0131ndan yox. \u00d6lk\u0259 \u0259halisinin \u0259n az\u0131 \u00fc\u00e7d\u0259 birinin g\u0259lirl\u0259ri v\u0259 m\u0259\u015f\u011fullu\u011fu bu sah\u0259y\u0259 ba\u011fl\u0131d\u0131r&#8221;.<\/p>\n<p>&#8220;Bu ilki sel v\u0259 ya\u011f\u0131nt\u0131lar t\u0259s\u0259rr\u00fcfatlar \u00fc\u00e7\u00fcn h\u0259dd\u0259n art\u0131q b\u00f6y\u00fck z\u0259r\u0259r yarad\u0131b&#8221;, &#8211; dey\u0259 R. A\u011fayev \u0259lav\u0259 edib.<\/p>\n","protected":false},"excerpt":{"rendered":"<p>Cari ilin ilk yar\u0131s\u0131nda aqrar sektorda dur\u011funlu qeyd\u0259 al\u0131n\u0131b. K\u0259nd t\u0259s\u0259rr\u00fcfat\u0131nda art\u0131m faktiki olaraq dayan\u0131b, bitki\u00e7ilik seqmentind\u0259 1,7% ki\u00e7ilm\u0259 oldu\u011fu qeyd edilir. ARANTV.AZ x\u0259b\u0259r verir ki, bunu iqtisad\u00e7\u0131 deputat R\u00f6v\u015f\u0259n A\u011fayev deyib. O bildirib ki, son 5 ild\u0259 (2019-2024-c\u00fc ill\u0259r) ox\u015far hal yaln\u0131z bir d\u0259f\u0259 &#8211; 2022-ci ilin ilk yar\u0131s\u0131nda qeyd\u0259 al\u0131n\u0131b: &#8220;N\u0259z\u0259r\u0259 almaq laz\u0131md\u0131r ki, aqrar sah\u0259d\u0259 dur\u011funluq v\u0259 geril\u0259m\u0259 i\u015f\u011faldan azad edilmi\u015f \u0259razil\u0259r hesab\u0131na on minl\u0259rl\u0259 hektar sah\u0259nin f\u0259al d\u00f6vriyy\u0259y\u0259 c\u0259lb edildiyi d\u00f6vrd\u0259 ba\u015f verir. \u0130qlim d\u0259yi\u015fiklikl\u0259rinin sah\u0259y\u0259 t\u0259siri a\u015fkar hiss edilir. \u0130ntensiv ya\u011f\u0131nt\u0131lar, sel v\u0259 dolu k\u00fctl\u0259vi&hellip;<\/p>\n","protected":false},"author":2,"featured_media":738009,"comment_status":"closed","ping_status":"closed","sticky":false,"template":"","format":"standard","meta":{"om_disable_all_campaigns":false,"_monsterinsights_skip_tracking":false,"_monsterinsights_sitenote_active":false,"_monsterinsights_sitenote_note":"","_monsterinsights_sitenote_category":0},"categories":[19],"tags":[],"aioseo_notices":[],"gutentor_comment":0,"rttpg_featured_image_url":{"full":["https:\/\/arantv.az\/wp-content\/uploads\/2024\/07\/1721200441_16690194391507450256_1200x630.jpg",770,415,false],"landscape":["https:\/\/arantv.az\/wp-content\/uploads\/2024\/07\/1721200441_16690194391507450256_1200x630.jpg",770,415,false],"portraits":["https:\/\/arantv.az\/wp-content\/uploads\/2024\/07\/1721200441_16690194391507450256_1200x630.jpg",770,415,false],"thumbnail":["https:\/\/arantv.az\/wp-content\/uploads\/2024\/07\/1721200441_16690194391507450256_1200x630-500x280.jpg",500,280,true],"medium":["https:\/\/arantv.az\/wp-content\/uploads\/2024\/07\/1721200441_16690194391507450256_1200x630-660x356.jpg",660,356,true],"large":["https:\/\/arantv.az\/wp-content\/uploads\/2024\/07\/1721200441_16690194391507450256_1200x630.jpg",640,345,false],"1536x1536":["https:\/\/arantv.az\/wp-content\/uploads\/2024\/07\/1721200441_16690194391507450256_1200x630.jpg",770,415,false],"2048x2048":["https:\/\/arantv.az\/wp-content\/uploads\/2024\/07\/1721200441_16690194391507450256_1200x630.jpg",770,415,false],"post-thumbnail":["https:\/\/arantv.az\/wp-content\/uploads\/2024\/07\/1721200441_16690194391507450256_1200x630-240x172.jpg",240,172,true],"advps-thumb-one":["https:\/\/arantv.az\/wp-content\/uploads\/2024\/07\/1721200441_16690194391507450256_1200x630.jpg",770,415,false]},"rttpg_author":{"display_name":"V\u00fcsal Rafiqo\u011flu","author_link":"https:\/\/arantv.az\/?author=2"},"rttpg_comment":0,"rttpg_category":"<a href=\"https:\/\/arantv.az\/?cat=19\" rel=\"category\">G\u00fcnd\u0259m<\/a>","rttpg_excerpt":"Cari ilin ilk yar\u0131s\u0131nda aqrar sektorda dur\u011funlu qeyd\u0259 al\u0131n\u0131b. K\u0259nd t\u0259s\u0259rr\u00fcfat\u0131nda art\u0131m faktiki olaraq dayan\u0131b, bitki\u00e7ilik seqmentind\u0259 1,7% ki\u00e7ilm\u0259 oldu\u011fu qeyd edilir. ARANTV.AZ x\u0259b\u0259r verir ki, bunu iqtisad\u00e7\u0131 deputat R\u00f6v\u015f\u0259n A\u011fayev deyib. O bildirib ki, son 5 ild\u0259 (2019-2024-c\u00fc ill\u0259r) ox\u015far hal yaln\u0131z bir d\u0259f\u0259 &#8211; 2022-ci ilin ilk yar\u0131s\u0131nda qeyd\u0259 al\u0131n\u0131b: &#8220;N\u0259z\u0259r\u0259 almaq laz\u0131md\u0131r&hellip;","_links":{"self":[{"href":"https:\/\/arantv.az\/index.php?rest_route=\/wp\/v2\/posts\/738008"}],"collection":[{"href":"https:\/\/arantv.az\/index.php?rest_route=\/wp\/v2\/posts"}],"about":[{"href":"https:\/\/arantv.az\/index.php?rest_route=\/wp\/v2\/types\/post"}],"author":[{"embeddable":true,"href":"https:\/\/arantv.az\/index.php?rest_route=\/wp\/v2\/users\/2"}],"replies":[{"embeddable":true,"href":"https:\/\/arantv.az\/index.php?rest_route=%2Fwp%2Fv2%2Fcomments&post=738008"}],"version-history":[{"count":0,"href":"https:\/\/arantv.az\/index.php?rest_route=\/wp\/v2\/posts\/738008\/revisions"}],"wp:featuredmedia":[{"embeddable":true,"href":"https:\/\/arantv.az\/index.php?rest_route=\/wp\/v2\/media\/738009"}],"wp:attachment":[{"href":"https:\/\/arantv.az\/index.php?rest_route=%2Fwp%2Fv2%2Fmedia&parent=738008"}],"wp:term":[{"taxonomy":"category","embeddable":true,"href":"https:\/\/arantv.az\/index.php?rest_route=%2Fwp%2Fv2%2Fcategories&post=738008"},{"taxonomy":"post_tag","embeddable":true,"href":"https:\/\/arantv.az\/index.php?rest_route=%2Fwp%2Fv2%2Ftags&post=738008"}],"curies":[{"name":"wp","href":"https:\/\/api.w.org\/{rel}","templated":true}]}}