{"id":738017,"date":"2024-07-17T11:36:06","date_gmt":"2024-07-17T07:36:06","guid":{"rendered":"https:\/\/arantv.az\/?p=738017"},"modified":"2024-07-17T11:36:06","modified_gmt":"2024-07-17T07:36:06","slug":"prezident-t%c9%99sdiql%c9%99di-s%c9%99hid-ail%c9%99l%c9%99ri-ucun-daha-bir-guz%c9%99st","status":"publish","type":"post","link":"https:\/\/arantv.az\/?p=738017","title":{"rendered":"Prezident t\u0259sdiql\u0259di: \u015e\u0259hid ail\u0259l\u0259ri \u00fc\u00e7\u00fcn daha bir g\u00fcz\u0259\u015ft"},"content":{"rendered":"<p>Az\u0259rbaycan Prezidenti \u201c\u015e\u0259hid ad\u0131n\u0131n \u0259b\u0259dil\u0259\u015fdirilm\u0259si v\u0259 \u015f\u0259hid ail\u0259l\u0259rin\u0259 edil\u0259n g\u00fcz\u0259\u015ftl\u0259r haqq\u0131nda\u201d Qanuna d\u0259yi\u015fiklikl\u0259ri t\u0259sdiq edib. Yeni d\u0259yi\u015fiklikl\u0259rl\u0259 \u015f\u0259hid ail\u0259l\u0259ri \u00fc\u00e7\u00fcn daha bir g\u00fcz\u0259\u015ft q\u00fcvv\u0259y\u0259 minib.<\/p>\n<p>Yenisabah.az x\u0259b\u0259r verir ki, bunu iqtisad\u00e7\u0131 V\u00fcqar Bayramov qeyd edib.<\/p>\n<p>O, d\u0259yi\u015fikliy\u0259 \u0259sas\u0259n, \u015f\u0259hidin m\u0259nzil h\u00fcququna malik ail\u0259 \u00fczv\u00fc d\u00fcnyas\u0131n\u0131 d\u0259yi\u015f\u0259rs\u0259, \u015f\u0259hid ail\u0259si statusu olmayan ail\u0259 \u00fczvl\u0259rinin d\u0259 m\u0259nzil n\u00f6vb\u0259sin\u0259 yaz\u0131la bil\u0259c\u0259yini vur\u011fulay\u0131b:<\/p>\n<p>\u201c\u018fvv\u0259lki qaydalara g\u00f6r\u0259, \u015f\u0259hidin h\u0259yat yolda\u015f\u0131 d\u00fcnyas\u0131n\u0131 d\u0259yi\u015fdiyi halda \u00f6vladlar\u0131 status ya\u015f\u0131ndan ke\u00e7irdis\u0259, m\u0259nzil n\u00f6vb\u0259sin\u0259 iddial\u0131 ola bilmirdil\u0259r. Yeni d\u0259yi\u015fiklikl\u0259r imkan ver\u0259c\u0259k ki, \u015f\u0259hidin statusu olmayan ail\u0259 \u00fczvl\u0259ri d\u0259 m\u0259nzil il\u0259 t\u0259minat h\u00fcququndan istifad\u0259 etsinl\u0259r. Son d\u0259yi\u015fiklik \u015f\u0259hid ail\u0259l\u0259rinin sosial m\u00fcdafi\u0259sinin daha da g\u00fccl\u0259ndirilm\u0259si v\u0259 m\u0259nzil t\u0259minatlar\u0131n\u0131n yax\u015f\u0131la\u015fd\u0131r\u0131lmas\u0131 bax\u0131m\u0131ndan vacib s\u0259n\u0259d, sosial t\u0259minat aspektind\u0259n \u0259h\u0259miyy\u0259tli add\u0131md\u0131r\u201d.<\/p>\n<p>Qeyd ed\u0259k ki, Az\u0259rbaycanda 15 mind\u0259n \u00e7ox \u015f\u0259hid ail\u0259si \u00fczv\u00fc v\u0259 Qaraba\u011f qazisi indiy\u0259d\u0259k m\u0259nzill\u0259 t\u0259min olunub. Bu kateqoriyadan olan b\u00fct\u00fcn v\u0259t\u0259nda\u015flar\u0131m\u0131z\u0131n 2025-ci ilin sonunad\u0259k m\u0259nzill\u0259 t\u0259min olunaca\u011f\u0131 g\u00f6zl\u0259nilir.<\/p>\n","protected":false},"excerpt":{"rendered":"<p>Az\u0259rbaycan Prezidenti \u201c\u015e\u0259hid ad\u0131n\u0131n \u0259b\u0259dil\u0259\u015fdirilm\u0259si v\u0259 \u015f\u0259hid ail\u0259l\u0259rin\u0259 edil\u0259n g\u00fcz\u0259\u015ftl\u0259r haqq\u0131nda\u201d Qanuna d\u0259yi\u015fiklikl\u0259ri t\u0259sdiq edib. Yeni d\u0259yi\u015fiklikl\u0259rl\u0259 \u015f\u0259hid ail\u0259l\u0259ri \u00fc\u00e7\u00fcn daha bir g\u00fcz\u0259\u015ft q\u00fcvv\u0259y\u0259 minib. Yenisabah.az x\u0259b\u0259r verir ki, bunu iqtisad\u00e7\u0131 V\u00fcqar Bayramov qeyd edib. O, d\u0259yi\u015fikliy\u0259 \u0259sas\u0259n, \u015f\u0259hidin m\u0259nzil h\u00fcququna malik ail\u0259 \u00fczv\u00fc d\u00fcnyas\u0131n\u0131 d\u0259yi\u015f\u0259rs\u0259, \u015f\u0259hid ail\u0259si statusu olmayan ail\u0259 \u00fczvl\u0259rinin d\u0259 m\u0259nzil n\u00f6vb\u0259sin\u0259 yaz\u0131la bil\u0259c\u0259yini vur\u011fulay\u0131b: \u201c\u018fvv\u0259lki qaydalara g\u00f6r\u0259, \u015f\u0259hidin h\u0259yat yolda\u015f\u0131 d\u00fcnyas\u0131n\u0131 d\u0259yi\u015fdiyi halda \u00f6vladlar\u0131 status ya\u015f\u0131ndan ke\u00e7irdis\u0259, m\u0259nzil n\u00f6vb\u0259sin\u0259 iddial\u0131 ola bilmirdil\u0259r. Yeni d\u0259yi\u015fiklikl\u0259r imkan ver\u0259c\u0259k ki, \u015f\u0259hidin statusu olmayan ail\u0259 \u00fczvl\u0259ri d\u0259 m\u0259nzil il\u0259 t\u0259minat&hellip;<\/p>\n","protected":false},"author":2,"featured_media":738018,"comment_status":"closed","ping_status":"closed","sticky":false,"template":"","format":"standard","meta":{"om_disable_all_campaigns":false,"_monsterinsights_skip_tracking":false,"_monsterinsights_sitenote_active":false,"_monsterinsights_sitenote_note":"","_monsterinsights_sitenote_category":0},"categories":[4],"tags":[],"aioseo_notices":[],"gutentor_comment":0,"rttpg_featured_image_url":{"full":["https:\/\/arantv.az\/wp-content\/uploads\/2024\/07\/29ac3b82ba510164029a63eb3a20325f.jpg",750,422,false],"landscape":["https:\/\/arantv.az\/wp-content\/uploads\/2024\/07\/29ac3b82ba510164029a63eb3a20325f.jpg",750,422,false],"portraits":["https:\/\/arantv.az\/wp-content\/uploads\/2024\/07\/29ac3b82ba510164029a63eb3a20325f.jpg",750,422,false],"thumbnail":["https:\/\/arantv.az\/wp-content\/uploads\/2024\/07\/29ac3b82ba510164029a63eb3a20325f-500x280.jpg",500,280,true],"medium":["https:\/\/arantv.az\/wp-content\/uploads\/2024\/07\/29ac3b82ba510164029a63eb3a20325f-649x365.jpg",649,365,true],"large":["https:\/\/arantv.az\/wp-content\/uploads\/2024\/07\/29ac3b82ba510164029a63eb3a20325f.jpg",640,360,false],"1536x1536":["https:\/\/arantv.az\/wp-content\/uploads\/2024\/07\/29ac3b82ba510164029a63eb3a20325f.jpg",750,422,false],"2048x2048":["https:\/\/arantv.az\/wp-content\/uploads\/2024\/07\/29ac3b82ba510164029a63eb3a20325f.jpg",750,422,false],"post-thumbnail":["https:\/\/arantv.az\/wp-content\/uploads\/2024\/07\/29ac3b82ba510164029a63eb3a20325f-240x172.jpg",240,172,true],"advps-thumb-one":["https:\/\/arantv.az\/wp-content\/uploads\/2024\/07\/29ac3b82ba510164029a63eb3a20325f.jpg",750,422,false]},"rttpg_author":{"display_name":"V\u00fcsal Rafiqo\u011flu","author_link":"https:\/\/arantv.az\/?author=2"},"rttpg_comment":0,"rttpg_category":"<a href=\"https:\/\/arantv.az\/?cat=4\" rel=\"category\">Siyas\u0259t<\/a>","rttpg_excerpt":"Az\u0259rbaycan Prezidenti \u201c\u015e\u0259hid ad\u0131n\u0131n \u0259b\u0259dil\u0259\u015fdirilm\u0259si v\u0259 \u015f\u0259hid ail\u0259l\u0259rin\u0259 edil\u0259n g\u00fcz\u0259\u015ftl\u0259r haqq\u0131nda\u201d Qanuna d\u0259yi\u015fiklikl\u0259ri t\u0259sdiq edib. Yeni d\u0259yi\u015fiklikl\u0259rl\u0259 \u015f\u0259hid ail\u0259l\u0259ri \u00fc\u00e7\u00fcn daha bir g\u00fcz\u0259\u015ft q\u00fcvv\u0259y\u0259 minib. Yenisabah.az x\u0259b\u0259r verir ki, bunu iqtisad\u00e7\u0131 V\u00fcqar Bayramov qeyd edib. O, d\u0259yi\u015fikliy\u0259 \u0259sas\u0259n, \u015f\u0259hidin m\u0259nzil h\u00fcququna malik ail\u0259 \u00fczv\u00fc d\u00fcnyas\u0131n\u0131 d\u0259yi\u015f\u0259rs\u0259, \u015f\u0259hid ail\u0259si statusu olmayan ail\u0259 \u00fczvl\u0259rinin d\u0259 m\u0259nzil n\u00f6vb\u0259sin\u0259&hellip;","_links":{"self":[{"href":"https:\/\/arantv.az\/index.php?rest_route=\/wp\/v2\/posts\/738017"}],"collection":[{"href":"https:\/\/arantv.az\/index.php?rest_route=\/wp\/v2\/posts"}],"about":[{"href":"https:\/\/arantv.az\/index.php?rest_route=\/wp\/v2\/types\/post"}],"author":[{"embeddable":true,"href":"https:\/\/arantv.az\/index.php?rest_route=\/wp\/v2\/users\/2"}],"replies":[{"embeddable":true,"href":"https:\/\/arantv.az\/index.php?rest_route=%2Fwp%2Fv2%2Fcomments&post=738017"}],"version-history":[{"count":0,"href":"https:\/\/arantv.az\/index.php?rest_route=\/wp\/v2\/posts\/738017\/revisions"}],"wp:featuredmedia":[{"embeddable":true,"href":"https:\/\/arantv.az\/index.php?rest_route=\/wp\/v2\/media\/738018"}],"wp:attachment":[{"href":"https:\/\/arantv.az\/index.php?rest_route=%2Fwp%2Fv2%2Fmedia&parent=738017"}],"wp:term":[{"taxonomy":"category","embeddable":true,"href":"https:\/\/arantv.az\/index.php?rest_route=%2Fwp%2Fv2%2Fcategories&post=738017"},{"taxonomy":"post_tag","embeddable":true,"href":"https:\/\/arantv.az\/index.php?rest_route=%2Fwp%2Fv2%2Ftags&post=738017"}],"curies":[{"name":"wp","href":"https:\/\/api.w.org\/{rel}","templated":true}]}}