{"id":738020,"date":"2024-07-17T11:42:44","date_gmt":"2024-07-17T07:42:44","guid":{"rendered":"https:\/\/arantv.az\/?p=738020"},"modified":"2024-07-17T11:42:44","modified_gmt":"2024-07-17T07:42:44","slug":"munasib%c9%99tl%c9%99rimizin-%c9%99sasi-xalqlarimizin-%c9%99srl%c9%99rl%c9%99r-%c9%99vv%c9%99l%c9%99-t%c9%99saduf-ed%c9%99n-qardasligina-%c9%99saslanir","status":"publish","type":"post","link":"https:\/\/arantv.az\/?p=738020","title":{"rendered":"M\u00fcnasib\u0259tl\u0259rimizin \u0259sas\u0131 xalqlar\u0131m\u0131z\u0131n \u0259srl\u0259rl\u0259r \u0259vv\u0259l\u0259 t\u0259sad\u00fcf ed\u0259n qarda\u015fl\u0131\u011f\u0131na \u0259saslan\u0131r"},"content":{"rendered":"<p>Az\u0259rbaycan Respublikas\u0131n\u0131n Prezidenti \u0130lham \u018fliyev iyulun 11-d\u0259 Pakistan \u0130slam Respublikas\u0131nda d\u0259v\u0259t s\u0259f\u0259rind\u0259 olmu\u015fdur. S\u0259f\u0259r m\u00fcdd\u0259tind\u0259 iki d\u00f6vl\u0259t aras\u0131nda bir s\u0131ra  m\u00fch\u00fcm s\u0259n\u0259dl\u0259r imzalanm\u0131\u015fd\u0131r. \u0130slamabadda d\u00f6vl\u0259t s\u0259f\u0259ri zaman\u0131 Az\u0259rbaycan Respublikas\u0131 Prezidenti \u0130lham \u018fliyev m\u0259tbuata b\u0259yanatla \u00e7\u0131x\u0131\u015f etmi\u015fdir. Prezident \u0130lham \u018fliyev b\u0259yanat\u0131nda bildirdi ki, Pakistan, \u00f6lk\u0259mizin s\u0131x dostluq v\u0259 qarda\u015fl\u0131q \u0259laq\u0259l\u0259ri qurdu\u011fu, qar\u015f\u0131l\u0131ql\u0131 m\u00fcnasib\u0259tl\u0259ri strateji t\u0259r\u0259fda\u015fl\u0131q s\u0259viyy\u0259sin\u0259 y\u00fcks\u0259lmi\u015f \u00f6lk\u0259l\u0259rd\u0259n biridir. H\u0259r iki \u00f6lk\u0259 h\u0259m ikit\u0259r\u0259fli, h\u0259m d\u0259 \u00e7oxt\u0259r\u0259fli platformalarda bir-birin\u0259 daim d\u0259st\u0259k g\u00f6st\u0259rir v\u0259 \u0259laq\u0259l\u0259rimiz b\u00fct\u00fcn sah\u0259l\u0259rd\u0259 s\u00fcr\u0259tl\u0259 inki\u015faf edir. Pakistan Az\u0259rbaycan Respublikas\u0131n\u0131n m\u00fcst\u0259qilliyini ilk tan\u0131yan d\u00f6vl\u0259tl\u0259rd\u0259n biri olmu\u015fdur. \u0130ki \u00f6lk\u0259 aras\u0131nda diplomatik \u0259laq\u0259l\u0259r 1992-ci il iyunun 9-da qurulmu\u015fdur.<\/p>\n<p>H\u0259min d\u00f6vrd\u0259n sonra iki \u00f6lk\u0259 aras\u0131nda \u0259laq\u0259l\u0259r daim inki\u015faf etdirilib v\u0259 bu g\u00fcnk\u00fc strateji m\u00fctt\u0259fiqlik s\u0259viyy\u0259sin\u0259 y\u00fcks\u0259lmi\u015fdir. \u0130ki \u00f6lk\u0259 aras\u0131nda t\u0259maslar v\u0259 qar\u015f\u0131l\u0131ql\u0131 s\u0259f\u0259rl\u0259r Az\u0259rbaycan xalq\u0131n\u0131n \u00dcmummilli Lideri Heyd\u0259r \u018fliyevin 1994-c\u00fc ilin dekabr\u0131nda Kasablankada Pakistan\u0131n o vaxtk\u0131 Ba\u015f naziri Benazir Bhutto il\u0259 g\u00f6r\u00fc\u015f\u00fcnd\u0259n sonra ba\u015flam\u0131\u015fd\u0131r. Bu g\u00f6r\u00fc\u015fl\u0259 ikit\u0259r\u0259fli m\u00fcnasib\u0259tl\u0259r yeni inki\u015faf m\u0259rh\u0259l\u0259sin\u0259 q\u0259d\u0259m qoymu\u015fdur. Prezident \u0130lham \u018fliyev Pakistanla \u0259laq\u0259l\u0259rin inki\u015faf\u0131na x\u00fcsusi \u00f6n\u0259m verir v\u0259 \u00f6lk\u0259nin ali siyasi r\u0259hb\u0259rliyi il\u0259 qar\u015f\u0131l\u0131ql\u0131 inam v\u0259 etimada \u0259saslanan y\u00fcks\u0259k s\u0259viyy\u0259li m\u00fcnasib\u0259tl\u0259r saxlay\u0131r.<\/p>\n<p>Prezident \u0130lham \u018fliyev \u00e7\u0131x\u0131\u015f\u0131nda bildirdi ki, Pakistan\u0131n \u0130kinci Qaraba\u011f m\u00fcharib\u0259si zaman\u0131 h\u0259mi\u015f\u0259 Az\u0259rbaycan\u0131 d\u0259st\u0259kl\u0259mi\u015fdir. 2020-ci ilin noyabr\u0131nda Q\u0259l\u0259b\u0259nin qeyd edil\u0259rk\u0259n, xalq\u0131n \u0259lind\u0259 Az\u0259rbaycan, Pakistan v\u0259 T\u00fcrkiy\u0259nin bayraqlar\u0131 var idi. Az\u0259rbaycan Respublikas\u0131n\u0131n Prezidenti \u0130lham \u018fliyev b\u0259yanatla \u00e7\u0131x\u0131\u015f\u0131nda bildirmi\u015fdir: \u201cBizim qarda\u015fl\u0131\u011f\u0131m\u0131z xalqlar\u0131m\u0131z\u0131n \u0259srl\u0259rl\u0259 bundan \u0259vv\u0259l t\u0259sad\u00fcf ed\u0259n, bir-birin\u0259 olan d\u0259rin hissl\u0259rin\u0259 \u0259saslan\u0131r. Az\u0259rbaycana g\u0259l\u0259n pakistanl\u0131lar\u0131n say\u0131 son ill\u0259r \u0259rzind\u0259 daha da art\u0131b v\u0259 biz Bak\u0131-\u0130slamabad, Bak\u0131-K\u0259ra\u00e7i, Bak\u0131-Lahor aras\u0131nda birba\u015fa u\u00e7u\u015flar\u0131 art\u0131q m\u00fczakir\u0259 etdik. Bir s\u00f6zl\u0259, Pakistandan g\u0259l\u0259n insanlar \u0130\u00e7\u0259ri\u015f\u0259h\u0259ri ziyar\u0259t ed\u0259nd\u0259 v\u0259 Karvansaran\u0131 g\u00f6r\u0259nd\u0259 onu \u201cMultan\u201d adland\u0131r\u0131rlar. Bel\u0259likl\u0259, onlar bizim \u0259srl\u0259r boyu bir-birimiz\u0259 nec\u0259 ba\u011fl\u0131 oldu\u011fumuzu anlay\u0131rlar. H\u0259qiq\u0259t\u0259n, bu ba\u011flant\u0131 b\u00f6y\u00fck s\u0259rv\u0259tdir.\u201d       <\/p>\n<p>Lal\u0259 Babayeva,<br \/>\nYAP X\u0259tai rayon t\u0259\u015fkilat\u0131n\u0131n &#8220;General \u015e\u0131xlinski 56\/2\u201d \u00fcnvan\u0131 \u0259razi partiya t\u0259\u015fkilat\u0131n\u0131n \u00fczv\u00fc<\/p>\n","protected":false},"excerpt":{"rendered":"<p>Az\u0259rbaycan Respublikas\u0131n\u0131n Prezidenti \u0130lham \u018fliyev iyulun 11-d\u0259 Pakistan \u0130slam Respublikas\u0131nda d\u0259v\u0259t s\u0259f\u0259rind\u0259 olmu\u015fdur. S\u0259f\u0259r m\u00fcdd\u0259tind\u0259 iki d\u00f6vl\u0259t aras\u0131nda bir s\u0131ra m\u00fch\u00fcm s\u0259n\u0259dl\u0259r imzalanm\u0131\u015fd\u0131r. \u0130slamabadda d\u00f6vl\u0259t s\u0259f\u0259ri zaman\u0131 Az\u0259rbaycan Respublikas\u0131 Prezidenti \u0130lham \u018fliyev m\u0259tbuata b\u0259yanatla \u00e7\u0131x\u0131\u015f etmi\u015fdir. Prezident \u0130lham \u018fliyev b\u0259yanat\u0131nda bildirdi ki, Pakistan, \u00f6lk\u0259mizin s\u0131x dostluq v\u0259 qarda\u015fl\u0131q \u0259laq\u0259l\u0259ri qurdu\u011fu, qar\u015f\u0131l\u0131ql\u0131 m\u00fcnasib\u0259tl\u0259ri strateji t\u0259r\u0259fda\u015fl\u0131q s\u0259viyy\u0259sin\u0259 y\u00fcks\u0259lmi\u015f \u00f6lk\u0259l\u0259rd\u0259n biridir. H\u0259r iki \u00f6lk\u0259 h\u0259m ikit\u0259r\u0259fli, h\u0259m d\u0259 \u00e7oxt\u0259r\u0259fli platformalarda bir-birin\u0259 daim d\u0259st\u0259k g\u00f6st\u0259rir v\u0259 \u0259laq\u0259l\u0259rimiz b\u00fct\u00fcn sah\u0259l\u0259rd\u0259 s\u00fcr\u0259tl\u0259 inki\u015faf edir. Pakistan Az\u0259rbaycan Respublikas\u0131n\u0131n m\u00fcst\u0259qilliyini ilk tan\u0131yan d\u00f6vl\u0259tl\u0259rd\u0259n biri olmu\u015fdur. \u0130ki \u00f6lk\u0259 aras\u0131nda&hellip;<\/p>\n","protected":false},"author":2,"featured_media":738023,"comment_status":"closed","ping_status":"closed","sticky":false,"template":"","format":"standard","meta":{"om_disable_all_campaigns":false,"_monsterinsights_skip_tracking":false,"_monsterinsights_sitenote_active":false,"_monsterinsights_sitenote_note":"","_monsterinsights_sitenote_category":0},"categories":[19],"tags":[],"aioseo_notices":[],"gutentor_comment":0,"rttpg_featured_image_url":{"full":["https:\/\/arantv.az\/wp-content\/uploads\/2024\/07\/7c5845ce172120201621197078110494985.jpg",975,540,false],"landscape":["https:\/\/arantv.az\/wp-content\/uploads\/2024\/07\/7c5845ce172120201621197078110494985.jpg",975,540,false],"portraits":["https:\/\/arantv.az\/wp-content\/uploads\/2024\/07\/7c5845ce172120201621197078110494985.jpg",975,540,false],"thumbnail":["https:\/\/arantv.az\/wp-content\/uploads\/2024\/07\/7c5845ce172120201621197078110494985-500x280.jpg",500,280,true],"medium":["https:\/\/arantv.az\/wp-content\/uploads\/2024\/07\/7c5845ce172120201621197078110494985-660x365.jpg",660,365,true],"large":["https:\/\/arantv.az\/wp-content\/uploads\/2024\/07\/7c5845ce172120201621197078110494985-840x465.jpg",640,354,true],"1536x1536":["https:\/\/arantv.az\/wp-content\/uploads\/2024\/07\/7c5845ce172120201621197078110494985.jpg",975,540,false],"2048x2048":["https:\/\/arantv.az\/wp-content\/uploads\/2024\/07\/7c5845ce172120201621197078110494985.jpg",975,540,false],"post-thumbnail":["https:\/\/arantv.az\/wp-content\/uploads\/2024\/07\/7c5845ce172120201621197078110494985-240x172.jpg",240,172,true],"advps-thumb-one":["https:\/\/arantv.az\/wp-content\/uploads\/2024\/07\/7c5845ce172120201621197078110494985.jpg",975,540,false]},"rttpg_author":{"display_name":"V\u00fcsal Rafiqo\u011flu","author_link":"https:\/\/arantv.az\/?author=2"},"rttpg_comment":0,"rttpg_category":"<a href=\"https:\/\/arantv.az\/?cat=19\" rel=\"category\">G\u00fcnd\u0259m<\/a>","rttpg_excerpt":"Az\u0259rbaycan Respublikas\u0131n\u0131n Prezidenti \u0130lham \u018fliyev iyulun 11-d\u0259 Pakistan \u0130slam Respublikas\u0131nda d\u0259v\u0259t s\u0259f\u0259rind\u0259 olmu\u015fdur. S\u0259f\u0259r m\u00fcdd\u0259tind\u0259 iki d\u00f6vl\u0259t aras\u0131nda bir s\u0131ra m\u00fch\u00fcm s\u0259n\u0259dl\u0259r imzalanm\u0131\u015fd\u0131r. \u0130slamabadda d\u00f6vl\u0259t s\u0259f\u0259ri zaman\u0131 Az\u0259rbaycan Respublikas\u0131 Prezidenti \u0130lham \u018fliyev m\u0259tbuata b\u0259yanatla \u00e7\u0131x\u0131\u015f etmi\u015fdir. Prezident \u0130lham \u018fliyev b\u0259yanat\u0131nda bildirdi ki, Pakistan, \u00f6lk\u0259mizin s\u0131x dostluq v\u0259 qarda\u015fl\u0131q \u0259laq\u0259l\u0259ri qurdu\u011fu, qar\u015f\u0131l\u0131ql\u0131 m\u00fcnasib\u0259tl\u0259ri strateji t\u0259r\u0259fda\u015fl\u0131q s\u0259viyy\u0259sin\u0259&hellip;","_links":{"self":[{"href":"https:\/\/arantv.az\/index.php?rest_route=\/wp\/v2\/posts\/738020"}],"collection":[{"href":"https:\/\/arantv.az\/index.php?rest_route=\/wp\/v2\/posts"}],"about":[{"href":"https:\/\/arantv.az\/index.php?rest_route=\/wp\/v2\/types\/post"}],"author":[{"embeddable":true,"href":"https:\/\/arantv.az\/index.php?rest_route=\/wp\/v2\/users\/2"}],"replies":[{"embeddable":true,"href":"https:\/\/arantv.az\/index.php?rest_route=%2Fwp%2Fv2%2Fcomments&post=738020"}],"version-history":[{"count":0,"href":"https:\/\/arantv.az\/index.php?rest_route=\/wp\/v2\/posts\/738020\/revisions"}],"wp:featuredmedia":[{"embeddable":true,"href":"https:\/\/arantv.az\/index.php?rest_route=\/wp\/v2\/media\/738023"}],"wp:attachment":[{"href":"https:\/\/arantv.az\/index.php?rest_route=%2Fwp%2Fv2%2Fmedia&parent=738020"}],"wp:term":[{"taxonomy":"category","embeddable":true,"href":"https:\/\/arantv.az\/index.php?rest_route=%2Fwp%2Fv2%2Fcategories&post=738020"},{"taxonomy":"post_tag","embeddable":true,"href":"https:\/\/arantv.az\/index.php?rest_route=%2Fwp%2Fv2%2Ftags&post=738020"}],"curies":[{"name":"wp","href":"https:\/\/api.w.org\/{rel}","templated":true}]}}